{"id":524125,"date":"2025-11-10T04:04:09","date_gmt":"2025-11-10T04:04:09","guid":{"rendered":"https:\/\/www.europesays.com\/fr\/524125\/"},"modified":"2025-11-10T04:04:09","modified_gmt":"2025-11-10T04:04:09","slug":"qua-fait-emilien-les-12-coups-de-midi-de-ses-8-voyages-ils-ont-une-date-de-peremption-alors","status":"publish","type":"post","link":"https:\/\/www.europesays.com\/fr\/524125\/","title":{"rendered":"Qu&rsquo;a fait Emilien (Les 12\u00a0coups de midi) de ses 8\u00a0voyages\u00a0? \u00ab\u00a0Ils ont une date de p\u00e9remption alors&#8230;\u00a0\u00bb"},"content":{"rendered":"<p>\n                            Le l\u00e9gendaire Emilien des \u00ab\u00a012\u00a0coups de midi\u00a0\u00bb n&rsquo;a pas seulement remport\u00e9 une grosse somme d&rsquo;argent de plus de 2\u00a0millions d&rsquo;euros. Il est \u00e9galement reparti avec plusieurs voyages en poche. Voici ce qu&rsquo;il en a fait&#8230;<\/p>\n<p>Invit\u00e9 par le journaliste <a href=\"https:\/\/www.journaldesfemmes.fr\/people\/personnalites\/2870799-samuel-etienne-sa-bio-sa-chaine-twitch-sa-femme-ses-fils-son-salaire\/\" title=\"Samuel Etienne\" rel=\"nofollow noopener\" target=\"_blank\">Samuel \u00c9tienne<\/a> sur ses r\u00e9seaux sociaux, \u00c9milien est revenu sur ce qu&rsquo;il avait fait des nombreux voyages remport\u00e9s au fil de ses victoires dans le jeu Les 12\u00a0Coups de midi, pr\u00e9sent\u00e9 par <a href=\"https:\/\/www.journaldesfemmes.fr\/people\/personnalites\/2717395-jean-luc-reichmann\/\" title=\"Jean-Luc Reichmann\" rel=\"nofollow noopener\" target=\"_blank\">Jean-Luc Reichmann<\/a> sur TF1.<\/p>\n<p>\u00c9milien passe son temps aux quatre coins du monde : \u00ab\u00a0C&rsquo;est trop bien\u00a0!\u00a0\u00bb<\/p>\n<p>En plus de ses 2\u00a0566\u00a0931\u00a0euros de gains, \u00c9milien est aussi reparti avec des cadeaux. Le jeune Normand de 22\u00a0ans a remport\u00e9 de nombreuses vitrines pleines de tr\u00e9sors : appareils \u00e9lectrom\u00e9nagers dernier cri, vingt-trois voitures qu&rsquo;il a en partie revendues et&#8230; une belle collection de voyages aux quatre coins du monde ! \u00ab\u00a0J&rsquo;en ai gagn\u00e9 7 ou 8 je crois\u00a0\u00bb, a-t-il confi\u00e9 \u00e0 Samuel Etienne, dans un extrait vid\u00e9o sur TikTok.<\/p>\n<p><a class=\"fancy\" href=\"https:\/\/img-3.journaldesfemmes.fr\/b_Owe3qfCjF4aCwk1gvfY-t2c38=\/1080x\/smart\/8f366d828d504ca58c563323281cc463\/ccmcms-jdf\/40053213.jpeg\" rel=\"nofollow noopener\" target=\"_blank\"><img decoding=\"async\" alt=\"\" src=\"https:\/\/www.europesays.com\/fr\/wp-content\/uploads\/2025\/11\/40053213.jpeg\"\/><\/a><\/p>\n<p>Emilien dans Les 12 coups de midi, sur TF1 \u00a9\u00a0Instagram<\/p>\n<p>Parmi les nombreux voyages qu&rsquo;il a remport\u00e9s, certains ne durent que le temps d&rsquo;un week-end, d&rsquo;autres s&rsquo;\u00e9tendent sur une semaine. \u00ab\u00a0Je suis en train de les faire avant qu&rsquo;ils ne p\u00e9riment, parce qu&rsquo;ils ont une date de p\u00e9remption\u00a0\u00bb, a-t-il expliqu\u00e9 avec humour. Avant d&rsquo;ajouter, ravi de cette situation\u00a0: \u00ab\u00a0Je ne vais pas m&rsquo;en plaindre du tout, c&rsquo;est trop bien\u00a0!\u00a0\u00bb Et pour cause, Emilien a pr\u00e9cis\u00e9 \u00eatre souvent loin de chez lui ces derniers temps\u00a0: \u00ab\u00a0C&rsquo;est pour \u00e7a que je ne suis pas \u00e9norm\u00e9ment chez moi, parce que je suis en voyage\u00a0\u00bb.<\/p>\n<p>Que va faire \u00c9milien apr\u00e8s les 12 coups de midi ? \u00ab\u00a0Je me suis laiss\u00e9 une ann\u00e9e puis&#8230;\u00a0\u00bb<\/p>\n<p>Lors de son interview avec Samuel \u00c9tienne, le grand ma\u00eetre de midi s&rsquo;est confi\u00e9 sur la suite de sa vie apr\u00e8s la folle aventure des 12\u00a0Coups de midi, une exp\u00e9rience qui a tout de m\u00eame dur\u00e9 deux ans. \u00c9milien avait alors expliqu\u00e9 qu&rsquo;il souhaitait d\u00e9sormais divertir les gens \u00e0 travers des vid\u00e9os en ligne diffus\u00e9es en direct\u00a0: \u00ab\u00a0C&rsquo;est \u00e0 voir. Je me suis pris une ann\u00e9e sabbatique car je savais que j&rsquo;avais des voyages \u00e0 faire. Et puis le stream (sur sa cha\u00eene Twitch, ndlr) me faisait envie, j&rsquo;avais envie de tester\u00a0\u00bb.<\/p>\n<p>\u00c0 l&rsquo;origine, \u00c9milien se destinait \u00e0 devenir professeur d&rsquo;histoire et poursuivait d&rsquo;ailleurs une licence universitaire dans cette voie. Mais depuis sa victoire, le jeune homme en couple avec Jessica a choisi de revoir ses plans. \u00ab\u00a0Je me suis laiss\u00e9 une ann\u00e9e pour voir si \u00e7a me plaisait. Donc c&rsquo;est \u00e0 voir comment \u00e7a se passe et on verra pour l&rsquo;ann\u00e9e prochaine\u00a0\u00bb, a-t-il r\u00e9v\u00e9l\u00e9.\u00a0<\/p>\n","protected":false},"excerpt":{"rendered":"Le l\u00e9gendaire Emilien des \u00ab\u00a012\u00a0coups de midi\u00a0\u00bb n&rsquo;a pas seulement remport\u00e9 une grosse somme d&rsquo;argent de plus de&hellip;\n","protected":false},"author":2,"featured_media":524126,"comment_status":"","ping_status":"","sticky":false,"template":"","format":"standard","meta":{"footnotes":""},"categories":[8],"tags":[3723,64408,51761,58,59,51763,1011,27,51766,51767],"class_list":{"0":"post-524125","1":"post","2":"type-post","3":"status-publish","4":"format-standard","5":"has-post-thumbnail","7":"category-divertissement","8":"tag-actus","9":"tag-cms-journaldesfemmes-3246454","10":"tag-controller-content","11":"tag-divertissement","12":"tag-entertainment","13":"tag-format-papier","14":"tag-fr","15":"tag-france","16":"tag-les-histoires-du-jdf","17":"tag-parallaxeinfeed"},"share_on_mastodon":{"url":"https:\/\/pubeurope.com\/@fr\/115523425330326022","error":""},"_links":{"self":[{"href":"https:\/\/www.europesays.com\/fr\/wp-json\/wp\/v2\/posts\/524125","targetHints":{"allow":["GET"]}}],"collection":[{"href":"https:\/\/www.europesays.com\/fr\/wp-json\/wp\/v2\/posts"}],"about":[{"href":"https:\/\/www.europesays.com\/fr\/wp-json\/wp\/v2\/types\/post"}],"author":[{"embeddable":true,"href":"https:\/\/www.europesays.com\/fr\/wp-json\/wp\/v2\/users\/2"}],"replies":[{"embeddable":true,"href":"https:\/\/www.europesays.com\/fr\/wp-json\/wp\/v2\/comments?post=524125"}],"version-history":[{"count":0,"href":"https:\/\/www.europesays.com\/fr\/wp-json\/wp\/v2\/posts\/524125\/revisions"}],"wp:featuredmedia":[{"embeddable":true,"href":"https:\/\/www.europesays.com\/fr\/wp-json\/wp\/v2\/media\/524126"}],"wp:attachment":[{"href":"https:\/\/www.europesays.com\/fr\/wp-json\/wp\/v2\/media?parent=524125"}],"wp:term":[{"taxonomy":"category","embeddable":true,"href":"https:\/\/www.europesays.com\/fr\/wp-json\/wp\/v2\/categories?post=524125"},{"taxonomy":"post_tag","embeddable":true,"href":"https:\/\/www.europesays.com\/fr\/wp-json\/wp\/v2\/tags?post=524125"}],"curies":[{"name":"wp","href":"https:\/\/api.w.org\/{rel}","templated":true}]}}