{"id":524160,"date":"2025-11-10T04:32:10","date_gmt":"2025-11-10T04:32:10","guid":{"rendered":"https:\/\/www.europesays.com\/fr\/524160\/"},"modified":"2025-11-10T04:32:10","modified_gmt":"2025-11-10T04:32:10","slug":"une-heure-sous-un-parapluie-avec-un-inconnu-a-nantes","status":"publish","type":"post","link":"https:\/\/www.europesays.com\/fr\/524160\/","title":{"rendered":"Une heure sous un parapluie avec un inconnu, \u00e0 Nantes"},"content":{"rendered":"<p>\u00c0 14\u00a0h\u00a030, samedi 8\u00a0novembre, nous \u00e9tions cent, dans les starting-blocks, post\u00e9s \u00e7\u00e0 et l\u00e0 dans la ville, \u00e0 avoir rendez-vous avec un inconnu dont nous n\u2019avions que le num\u00e9ro de portable, re\u00e7u par mail, avec l\u2019adresse du rendez-vous. Et des consignes\u00a0: <strong>\u00ab\u00a0Ne vous appelez pas. Si besoin, un SMS. \u00c0 \u00a015\u00a0h pile, vous ouvrirez le parapluie.  <\/strong>  <strong>Puis, vous marcherez jusqu\u2019au mus\u00e9e d\u2019arts en restant ensemble.\u00a0\u00bb<\/strong> <\/p>\n<p>Coquin de sort, il ne pleuvait pas. Sous notre parapluie, allions nous affronter une pluie de regards dubitatifs\u00a0? De Petit coin de parapluie contre un coin de paradis, la balade allait peut-\u00eatre se muer, sur un air de Brassens toujours, en Avec mon parapluie, j\u2019avais l\u2019air d\u2019un con .<\/p>\n<p>Mon inconnu<\/p>\n<p>Mon inconnu est arriv\u00e9 un peu en retard. Un homme, Philippe, 70\u00a0ans, spontan\u00e9ment avenant. De ces gens dont on prend le bras naturellement pour se mettre sous un parapluie. Ce qu\u2019on a fait. Mus\u00e9e d\u2019arts, expo sur la pluie, parapluie. Philippe ne savait pas grand-chose. C\u2019est son amoureuse qui les avait inscrits. En arrivant au rendez-vous, ils ont compris qu\u2019ils ne chemineraient pas ensemble. \u00c7a a fait marrer Philippe.<\/p>\n<p><strong>\u00c0 lire aussi :<\/strong> <a href=\"https:\/\/nantes.maville.com\/actu\/actudet_-en-images.-au-musee-d-arts-de-nantes-on-danse-et-on-chante-vraiment-sous-la-pluie-tout-le-week-end-_8-7055548_actu.Htm\" target=\"_blank\" rel=\"noopener\">EN IMAGES. Au mus\u00e9e d\u2019arts de Nantes, on danse et on chante vraiment \u00ab Sous la pluie \u00bb, tout le week-end<\/a><\/p>\n<p>\u00c0 15\u00a0h pile, on a ouvert le parapluie. Le tu s\u2019est d\u00e9ploy\u00e9 en m\u00eame temps que ce demi-m\u00e8tre carr\u00e9 d\u2019intimit\u00e9. Dans les pas l\u2019un de l\u2019autre qui se d\u00e9couvrent, on a papot\u00e9 et papot\u00e9 encore. De la pluie et du beau temps bien s\u00fbr, de Philippe, parti bosser \u00e0 23\u00a0ans chez Airbus \u00e0 Toulouse, revenu \u00e0 la retraite \u00e0 Nantes, o\u00f9 il a retrouv\u00e9 B\u00e9atrice, \u00e0 laquelle il contait fleurette, ado\u00a0! Il pleuvait beaucoup \u00e0 Nantes quand il \u00e9tait parti, raconte Philippe. Moins maintenant. M\u00e9t\u00e9o des sentiments\u00a0? Non, ce sacr\u00e9 r\u00e9chauffement climatique.<\/p>\n<p>Flic flac, le temps est en vrac mais de l\u00e0 \u00e0 se promener sous un p\u00e9broc, on va se moquer de nous continuait \u00e0 penser Philippe. Que nenni\u00a0! Il y a juste eu ce grand sourire amus\u00e9 d\u2019un quinquag\u00e9naire en Doc. \u00c0 croire que les gens ne se regardent plus dans les grandes villes, a gliss\u00e9 Philippe. Peut-\u00eatre est-ce nous qui ne les regardions pas\u00a0? Pourtant, pr\u00e8s du ch\u00e2teau, on a vu\u00a0cette jeune femme avec un serre-t\u00eate grenouille et on s\u2019est marr\u00e9.<\/p>\n<p>\t<img decoding=\"async\" src=\"https:\/\/www.europesays.com\/fr\/wp-content\/uploads\/2025\/11\/P35571539D7056563G_px_640_.jpg\" alt=\"photo virginie et jean-f\u00e9lix ont chemin\u00e9 sous leur ciel de fleurs jusqu\u2019au mus\u00e9e d\u2019arts. ils ont poursuivi le moment en visitant l\u2019exposition ensemble.  \u00a9  ouest-france\" width=\"640\" title=\" Virginie et Jean-F\u00e9lix ont chemin\u00e9 sous leur ciel de fleurs jusqu\u2019au mus\u00e9e d\u2019arts. Ils ont poursuivi le moment en visitant l\u2019exposition ensemble.   Ouest-France \"\/><\/p>\n<p class=\"elmt-legende\"> Virginie et Jean-F\u00e9lix ont chemin\u00e9 sous leur ciel de fleurs jusqu\u2019au mus\u00e9e d\u2019arts. Ils ont poursuivi le moment en visitant l\u2019exposition ensemble.   Ouest-France <\/p>\n<p>Entre parapluies<\/p>\n<p>Et au mus\u00e9e, on est tomb\u00e9 sur plein de copains \u00e0 p\u00e9pins. Connect\u00e9s, les parapluies causaient entre eux.\u00a0Au troisi\u00e8me parapluie crois\u00e9, Claudie et C\u00e9line ont \u00e9t\u00e9 interpell\u00e9es par un passant curieux. Ce qui fait dire \u00e0 Claudie que les gens s\u2019int\u00e9ressent quand m\u00eame \u00e0 leur ville. Catherine, 76\u00a0ans a le sourire plein soleil. Elle a eu ce petit coin de po\u00e9sie qui l\u2019a anim\u00e9e.<\/p>\n<p>Noir \u00e0 l\u2019ext\u00e9rieur, tapiss\u00e9 de roses \u00e0 l\u2019int\u00e9rieur, Virginie et Jean-F\u00e9lix ont chemin\u00e9 sous leur ciel de fleurs apr\u00e8s avoir pris un caf\u00e9 et s\u2019\u00eatre racont\u00e9 leurs vies. On les voit d\u00e9j\u00e0 en Guy et Genevi\u00e8ve des Parapluies de Cherbourg. Ils nous arr\u00eatent, leurs c\u0153urs sont pris, le reste n\u2019est que mots et imagination.<\/p>\n<p>Un mot, un texte, une \u00e9motion\u2026 C\u2019est justement ce qu\u2019attend en retour des participants, Mathieu Simonet, \u00e9crivain \u00e0 l\u2019initiative de ces Rencontres sous la pluie. Durant tout le temps de <a href=\"https:\/\/nantes.maville.com\/actu\/actudet_-au-musee-d-arts-de-nantes-l-expo-qui-fait-aimer-la-pluie-_8-7053907_actu.Htm\" target=\"_blank\" rel=\"noopener\">l\u2019exposition Sous la pluie<\/a>, il invite les visiteurs \u00e0 \u00e9crire leurs souvenirs de pluie et \u00e0 les d\u00e9poser dans un meuble d\u00e9di\u00e9. Celui qui est aussi l\u2019instigateur de la Journ\u00e9e internationale des nuages avait nagu\u00e8re demand\u00e9 \u00e0 des visiteurs qui ne se connaissaient pas, de se donner la main tout le temps de l\u2019exposition Intense proximit\u00e9, au palais de Tokyo.<\/p>\n<p>\t<img decoding=\"async\" src=\"https:\/\/www.europesays.com\/fr\/wp-content\/uploads\/2025\/11\/P35571540D7056563G_px_640_.jpg\" alt=\"photo mathieu simonet invite les visiteurs \u00e0 \u00e9crire leur souvenir de pluie et \u00e0 les d\u00e9poser dans ce meuble, dans le tiroir correspondant \u00e0 leur \u00e2ge.  \u00a9  ouest-france\" width=\"640\" title=\" Mathieu Simonet invite les visiteurs \u00e0 \u00e9crire leur souvenir de pluie et \u00e0 les d\u00e9poser dans ce meuble, dans le tiroir correspondant \u00e0 leur \u00e2ge.   Ouest-France \"\/><\/p>\n<p class=\"elmt-legende\"> Mathieu Simonet invite les visiteurs \u00e0 \u00e9crire leur souvenir de pluie et \u00e0 les d\u00e9poser dans ce meuble, dans le tiroir correspondant \u00e0 leur \u00e2ge.   Ouest-France <\/p>\n<p><strong>Jusqu\u2019au 1er\u00a0mars 2026,<\/strong> au mus\u00e9e d\u2019arts, 10, rue Georges-Clemenceau, \u00e0 Nantes.<\/p>\n<p>\u00a0<\/p>\n","protected":false},"excerpt":{"rendered":"\u00c0 14\u00a0h\u00a030, samedi 8\u00a0novembre, nous \u00e9tions cent, dans les starting-blocks, post\u00e9s \u00e7\u00e0 et l\u00e0 dans la ville, \u00e0&hellip;\n","protected":false},"author":2,"featured_media":524161,"comment_status":"","ping_status":"","sticky":false,"template":"","format":"standard","meta":{"footnotes":""},"categories":[2818],"tags":[1111,11,1777,674,1011,27,3838,64410,766,12,48075,2636,25],"class_list":{"0":"post-524160","1":"post","2":"type-post","3":"status-publish","4":"format-standard","5":"has-post-thumbnail","7":"category-nantes","8":"tag-actu","9":"tag-actualites","10":"tag-eu","11":"tag-europe","12":"tag-fr","13":"tag-france","14":"tag-heure","15":"tag-inconnu","16":"tag-nantes","17":"tag-news","18":"tag-parapluie","19":"tag-pays-de-la-loire","20":"tag-republique-francaise"},"share_on_mastodon":{"url":"https:\/\/pubeurope.com\/@fr\/115523535402825590","error":""},"_links":{"self":[{"href":"https:\/\/www.europesays.com\/fr\/wp-json\/wp\/v2\/posts\/524160","targetHints":{"allow":["GET"]}}],"collection":[{"href":"https:\/\/www.europesays.com\/fr\/wp-json\/wp\/v2\/posts"}],"about":[{"href":"https:\/\/www.europesays.com\/fr\/wp-json\/wp\/v2\/types\/post"}],"author":[{"embeddable":true,"href":"https:\/\/www.europesays.com\/fr\/wp-json\/wp\/v2\/users\/2"}],"replies":[{"embeddable":true,"href":"https:\/\/www.europesays.com\/fr\/wp-json\/wp\/v2\/comments?post=524160"}],"version-history":[{"count":0,"href":"https:\/\/www.europesays.com\/fr\/wp-json\/wp\/v2\/posts\/524160\/revisions"}],"wp:featuredmedia":[{"embeddable":true,"href":"https:\/\/www.europesays.com\/fr\/wp-json\/wp\/v2\/media\/524161"}],"wp:attachment":[{"href":"https:\/\/www.europesays.com\/fr\/wp-json\/wp\/v2\/media?parent=524160"}],"wp:term":[{"taxonomy":"category","embeddable":true,"href":"https:\/\/www.europesays.com\/fr\/wp-json\/wp\/v2\/categories?post=524160"},{"taxonomy":"post_tag","embeddable":true,"href":"https:\/\/www.europesays.com\/fr\/wp-json\/wp\/v2\/tags?post=524160"}],"curies":[{"name":"wp","href":"https:\/\/api.w.org\/{rel}","templated":true}]}}