{"id":524174,"date":"2025-11-10T04:42:11","date_gmt":"2025-11-10T04:42:11","guid":{"rendered":"https:\/\/www.europesays.com\/fr\/524174\/"},"modified":"2025-11-10T04:42:11","modified_gmt":"2025-11-10T04:42:11","slug":"la-soiree-devant-un-bar-termine-en-meurtre-un-client-refoule-poignarde-le-portier","status":"publish","type":"post","link":"https:\/\/www.europesays.com\/fr\/524174\/","title":{"rendered":"la soir\u00e9e devant un bar termine en meurtre, un client refoul\u00e9 poignarde le portier"},"content":{"rendered":"<p>            Par<br \/>\n        <strong><br \/>\n            <a href=\"https:\/\/actu.fr\/auteur\/redaction-marseille\" title=\"Consulter tous les articles de R\u00e9daction Marseille\" target=\"_blank\" rel=\"noopener\">R\u00e9daction Marseille<\/a><br \/>\n        <\/strong><\/p>\n<p>        Publi\u00e9 le<\/p>\n<p>            9 nov. 2025 \u00e0 11h43        <\/p>\n<p>Le portier d\u2019un \u00e9tablissement de nuit du <a href=\"https:\/\/actu.fr\/tag\/vieux-port\" target=\"_blank\" rel=\"noopener\">Vieux-Port<\/a> de <a href=\"https:\/\/actu.fr\/provence-alpes-cote-d-azur\/marseille_13055\" target=\"_blank\" rel=\"noopener\">Marseille<\/a> est mort des suites d\u2019un coup de couteau ass\u00e9n\u00e9 par un client \u00e0 qui il avait refus\u00e9 l\u2019entr\u00e9e, a-t-on appris dimanche de sources concordantes.<\/p>\n<p>Devant un pub irlandais<\/p>\n<p class=\" wall-content\">Les faits se sont produits vers 1h du matin dans la nuit de samedi \u00e0 dimanche, selon une source polici\u00e8re, confirmant une information de <a href=\"https:\/\/www.laprovence.com\/article\/faits-divers-justice\/3682634201975314\/marseille-un-mort-et-un-blesse-a-larme-blanche-dans-une-altercation-devant-un-bar-du-quartier-de-lopera\" target=\"_blank\" rel=\"noopener\">La Provence<\/a>.<\/p>\n<p class=\" wall-content\">Un homme a port\u00e9 un coup de couteau au thorax du portier, au 7 rue de la Paix-Marcel Pauldevant (1er arrondissement) <strong>un pub irlandais du Vieux-Port<\/strong> de Marseille, selon une source proche de l\u2019enqu\u00eate.<\/p>\n<p>    <a href=\"https:\/\/www.google.com\/maps\/embed?pb=!1m18!1m12!1m3!1d37577.34865793614!2d5.363442676571042!3d43.2896834998774!2m3!1f0!2f0!3f0!3m2!1i1024!2i768!4f13.1!3m3!1m2!1s0x12c9c0c77c9edf77%3A0x928bdadaacecda18!2s7%20Rue%20de%20la%20Paix%20Marcel%20Paul%2C%2013001%20Marseille!5e1!3m2!1sfr!2sfr!4v1762684562651!5m2!1sfr!2sfr\" title=\"Ouvrie le lien\" target=\"_blank\" rel=\"noopener\">Cliquez ici pour visualiser le contenu<\/a><\/p>\n<p>Le suspect connu de la police<\/p>\n<p class=\" wall-content\">La victime, \u00e2g\u00e9e de 48 ans, n\u2019a pas pu \u00eatre ranim\u00e9e malgr\u00e9 l\u2019intervention des secours, et est d\u00e9c\u00e9d\u00e9e sur place, selon la police.<\/p>\n<p class=\" wall-content\">Le suspect, 43 ans et connu des services de police, a \u00e9t\u00e9 pris \u00e0 partie par des clients du bar, selon la m\u00eame source, et interpell\u00e9. Il a \u00e9t\u00e9 plac\u00e9 en garde \u00e0 vue.<\/p>\n<p class=\" wall-content\">La division de la criminalit\u00e9 territoriale (DCT) a \u00e9t\u00e9 saisie.<\/p>\n<p class=\" wall-content\"><strong>AFP<\/strong><\/p>\n<p class=\" wall-content\">Personnalisez votre actualit\u00e9 en ajoutant vos villes et m\u00e9dias en favori avec <a href=\"https:\/\/moncompte.actu.fr\" title=\"D\u00e9couvez Mon Actu\" rel=\"nofollow noopener\" data-trk=\"{&quot;cta&quot;:{&quot;action&quot;:&quot;https:\\\/\\\/moncompte.actu.fr&quot;,&quot;category&quot;:&quot;mon compte&quot;,&quot;from&quot;:&quot;article footer&quot;,&quot;name&quot;:&quot;Mon actu&quot;,&quot;type&quot;:&quot;cta&quot;}}\" target=\"_blank\">Mon Actu<\/a>.<\/p>\n","protected":false},"excerpt":{"rendered":"Par R\u00e9daction Marseille Publi\u00e9 le 9 nov. 2025 \u00e0 11h43 Le portier d\u2019un \u00e9tablissement de nuit du Vieux-Port&hellip;\n","protected":false},"author":2,"featured_media":524175,"comment_status":"","ping_status":"","sticky":false,"template":"","format":"standard","meta":{"footnotes":""},"categories":[2814],"tags":[1111,11,1777,674,118,1011,27,884,777,12,1072,882,25,1179],"class_list":{"0":"post-524174","1":"post","2":"type-post","3":"status-publish","4":"format-standard","5":"has-post-thumbnail","7":"category-marseille","8":"tag-actu","9":"tag-actualites","10":"tag-eu","11":"tag-europe","12":"tag-faits-divers","13":"tag-fr","14":"tag-france","15":"tag-marseille","16":"tag-meurtre","17":"tag-news","18":"tag-police","19":"tag-provence-alpes-cote-dazur","20":"tag-republique-francaise","21":"tag-vieux-port"},"share_on_mastodon":{"url":"https:\/\/pubeurope.com\/@fr\/115523573809600832","error":""},"_links":{"self":[{"href":"https:\/\/www.europesays.com\/fr\/wp-json\/wp\/v2\/posts\/524174","targetHints":{"allow":["GET"]}}],"collection":[{"href":"https:\/\/www.europesays.com\/fr\/wp-json\/wp\/v2\/posts"}],"about":[{"href":"https:\/\/www.europesays.com\/fr\/wp-json\/wp\/v2\/types\/post"}],"author":[{"embeddable":true,"href":"https:\/\/www.europesays.com\/fr\/wp-json\/wp\/v2\/users\/2"}],"replies":[{"embeddable":true,"href":"https:\/\/www.europesays.com\/fr\/wp-json\/wp\/v2\/comments?post=524174"}],"version-history":[{"count":0,"href":"https:\/\/www.europesays.com\/fr\/wp-json\/wp\/v2\/posts\/524174\/revisions"}],"wp:featuredmedia":[{"embeddable":true,"href":"https:\/\/www.europesays.com\/fr\/wp-json\/wp\/v2\/media\/524175"}],"wp:attachment":[{"href":"https:\/\/www.europesays.com\/fr\/wp-json\/wp\/v2\/media?parent=524174"}],"wp:term":[{"taxonomy":"category","embeddable":true,"href":"https:\/\/www.europesays.com\/fr\/wp-json\/wp\/v2\/categories?post=524174"},{"taxonomy":"post_tag","embeddable":true,"href":"https:\/\/www.europesays.com\/fr\/wp-json\/wp\/v2\/tags?post=524174"}],"curies":[{"name":"wp","href":"https:\/\/api.w.org\/{rel}","templated":true}]}}