{"id":524186,"date":"2025-11-10T04:50:13","date_gmt":"2025-11-10T04:50:13","guid":{"rendered":"https:\/\/www.europesays.com\/fr\/524186\/"},"modified":"2025-11-10T04:50:13","modified_gmt":"2025-11-10T04:50:13","slug":"98-de-nos-produits-certifies-cradle-to-cradle-certified-argent","status":"publish","type":"post","link":"https:\/\/www.europesays.com\/fr\/524186\/","title":{"rendered":"98 % de nos produits certifi\u00e9s Cradle to Cradle Certified\u00ae Argent"},"content":{"rendered":"<p>&#13;<br \/>\n\tChez Rockpanel, la durabilit\u00e9 ne se limite pas \u00e0 un objectif : c\u2019est une r\u00e9alit\u00e9 mesurable.<\/p>\n<p>&#13;<br \/>\n\tCette certification Cradle to Cradle Certified\u00ae niveau Argent confirme notre engagement \u00e0 proposer des fa\u00e7ades \u00e0 la fois s\u00fbres, responsables et respectueuses de l\u2019environnement.<\/p>\n<p>&#13;<br \/>\n\tUne \u00e9valuation globale et transparente<\/p>\n<p>&#13;<br \/>\n\tLe programme <strong>Cradle to Cradle Certified\u00ae<\/strong> analyse les produits selon cinq cat\u00e9gories cl\u00e9s :\u00a0<\/p>\n<ul>&#13;<\/p>\n<li>&#13;<br \/>\n\t\t<strong>Sant\u00e9 des mat\u00e9riaux<\/strong> : garantir que chaque composant est s\u00fbr pour les personnes et l\u2019environnement.<\/li>\n<p>&#13;<\/p>\n<li>&#13;<br \/>\n\t\t<strong>Circularit\u00e9 du produit<\/strong> : concevoir pour le r\u00e9emploi, la r\u00e9utilisation et le recyclage.<\/li>\n<p>&#13;<\/p>\n<li>&#13;<br \/>\n\t\t<strong>Qualit\u00e9 de l\u2019air et protection du climat<\/strong> : r\u00e9duire les \u00e9missions et promouvoir l\u2019efficacit\u00e9 \u00e9nerg\u00e9tique.<\/li>\n<p>&#13;<\/p>\n<li>&#13;<br \/>\n\t\t<strong>Gestion de l\u2019eau et des sols<\/strong> : assurer un usage responsable et un traitement respectueux des ressources naturelles.<\/li>\n<p>&#13;<\/p>\n<li>&#13;<br \/>\n\t\t<strong>\u00c9quit\u00e9 sociale<\/strong> : veiller \u00e0 des conditions de travail \u00e9quitables et \u00e0 un impact social positif.<\/li>\n<p>&#13;\n<\/ul>\n<p>&#13;<br \/>\n\tCes crit\u00e8res font du label Cradle to Cradle l\u2019un des standards les plus complets en mati\u00e8re de durabilit\u00e9 des produits de construction.<\/p>\n<p>&#13;<br \/>\n\tUne production durable et circulaire<\/p>\n<p>&#13;<br \/>\n\tRockpanel utilise <strong>100 % d\u2019\u00e9lectricit\u00e9 issue de sources renouvelables<\/strong> et met en \u0153uvre un syst\u00e8me de <strong>r\u00e9utilisation de l\u2019eau<\/strong> dans le processus de production.<\/p>\n<p>&#13;<br \/>\n\t\u00a0<\/p>\n<p>&#13;<br \/>\n\tNos panneaux, fabriqu\u00e9s \u00e0 partir de <strong>roche basaltique<\/strong>, une ressource naturellement abondante, se distinguent par leur robustesse, leur stabilit\u00e9 et leur recyclabilit\u00e9.<\/p>\n<p>&#13;<br \/>\n\t\u00a0<\/p>\n<p>&#13;<br \/>\n\t<strong>Recycler gr\u00e2ce \u00e0 Rockcycle\u00ae<\/strong><\/p>\n<p>&#13;<br \/>\n\t\u00a0<\/p>\n<p>&#13;<br \/>\n\tL\u2019\u00e9conomie circulaire fait partie int\u00e9grante de notre d\u00e9marche. Plus de <strong>70 % du march\u00e9 europ\u00e9en<\/strong> est d\u00e9j\u00e0 couvert par notre programme <strong>Rockcycle\u00ae<\/strong>, qui permet la collecte, le tri et le recyclage des panneaux de fa\u00e7ade usag\u00e9s ou des chutes de production.<\/p>\n<p>&#13;<br \/>\n\tCes mat\u00e9riaux sont ensuite r\u00e9int\u00e9gr\u00e9s dans de nouveaux cycles de fabrication, r\u00e9duisant ainsi la consommation de ressources vierges et les d\u00e9chets de chantier.<\/p>\n<p>&#13;<br \/>\n\t\u00a0<\/p>\n<p>&#13;<br \/>\n\t<strong>Con\u00e7us pour durer<\/strong><\/p>\n<p>&#13;<br \/>\n\t\u00a0<\/p>\n<p>&#13;<br \/>\n\tNos produits sont <strong>pens\u00e9s pour \u00eatre d\u00e9mont\u00e9s, r\u00e9utilis\u00e9s ou recycl\u00e9s<\/strong>, contribuant \u00e0 la r\u00e9duction de l\u2019empreinte environnementale des b\u00e2timents. Cette philosophie de conception s\u2019inscrit pleinement dans les r\u00e9f\u00e9rentiels de construction durable tels que<strong> LEED <\/strong>ou <strong>DGNB<\/strong>, o\u00f9 les produits certifi\u00e9s Cradle to Cradle apportent une r\u00e9elle valeur ajout\u00e9e aux projets.<\/p>\n<p>&#13;<br \/>\n\t\u00a0<\/p>\n<p>&#13;<br \/>\n\t<strong>Responsabilit\u00e9 sociale et transparence<\/strong><\/p>\n<p>&#13;<br \/>\n\t\u00a0<\/p>\n<p>&#13;<br \/>\n\tNotre engagement s\u2019\u00e9tend aussi \u00e0 notre cha\u00eene d\u2019approvisionnement. Rockpanel applique un <strong>code de conduite fournisseur strict<\/strong>, encourageant des pratiques \u00e9thiques et durables \u00e0 chaque \u00e9tape de la production.<\/p>\n<p>&#13;<br \/>\n\tNous participons \u00e9galement \u00e0 des <strong>initiatives \u00e0 impact social positif<\/strong>, soutenant les communaut\u00e9s locales et promouvant un environnement de travail s\u00fbr et \u00e9quitable.<\/p>\n<p>&#13;<br \/>\n\t\u00a0<\/p>\n<p>&#13;<br \/>\n\t<strong>Une d\u00e9marche d\u2019am\u00e9lioration continue<\/strong><\/p>\n<p>&#13;<br \/>\n\t\u00a0<\/p>\n<p>&#13;<br \/>\n\tAtteindre la certification Cradle to Cradle Certified\u00ae Argent n\u2019est pas une fin : c\u2019est une <strong>\u00e9tape dans notre progression vers des produits encore plus responsables<\/strong>.<\/p>\n<p>&#13;<br \/>\n\tNous poursuivons nos efforts vers des niveaux de certification sup\u00e9rieurs, en optimisant la circularit\u00e9, la transparence et l\u2019efficacit\u00e9 de nos processus.<\/p>\n<p>&#13;<br \/>\n\tCette dynamique d\u2019am\u00e9lioration continue refl\u00e8te notre ambition : concevoir des fa\u00e7ades qui inspirent la cr\u00e9ativit\u00e9 des architectes tout en prot\u00e9geant notre plan\u00e8te.<\/p>\n<p>&#13;<br \/>\n\t\u00a0<\/p>\n<p>&#13;<br \/>\n\t\u00a0<\/p>\n<p>&#13;<br \/>\n\tContenu propos\u00e9 par Rockpanel<\/p>\n","protected":false},"excerpt":{"rendered":"&#13; Chez Rockpanel, la durabilit\u00e9 ne se limite pas \u00e0 un objectif : c\u2019est une r\u00e9alit\u00e9 mesurable. &#13;&hellip;\n","protected":false},"author":2,"featured_media":524187,"comment_status":"","ping_status":"","sticky":false,"template":"","format":"standard","meta":{"footnotes":""},"categories":[1888],"tags":[11,1386,1777,674,1011,27,12,626,23706,25,64411,64412],"class_list":{"0":"post-524186","1":"post","2":"type-post","3":"status-publish","4":"format-standard","5":"has-post-thumbnail","7":"category-paris","8":"tag-actualites","9":"tag-design","10":"tag-eu","11":"tag-europe","12":"tag-fr","13":"tag-france","14":"tag-news","15":"tag-paris","16":"tag-publi-redactionnel","17":"tag-republique-francaise","18":"tag-rockpanel","19":"tag-vos-fau00e7ades-ventilu00e9e-avec-la-force-de-la-roche-inu00e9puisable"},"share_on_mastodon":{"url":"https:\/\/pubeurope.com\/@fr\/115523605240133690","error":""},"_links":{"self":[{"href":"https:\/\/www.europesays.com\/fr\/wp-json\/wp\/v2\/posts\/524186","targetHints":{"allow":["GET"]}}],"collection":[{"href":"https:\/\/www.europesays.com\/fr\/wp-json\/wp\/v2\/posts"}],"about":[{"href":"https:\/\/www.europesays.com\/fr\/wp-json\/wp\/v2\/types\/post"}],"author":[{"embeddable":true,"href":"https:\/\/www.europesays.com\/fr\/wp-json\/wp\/v2\/users\/2"}],"replies":[{"embeddable":true,"href":"https:\/\/www.europesays.com\/fr\/wp-json\/wp\/v2\/comments?post=524186"}],"version-history":[{"count":0,"href":"https:\/\/www.europesays.com\/fr\/wp-json\/wp\/v2\/posts\/524186\/revisions"}],"wp:featuredmedia":[{"embeddable":true,"href":"https:\/\/www.europesays.com\/fr\/wp-json\/wp\/v2\/media\/524187"}],"wp:attachment":[{"href":"https:\/\/www.europesays.com\/fr\/wp-json\/wp\/v2\/media?parent=524186"}],"wp:term":[{"taxonomy":"category","embeddable":true,"href":"https:\/\/www.europesays.com\/fr\/wp-json\/wp\/v2\/categories?post=524186"},{"taxonomy":"post_tag","embeddable":true,"href":"https:\/\/www.europesays.com\/fr\/wp-json\/wp\/v2\/tags?post=524186"}],"curies":[{"name":"wp","href":"https:\/\/api.w.org\/{rel}","templated":true}]}}