{"id":524189,"date":"2025-11-10T04:52:13","date_gmt":"2025-11-10T04:52:13","guid":{"rendered":"https:\/\/www.europesays.com\/fr\/524189\/"},"modified":"2025-11-10T04:52:13","modified_gmt":"2025-11-10T04:52:13","slug":"je-ne-tire-pas-sur-des-compatriotes-mais-sur-des-violeurs-et-des-assassins-lexpress","status":"publish","type":"post","link":"https:\/\/www.europesays.com\/fr\/524189\/","title":{"rendered":"\u00ab\u00a0Je ne tire pas sur des compatriotes, mais sur des violeurs et des assassins\u00a0\u00bb \u2013 L&rsquo;Express"},"content":{"rendered":"<p class=\"paragraph article-body-paragraph article__item   article-body-paragraph--first \">Ils s\u2019appellent Sofia, Viktor, Lena et Pavel. Ou plut\u00f4t, nous les appellerons ainsi. Sofia travaille avec <a href=\"https:\/\/www.lexpress.fr\/monde\/europe\/russie-la-liquidation-de-l-ong-memorial-un-nouveau-coup-dur-pour-la-societe-civile_2165121.html\" target=\"_self\" rel=\"nofollow noopener\" title=\"https:\/\/www.lexpress.fr\/monde\/europe\/russie-la-liquidation-de-l-ong-memorial-un-nouveau-coup-dur-pour-la-societe-civile_2165121.html\">l\u2019association M\u00e9morial, interdite en Russie<\/a>. Viktor, employ\u00e9 sur une base militaire, fait passer des informations \u00e0 l\u2019arm\u00e9e ukrainienne. Lena combat dans les rangs d\u2019une unit\u00e9 de volontaires russes int\u00e9gr\u00e9e aux forces arm\u00e9es de Kiev. Pavel aide les r\u00e9fugi\u00e9s des r\u00e9gions russes touch\u00e9es par la guerre, et en profite pour distiller des messages pacifistes.<\/p>\n<p class=\"paragraph article-body-paragraph article__item   \">Les contacter nous a pris plusieurs mois. Les conversations ont eu lieu par la messagerie crypt\u00e9e Signal, plut\u00f4t que Telegram, soup\u00e7onn\u00e9e d\u2019\u00eatre infiltr\u00e9e par le FSB. Deux d\u2019entre eux ont pr\u00e9f\u00e9r\u00e9 garder \u00e9teinte leur cam\u00e9ra au moment de t\u00e9moigner. Tous ont relu, avant publication, leurs interviews, pour s\u2019assurer qu\u2019il n\u2019y restait aucune information risquant de les identifier formellement. Le risque qu\u2019ils ont pris, en nous parlant, est consid\u00e9rable tant, depuis le d\u00e9but de <a href=\"https:\/\/www.lexpress.fr\/monde\/europe\/l-ukraine-hesite-entre-est-et-ouest_1302698.html\" target=\"_self\" rel=\"nofollow noopener\" title=\"https:\/\/www.lexpress.fr\/monde\/europe\/l-ukraine-hesite-entre-est-et-ouest_1302698.html\">l\u2019invasion de l\u2019Ukraine<\/a>, la r\u00e9pression est omnipr\u00e9sente<b> <\/b>en Russie. <\/p>\n<p class=\"paragraph article-body-paragraph article__item   \"><b>&gt;&gt; <\/b><a href=\"https:\/\/lexpress.fr\/monde\/europe\/sofia-opposante-clandestine-a-vladimir-poutine-si-tout-le-monde-sen-va-qui-va-agir-ici-4SD37IACLRHAVDDRN2HTTYLG4E\/\" target=\"_self\" rel=\"nofollow noopener\" title=\"https:\/\/lexpress.fr\/monde\/europe\/sofia-opposante-clandestine-a-vladimir-poutine-si-tout-le-monde-sen-va-qui-va-agir-ici-4SD37IACLRHAVDDRN2HTTYLG4E\/\"><b>Le t\u00e9moignage de Sofia, opposante clandestine \u00e0 Vladimir Poutine : \u00ab\u00a0Si tout le monde s\u2019en va, qui va agir ici ?\u00a0\u00bb<\/b><\/a><\/p>\n<p class=\"paragraph article-body-paragraph article__item   \"><b>&gt;&gt; <\/b><a href=\"https:\/\/lexpress.fr\/monde\/si-je-suis-arrete-je-mourrai-en-prison-le-temoignage-glacant-de-viktor-espion-dans-une-base-russe-YBFGOQ2F2ZFE7BWVDOBRSV2C2U\/\" target=\"_self\" rel=\"nofollow noopener\" title=\"https:\/\/lexpress.fr\/monde\/si-je-suis-arrete-je-mourrai-en-prison-le-temoignage-glacant-de-viktor-espion-dans-une-base-russe-YBFGOQ2F2ZFE7BWVDOBRSV2C2U\/\"><b>Le t\u00e9moignage gla\u00e7ant de Viktor, espion dans une base russe : \u00ab\u00a0Si je suis arr\u00eat\u00e9, je mourrai en prison\u00a0\u00bb<\/b><\/a><\/p>\n<p class=\"paragraph article-body-paragraph article__item   \">De longs cheveux blonds travers\u00e9s d\u2019une m\u00e8che teinte en violet, les traits creus\u00e9s. \u00ab\u00a0Zirka\u00a0\u00bb, son nom de guerre, signifie \u00ab\u00a0\u00e9toile\u00a0\u00bb en ukrainien. Mais elle est bel et bien russe, engag\u00e9e comme aide-soignante dans la l\u00e9gion \u00ab\u00a0Libert\u00e9 de la Russie\u00a0\u00bb, une unit\u00e9 form\u00e9e de volontaires russes qui combat aux c\u00f4t\u00e9s des forces de Kiev. Parfaitement francophone, elle vivait \u00e0 Paris quand la guerre a \u00e9clat\u00e9. Deux ans plus tard, apr\u00e8s un long cheminement personnel et un recrutement exigeant, la voil\u00e0 sur le front.<\/p>\n<p class=\"paragraph article-body-paragraph article__item   \">\u00ab\u00a0J\u2019ai fait mes \u00e9tudes sup\u00e9rieures \u00e0 Paris et j\u2019y suis devenue brodeuse d\u2019art. Je travaillais pour des maisons de haute couture et je voulais cr\u00e9er mon propre atelier. Souvent, je travaillais avec des coll\u00e8gues ukrainiens. Le matin du 24 f\u00e9vrier, j\u2019ai vu les nouvelles, les messages des amis, de la famille \u00e9loign\u00e9e en Ukraine, qui m\u2019\u00e9crivaient &lsquo;C\u2019est la guerre, on est bombard\u00e9s&rsquo;. Je n\u2019y croyais pas. Qui va attaquer un pays moderne, europ\u00e9en, pour rien du tout ?<\/p>\n<p>\u201cUne seule personne m\u2019a soutenue sur mes milliers de followers\u201d<\/p>\n<p class=\"paragraph article-body-paragraph article__item   \">Mais le pire, c\u2019\u00e9tait la r\u00e9action des Russes. Le rejet massif de la r\u00e9alit\u00e9, du fait que la Russie \u00e9tait en train d\u2019attaquer l\u2019Ukraine, tous ces gens qui disaient &lsquo;C\u2019est faux, ce sont des vid\u00e9os truqu\u00e9es&rsquo; ou qui disaient que les Ukrainiens \u00e9taient responsables de tout ce qui se passait. C\u2019\u00e9tait dingue. Pour moi, c\u2019\u00e9tait m\u00eame plus choquant que de voir les villes ukrainiennes bombard\u00e9es. Et cette vague de fascisme russe, de &lsquo;ruscisme&rsquo;, a commenc\u00e9, du jour au lendemain, \u00e0 engloutir la plupart de mes connaissances. J\u2019\u00e9tais boulevers\u00e9e. Je parlais de la guerre \u00e0 tout le monde, tout le temps. A l\u2019\u00e9poque, on croyait que c\u2019\u00e9tait possible d\u2019expliquer la situation aux Russes, qu\u2019ils allaient se soulever et arr\u00eater Poutine. Quand j\u2019y repense, je trouve \u00e7a dr\u00f4le et triste en m\u00eame temps. J\u2019ai montr\u00e9 sur les r\u00e9seaux sociaux mon passeport russe, j\u2019ai dit que j\u2019avais visit\u00e9 l\u2019Ukraine, que je n\u2019avais jamais eu de probl\u00e8me, que les russophones ukrainiens n\u2019\u00e9taient pas opprim\u00e9s ou malheureux. Parmi toutes mes connaissances, une personne m\u2019a \u00e9crit pour me soutenir. Une seule, sur les milliers de followers que j\u2019avais. Par contre, j\u2019ai re\u00e7u beaucoup d\u2019insultes.<\/p>\n<\/p>\n<p class=\"paragraph article-body-paragraph article__item   \">Tr\u00e8s vite, j\u2019ai eu envie de partir combattre en Ukraine. Je suis une personne qui pr\u00e9f\u00e8re agir qu\u2019attendre. J\u2019ai z\u00e9ro patience, je m\u2019\u00e9panouis dans l\u2019action. Mais en m\u00eame temps, j\u2019avais 38 ans. Je suis une femme, pas tr\u00e8s sportive. Je n\u2019avais aucune exp\u00e9rience militaire. Je pensais que je serais compl\u00e8tement inutile. Je me disais : il leur faut des tireurs, des \u00e9lectriciens, des m\u00e9decins\u2026 mais pas moi, avec mon fil et mes aiguilles. Une coll\u00e8gue ukrainienne, qui habitait \u00e0 Kiev, m\u2019a alors confi\u00e9 ses enfants \u00e0 Paris, une fille de 15 ans et deux petits de 6 et 8 ans, pendant que son mari \u00e9tait au front. \u00c7a m\u2019a apais\u00e9e, je me sentais utile. Et puis la guerre s\u2019est install\u00e9e et les gens, \u00e0 Kiev, ont appris \u00e0 vivre avec.<\/p>\n<p>\u201cJ\u2019ai pris six mois pour m\u2019entra\u00eener\u201d<\/p>\n<p class=\"paragraph article-body-paragraph article__item   \">Les enfants sont rentr\u00e9s chez eux. De nouveau, j\u2019ai eu envie de partir. J\u2019ai r\u00e9dig\u00e9 une liste recensant tout ce que je pouvais faire d\u2019utile et, en f\u00e9vrier 2023, j\u2019ai \u00e9crit \u00e0 l\u2019arm\u00e9e ukrainienne. Ils m\u2019ont r\u00e9pondu qu\u2019ils n\u2019\u00e9taient pas int\u00e9ress\u00e9s par mon passeport russe, mais ils m\u2019ont parl\u00e9 de la l\u00e9gion \u00ab\u00a0Libert\u00e9 de la Russie\u00a0\u00bb. C\u2019\u00e9tait en concordance avec ce que je veux, une Russie paisible, une Russie o\u00f9 les gens vivent bien, parce que les gens qui vivent bien n\u2019attaquent pas d\u2019autres pays. J\u2019avais peur de ne pas \u00eatre accept\u00e9e, alors j\u2019ai d\u00e9cid\u00e9 de me pr\u00e9parer. <\/p>\n<p class=\"paragraph article-body-paragraph article__item   \">J\u2019ai pris six mois pour m\u2019entra\u00eener, j\u2019ai appris les premiers secours avec les sapeurs-pompiers fran\u00e7ais, je suis partie aux Etats-Unis, j\u2019ai appris \u00e0 piloter des drones et, finalement, j\u2019ai envoy\u00e9 ma candidature. Six mois plus tard, j\u2019ai rejoint la l\u00e9gion, en tant qu&rsquo;aide-soignante militaire. C\u2019est un processus tr\u00e8s long pour \u00e9viter que la l\u00e9gion ne se fasse infiltrer par des agents du FSB. Nous sommes d\u00e9sign\u00e9s comme une organisation terroriste en Russie. On nous consid\u00e8re comme des tra\u00eetres. Mais c\u2019est notre pays qui nous a trahis.<\/p>\n<p><strong class=\"article-body-link-list__item text-gray-800 article-body-link-list__item--one-item\">LIRE AUSSI : <a class=\"article-body-link-list__item-link\" href=\"https:\/\/www.lexpress.fr\/monde\/europe\/exclusif-vladislav-sourkov-le-vrai-mage-du-kremlin-la-russie-setendra-dans-toutes-les-directions-PU4FYE4TZBET7GJIXHXIEPJN7A\/\" rel=\"nofollow noopener\" target=\"_blank\">EXCLUSIF. Vladislav Sourkov, le vrai mage du Kremlin : \u00ab\u00a0La guerre en Ukraine permettra de s\u00e9parer les brebis et les boucs\u00a0\u00bb<\/a><\/strong><\/p>\n<p class=\"paragraph article-body-paragraph article__item   \">\u00c7a ne me d\u00e9range pas de tirer sur des Russes [NDLR : sur le front ukrainien, les aide-soignants peuvent \u00eatre arm\u00e9s]. Ce n\u2019est pas une question de nationalit\u00e9, c\u2019est une question de choix individuel. Si quelqu\u2019un tire sur votre enfant, vous allez lui tirer dessus. Les voleurs, les tueurs, les malfaiteurs, on les met en prison. C\u2019est la m\u00eame chose. Je ne tire pas sur des compatriotes, mais sur des voleurs, des assassins de gens sans d\u00e9fense, des violeurs d\u2019enfants. Je discute souvent avec des prisonniers russes. Ils disent toujours &lsquo;on n\u2019avait pas le choix&rsquo;. Mais on a toujours le choix. Ils pouvaient s\u2019enfuir du bus qui les emmenait \u00e0 la caserne, personne ne les aurait rattrap\u00e9s. Ils pouvaient partir \u00e0 l\u2019\u00e9tranger, ils pouvaient refuser de servir, ils pouvaient choisir d\u2019aller en prison. Ils sont rest\u00e9s dans leur bus comme des moutons, c\u2019est leur choix. Et puis il y a l\u2019argent. Les militaires russes sont tr\u00e8s bien pay\u00e9s, ils sont tr\u00e8s nombreux \u00e0 n\u2019\u00eatre l\u00e0 que pour \u00e7a.<\/p>\n<p><strong class=\"article-body-link-list__item text-gray-800 article-body-link-list__item--one-item\">LIRE AUSSI : <a class=\"article-body-link-list__item-link\" href=\"https:\/\/www.lexpress.fr\/idees-et-debats\/je-nai-pas-realise-que-cetait-poutine-qui-membrassait-les-confidences-de-lex-cheffe-du-bureau-de-cnn-HTWWOKA2WRH5TG2LIAHFRP6Z6Y\/\" rel=\"nofollow noopener\" target=\"_blank\">\u00ab\u00a0Vladimir Poutine est de plus en plus seul\u2026\u00a0\u00bb : les confidences de l\u2019ex-cheffe du bureau de CNN \u00e0 Moscou<\/a><\/strong><\/p>\n<p class=\"paragraph article-body-paragraph article__item   \">Les raids de la l\u00e9gion sur le territoire russe en 2023, \u00e7a donnait de l\u2019espoir. L\u2019espoir, il faut l\u2019alimenter r\u00e9guli\u00e8rement, sinon on le perd. Quand je suis partie rejoindre la l\u00e9gion, c\u2019\u00e9tait le moment o\u00f9 la motivation baissait, la victoire s\u2019\u00e9loignait. Je me suis dit &lsquo;c\u2019est le moment d\u2019y aller, le moment le plus difficile&rsquo;. Il faut des nouvelles personnes pour remplacer les pertes. C\u2019\u00e9tait horrible pour ma m\u00e8re. Moi, je me disais &lsquo;on verra&rsquo;. De toute fa\u00e7on, apr\u00e8s avoir gagn\u00e9 en Ukraine, il faudra gagner en Russie. La victoire de l\u2019Ukraine sera un grand pas vers la lib\u00e9ration de la Russie. Il faut la lib\u00e9rer de ce gouvernement fasciste. Chaque ann\u00e9e de guerre enfonce la Russie dans un ab\u00eeme de d\u00e9tresse \u00e9conomique et culturelle. Le dernier espoir que l\u2019on a eu, <a href=\"\" rel=\"\" title=\"\">c\u2019est la contre-offensive de l\u2019\u00e9t\u00e9 2023<\/a>, qui a compl\u00e8tement \u00e9chou\u00e9.<\/p>\n<p><strong class=\"article-body-link-list__item text-gray-800 article-body-link-list__item--one-item\">LIRE AUSSI : <a class=\"article-body-link-list__item-link\" href=\"https:\/\/www.lexpress.fr\/idees-et-debats\/le-regime-de-vladimir-poutine-finira-dans-le-chaos-les-predictions-de-lecrivain-russe-en-exil-CREXUTJOJRD3BCU7UX2ENVNR6I\/\" rel=\"nofollow noopener\" target=\"_blank\">Mikha\u00efl Chichkine : \u00ab\u00a0Je suis russe, mais je ne serai jamais le serf des meurtriers du Kremlin\u00a0\u00bb<\/a><\/strong><\/p>\n<p class=\"paragraph article-body-paragraph article__item   \">Aujourd\u2019hui, on continue \u00e0 se battre parce qu\u2019il faut continuer. Mais quand on me demande quand \u00e7a finira, je r\u00e9ponds &lsquo;jamais&rsquo;. Cette guerre ne finira jamais. Ou alors il faut des sanctions, que le monde entier s\u2019oppose \u00e0 la Russie. Le r\u00e9gime ne s\u2019effondrera pas tout seul. Ou peut-\u00eatre qu\u2019il y aura un miracle : il va quand m\u00eame crever un jour, ce Poutine ! Mais une r\u00e9volte de l\u2019int\u00e9rieur, il n\u2019y en aura que si son arm\u00e9e est vaincue. Les gens sont terrifi\u00e9s, l\u00e0-bas. Tous ceux qui avaient du courage sont en prison, morts ou partis \u00e0 l\u2019\u00e9tranger.<\/p>\n<p class=\"paragraph article-body-paragraph article__item    article__text__endpicto\">Moi, je combattrai jusqu\u2019\u00e0 ce que je sois tu\u00e9e. C\u2019est tout \u00e0 fait possible, je l\u2019envisage assez calmement. Mourir un jour, \u00e7a fait partie de notre m\u00e9tier. Donc, \u00e7a se passera comme \u00e7a, sauf si un jour je sens que j\u2019ai donn\u00e9 assez longtemps de ma vie \u00e0 cette cause et qu\u2019il est temps de passer \u00e0 autre chose. J\u2019ai d\u00e9cid\u00e9 de servir au moins trois ans. Evidemment, le r\u00eave, ce serait la victoire. J\u2019en ai les larmes aux yeux rien que d\u2019y penser. Que les soldats russes partent d\u2019Ukraine, d\u2019abord. Et ensuite, avoir la certitude que la Russie n\u2019attaquera plus jamais personne. Plus de Poutine, la Russie reconna\u00eet ses crimes, paie des r\u00e9parations, d\u00e9molit <a href=\"https:\/\/www.lexpress.fr\/monde\/europe\/lenine-un-fanatique-toujours-idolatre-en-russie_2177632.html\" target=\"_self\" rel=\"nofollow noopener\" title=\"https:\/\/www.lexpress.fr\/monde\/europe\/lenine-un-fanatique-toujours-idolatre-en-russie_2177632.html\">le mausol\u00e9e de L\u00e9nine <\/a>et construit \u00e0 la place une st\u00e8le \u00e0 la m\u00e9moire de tous ceux qui ont \u00e9t\u00e9 tu\u00e9s, pour que la Russie se souvienne toujours de ce qu\u2019elle a fait.\u00a0\u00bb<\/p>\n<p>.<\/p>\n","protected":false},"excerpt":{"rendered":"Ils s\u2019appellent Sofia, Viktor, Lena et Pavel. Ou plut\u00f4t, nous les appellerons ainsi. Sofia travaille avec l\u2019association M\u00e9morial,&hellip;\n","protected":false},"author":2,"featured_media":524190,"comment_status":"","ping_status":"","sticky":false,"template":"","format":"standard","meta":{"footnotes":""},"categories":[1591],"tags":[11,674,1887,74,12,1885,1886,132],"class_list":{"0":"post-524189","1":"post","2":"type-post","3":"status-publish","4":"format-standard","5":"has-post-thumbnail","7":"category-russie","8":"tag-actualites","9":"tag-europe","10":"tag-federation-de-russie","11":"tag-monde","12":"tag-news","13":"tag-russia","14":"tag-russian-federation","15":"tag-russie"},"share_on_mastodon":{"url":"https:\/\/pubeurope.com\/@fr\/115523613094689928","error":""},"_links":{"self":[{"href":"https:\/\/www.europesays.com\/fr\/wp-json\/wp\/v2\/posts\/524189","targetHints":{"allow":["GET"]}}],"collection":[{"href":"https:\/\/www.europesays.com\/fr\/wp-json\/wp\/v2\/posts"}],"about":[{"href":"https:\/\/www.europesays.com\/fr\/wp-json\/wp\/v2\/types\/post"}],"author":[{"embeddable":true,"href":"https:\/\/www.europesays.com\/fr\/wp-json\/wp\/v2\/users\/2"}],"replies":[{"embeddable":true,"href":"https:\/\/www.europesays.com\/fr\/wp-json\/wp\/v2\/comments?post=524189"}],"version-history":[{"count":0,"href":"https:\/\/www.europesays.com\/fr\/wp-json\/wp\/v2\/posts\/524189\/revisions"}],"wp:featuredmedia":[{"embeddable":true,"href":"https:\/\/www.europesays.com\/fr\/wp-json\/wp\/v2\/media\/524190"}],"wp:attachment":[{"href":"https:\/\/www.europesays.com\/fr\/wp-json\/wp\/v2\/media?parent=524189"}],"wp:term":[{"taxonomy":"category","embeddable":true,"href":"https:\/\/www.europesays.com\/fr\/wp-json\/wp\/v2\/categories?post=524189"},{"taxonomy":"post_tag","embeddable":true,"href":"https:\/\/www.europesays.com\/fr\/wp-json\/wp\/v2\/tags?post=524189"}],"curies":[{"name":"wp","href":"https:\/\/api.w.org\/{rel}","templated":true}]}}