{"id":524191,"date":"2025-11-10T04:53:12","date_gmt":"2025-11-10T04:53:12","guid":{"rendered":"https:\/\/www.europesays.com\/fr\/524191\/"},"modified":"2025-11-10T04:53:12","modified_gmt":"2025-11-10T04:53:12","slug":"en-direct-guerre-en-ukraine-%e2%88%92-des-coupures-de-courant-persistent-apres-des-frappes-en-ukraine","status":"publish","type":"post","link":"https:\/\/www.europesays.com\/fr\/524191\/","title":{"rendered":"En direct, Guerre en Ukraine \u2212 Des coupures de courant persistent apr\u00e8s des frappes en Ukraine"},"content":{"rendered":"<p>      L\u2019essentiel<\/p>\n<p><strong>Attaques.\u00a0<\/strong>Des dizaines de milliers de personnes restent, dimanche, priv\u00e9es de courant au lendemain de frappes russes massives sur le r\u00e9seau \u00e9lectrique et gazier du pays qui ont fait au moins quatre morts, tandis qu&rsquo;une riposte ukrainienne a provoqu\u00e9 des interruptions dans plusieurs r\u00e9gions russes.<\/p>\n<p><strong>Diplomatie.<\/strong> Le ministre des affaires \u00e9trang\u00e8res russe, Sergue\u00ef Lavrov, a d\u00e9clar\u00e9 \u00eatre pr\u00eat \u00e0 rencontrer le secr\u00e9taire d\u2019Etat am\u00e9ricain, Marco Rubio,\u00a0pr\u00e9cisant que les int\u00e9r\u00eats de la Russie devraient \u00eatre pris en compte pour qu\u2019une paix ait lieu en Ukraine.<\/p>\n","protected":false},"excerpt":{"rendered":"L\u2019essentiel Attaques.\u00a0Des dizaines de milliers de personnes restent, dimanche, priv\u00e9es de courant au lendemain de frappes russes massives&hellip;\n","protected":false},"author":2,"featured_media":524192,"comment_status":"","ping_status":"","sticky":false,"template":"","format":"standard","meta":{"footnotes":""},"categories":[1590],"tags":[11,1777,674,4438,12,132,220],"class_list":{"0":"post-524191","1":"post","2":"type-post","3":"status-publish","4":"format-standard","5":"has-post-thumbnail","7":"category-ukraine","8":"tag-actualites","9":"tag-eu","10":"tag-europe","11":"tag-free","12":"tag-news","13":"tag-russie","14":"tag-ukraine"},"share_on_mastodon":{"url":"https:\/\/pubeurope.com\/@fr\/115523617074786690","error":""},"_links":{"self":[{"href":"https:\/\/www.europesays.com\/fr\/wp-json\/wp\/v2\/posts\/524191","targetHints":{"allow":["GET"]}}],"collection":[{"href":"https:\/\/www.europesays.com\/fr\/wp-json\/wp\/v2\/posts"}],"about":[{"href":"https:\/\/www.europesays.com\/fr\/wp-json\/wp\/v2\/types\/post"}],"author":[{"embeddable":true,"href":"https:\/\/www.europesays.com\/fr\/wp-json\/wp\/v2\/users\/2"}],"replies":[{"embeddable":true,"href":"https:\/\/www.europesays.com\/fr\/wp-json\/wp\/v2\/comments?post=524191"}],"version-history":[{"count":0,"href":"https:\/\/www.europesays.com\/fr\/wp-json\/wp\/v2\/posts\/524191\/revisions"}],"wp:featuredmedia":[{"embeddable":true,"href":"https:\/\/www.europesays.com\/fr\/wp-json\/wp\/v2\/media\/524192"}],"wp:attachment":[{"href":"https:\/\/www.europesays.com\/fr\/wp-json\/wp\/v2\/media?parent=524191"}],"wp:term":[{"taxonomy":"category","embeddable":true,"href":"https:\/\/www.europesays.com\/fr\/wp-json\/wp\/v2\/categories?post=524191"},{"taxonomy":"post_tag","embeddable":true,"href":"https:\/\/www.europesays.com\/fr\/wp-json\/wp\/v2\/tags?post=524191"}],"curies":[{"name":"wp","href":"https:\/\/api.w.org\/{rel}","templated":true}]}}