{"id":524193,"date":"2025-11-10T04:54:11","date_gmt":"2025-11-10T04:54:11","guid":{"rendered":"https:\/\/www.europesays.com\/fr\/524193\/"},"modified":"2025-11-10T04:54:11","modified_gmt":"2025-11-10T04:54:11","slug":"un-nouvel-apostolat-pour-linstitut-du-christ-roi-dans-le-diocese-de-brooklyn-usa","status":"publish","type":"post","link":"https:\/\/www.europesays.com\/fr\/524193\/","title":{"rendered":"Un nouvel apostolat pour l&rsquo;Institut du Christ Roi dans le dioc\u00e8se de Brooklyn (USA)"},"content":{"rendered":"<p style=\"text-align: justify;\"><a href=\"https:\/\/rorate-caeli.blogspot.com\/2025\/11\/good-news-from-diocese-of-brooklyn-new.html#more\" target=\"_blank\" rel=\"noopener nofollow\">Notre confr\u00e8re Rorate Caeli<\/a> rapporte que <strong>l\u2019Institut du Christ Roi poursuit son implantation aux Etats-Unis avec un nouvel apostolat.<\/strong> Depuis le d\u00e9but de l\u2019ann\u00e9e 2025 aux Etats-Unis, l\u2019Institut a aussi \u00e9t\u00e9 appel\u00e9 \u00e0 Tampa (Floride), Oswego (Etat de New-York) et Reno (Nevada).<\/p>\n<p style=\"text-align: justify;\"><strong>La paroisse Saint-Josaphat de Bayside<\/strong>, dans le Queens (dioc\u00e8se de Brooklyn), <strong>a \u00e9t\u00e9 confi\u00e9e \u00e0 l\u2019Institut du Christ Roi<\/strong>. Mgr Robert Brennan a aimablement invit\u00e9 l\u2019Institut \u00e0 prendre en charge la paroisse afin qu\u2019elle continue d\u2019\u00eatre un lieu de c\u00e9l\u00e9bration de la messe traditionnelle dans le dioc\u00e8se de Brooklyn. <\/p>\n<p style=\"text-align: justify;\">Elle est d\u00e9sormais officiellement connue sous le nom d\u2019Oratoire Saint-Josaphat du Queens. Ce dimanche, Mgr Gilles Wach y c\u00e9l\u00e8bre une messe solennelle avec le chanoine Talarico et le chanoine Hellman pour marquer cet \u00e9v\u00e9nement.<\/p>\n<p style=\"text-align: justify;\">La messe traditionnelle \u00e9tait d\u00e9j\u00e0 c\u00e9l\u00e9br\u00e9e depuis un certain temps \u00e0 Saint-Josaphat, mais elle le sera d\u00e9sormais tous les jours, proposant aussi la cat\u00e9ch\u00e8se et diff\u00e9rentes activit\u00e9s pour les fid\u00e8les.<\/p>\n<p style=\"text-align: justify;\"><a href=\"https:\/\/institute-christ-king.org\" target=\"_blank\" rel=\"noopener nofollow\">ICRSP \u2013 Province des Etats-Unis<\/a><\/p>\n","protected":false},"excerpt":{"rendered":"Notre confr\u00e8re Rorate Caeli rapporte que l\u2019Institut du Christ Roi poursuit son implantation aux Etats-Unis avec un nouvel&hellip;\n","protected":false},"author":2,"featured_media":524194,"comment_status":"","ping_status":"","sticky":false,"template":"","format":"standard","meta":{"footnotes":""},"categories":[1589],"tags":[11,64413,73,1866,64414,64415,12,64416,64417,1864,1865,1863,308],"class_list":{"0":"post-524193","1":"post","2":"type-post","3":"status-publish","4":"format-standard","5":"has-post-thumbnail","7":"category-etats-unis","8":"tag-actualites","9":"tag-diocese-de-brooklyn-new-york","10":"tag-etats-unis","11":"tag-etats-unis-damerique","12":"tag-icrsp-bayside","13":"tag-institut-du-christ-roi-province-des-etats-unis","14":"tag-news","15":"tag-nouvel-apostolat","16":"tag-oratoire-saint-josaphat-bayside","17":"tag-united-states","18":"tag-united-states-of-america","19":"tag-us","20":"tag-usa"},"share_on_mastodon":{"url":"https:\/\/pubeurope.com\/@fr\/115523621076644280","error":""},"_links":{"self":[{"href":"https:\/\/www.europesays.com\/fr\/wp-json\/wp\/v2\/posts\/524193","targetHints":{"allow":["GET"]}}],"collection":[{"href":"https:\/\/www.europesays.com\/fr\/wp-json\/wp\/v2\/posts"}],"about":[{"href":"https:\/\/www.europesays.com\/fr\/wp-json\/wp\/v2\/types\/post"}],"author":[{"embeddable":true,"href":"https:\/\/www.europesays.com\/fr\/wp-json\/wp\/v2\/users\/2"}],"replies":[{"embeddable":true,"href":"https:\/\/www.europesays.com\/fr\/wp-json\/wp\/v2\/comments?post=524193"}],"version-history":[{"count":0,"href":"https:\/\/www.europesays.com\/fr\/wp-json\/wp\/v2\/posts\/524193\/revisions"}],"wp:featuredmedia":[{"embeddable":true,"href":"https:\/\/www.europesays.com\/fr\/wp-json\/wp\/v2\/media\/524194"}],"wp:attachment":[{"href":"https:\/\/www.europesays.com\/fr\/wp-json\/wp\/v2\/media?parent=524193"}],"wp:term":[{"taxonomy":"category","embeddable":true,"href":"https:\/\/www.europesays.com\/fr\/wp-json\/wp\/v2\/categories?post=524193"},{"taxonomy":"post_tag","embeddable":true,"href":"https:\/\/www.europesays.com\/fr\/wp-json\/wp\/v2\/tags?post=524193"}],"curies":[{"name":"wp","href":"https:\/\/api.w.org\/{rel}","templated":true}]}}