{"id":524195,"date":"2025-11-10T04:55:23","date_gmt":"2025-11-10T04:55:23","guid":{"rendered":"https:\/\/www.europesays.com\/fr\/524195\/"},"modified":"2025-11-10T04:55:23","modified_gmt":"2025-11-10T04:55:23","slug":"meghan-et-harry-bien-loin-du-royaume-uni-ils-seclatent-chez-kris-jenner","status":"publish","type":"post","link":"https:\/\/www.europesays.com\/fr\/524195\/","title":{"rendered":"Meghan et Harry : bien loin du Royaume-Uni, ils s\u2019\u00e9clatent chez Kris Jenner"},"content":{"rendered":"<p>Une f\u00eate grandiose ! Le samedi 8 novembre dernier, <strong>Kris<br \/>\nJenner<\/strong> avait organis\u00e9 une somptueuse f\u00eate pour <strong>ses<br \/>\n70 ans<\/strong>. Un \u00e9v\u00e9nement auquel de nombreuses stars avaient<br \/>\nassist\u00e9 dans la somptueuse <strong>demeure de Jeff Bezos<\/strong>,<br \/>\n\u00e0 Beverly Hills, estim\u00e9e \u00e0 165 millions de dollars. Selon une<br \/>\nsource du Daily Mail, <strong>300 invit\u00e9s<\/strong> \u00e9taient<br \/>\nattendus pour l\u2019\u00e9v\u00e9nement.<\/p>\n<p>L\u2019initi\u00e9 a \u00e9galement d\u00e9clar\u00e9 qu\u2019aucune cam\u00e9ra de t\u00e9l\u00e9r\u00e9alit\u00e9<br \/>\nn\u2019avait \u00e9t\u00e9 install\u00e9e sur les lieux et une star de la musique<br \/>\ndevait se produire pour donner de l\u2019ambiance. Parmi les invit\u00e9s<br \/>\nvenus sur le <strong>th\u00e8me de James Bond<\/strong>, figurent<br \/>\n<a href=\"https:\/\/www.closermag.fr\/royautes\/meghan-et-harry-hues-par-tout-un-stade-gros-moment-de-malaise-pour-le-couple-sussex-qui-croyait-faire-sensation-3591537\" target=\"_blank\" rel=\"noopener\"><br \/>\nMeghan et Harry<\/a>. D\u2019ailleurs, <strong>le duc et la duchesse de<br \/>\nSussex<\/strong> faisaient partie des t\u00eates d\u2019affiche de<br \/>\nl\u2019\u00e9v\u00e9nement.<\/p>\n<p><img decoding=\"async\" aria-describedby=\"caption-attachment-3592486\" itemprop=\"thumbnailUrl\" class=\"size-large wp-image-3592486 img-responsive\" src=\"https:\/\/www.europesays.com\/fr\/wp-content\/uploads\/2025\/11\/bestimage_00731772_000002-816x1024.jpg\" alt=\"&lt;p&gt;&lt;span style=\" font-weight:=\"\" data-mce-style=\"font-weight: 400;\"\/>Meghan et Harry au 70eme anniversaire de Kris Jenner\u00a0\u00bb width=\u00a0\u00bb816&Prime; height=\u00a0\u00bb1024&Prime;&gt; \u00a9 Bestimage<\/p>\n<p id=\"caption-attachment-3592486\" class=\"wp-caption-text\">Meghan<br \/>\net Harry \u00e9taient pr\u00e9sents au 70eme anniversaire de Kris Jenner, \u00e0<br \/>\nBeverly Hills, le 8 novembre dernier.<\/p>\n<p>Meghan et Harry : sublime pour l\u2019anniversaire de Kris Jenner<br \/>\n!<\/p>\n<p><a href=\"https:\/\/www.closermag.fr\/royautes\/prince-harry-defiant-il-dement-cette-rumeur-peu-flatteuse-a-son-sujet-3592257\" target=\"_blank\" rel=\"noopener\"><br \/>\nLe prince Harry<\/a> et <strong>Meghan Markle<\/strong> avaient<br \/>\nrejoint un d\u00e9fil\u00e9 de personnalit\u00e9s sur le th\u00e8me 007 \u00e0 Beverly<br \/>\nHills. Le choix du 007 serait un <strong>clin d\u2019\u0153il au chiffre<br \/>\n70<\/strong>, selon Page Six. Si le duc de Sussex affichait<br \/>\nune expression s\u00e9rieuse \u00e0 son arriv\u00e9e, l\u2019ancienne actrice des<br \/>\nSuits avait le sourire jusqu\u2019aux l\u00e8vres alors qu\u2019elle<br \/>\ntenait la main de son mari.<\/p>\n<blockquote class=\"twitter-tweet\"><p><a class=\"twitter-link\" rel=\"noindex, nofollow noopener\" href=\"https:\/\/twitter.com\/PageSix\/status\/1987529391807623290\" target=\"_blank\"><\/p><\/blockquote>\n<p>Lors de cette sortie, la maman d\u2019<strong>Archie et<br \/>\nLilibet<\/strong> \u00e9tait tout simplement sublime dans son haut noir<br \/>\nmoulant. Sa jupe portefeuille mettait parfaitement en valeur sa<br \/>\nbelle silhouette tout en d\u00e9voilant l\u2019une de ses jambes sculpt\u00e9es.<br \/>\nQuant au fils du <a href=\"https:\/\/www.closermag.fr\/royautes\/charles-iii-ce-signe-fort-dunite-de-la-famille-royale-en-pleine-tourmente-3592472\" target=\"_blank\" rel=\"noopener\"><br \/>\nroi Charles III<\/a>, il \u00e9tait tr\u00e8s \u00e9l\u00e9gant dans son <strong>smoking<br \/>\nnoir<\/strong> avec n\u0153ud papillon.<\/p>\n<p>Prince Harry : un hommage au Jour du<br \/>\nSouvenir<\/p>\n<p>Pour compl\u00e9ter sa tenue, <strong>le prince Harry<\/strong> avait<br \/>\nport\u00e9 un coquelicot. Il s\u2019agit d\u2019un hommage au <strong>Jour du<br \/>\nSouvenir<\/strong>. Notons qu\u2019en parall\u00e8le, des membres importants<br \/>\nde la famille royale britannique \u00e9taient pr\u00e9sents au<br \/>\n<strong>Festival du Souvenir<\/strong>. Cette ann\u00e9e, cet \u00e9v\u00e9nement<br \/>\nannuel comm\u00e9more le <strong>80eme anniversaire de la fin de la<br \/>\nSeconde Guerre mondiale<\/strong>.<\/p>\n<blockquote class=\"twitter-tweet\"><p><a class=\"twitter-link\" rel=\"noindex, nofollow noopener\" href=\"https:\/\/twitter.com\/DailyMail\/status\/1987502842316214364\" target=\"_blank\"><\/p><\/blockquote>\n<p>Si <strong>le prince William<\/strong> n\u2019a pas pu assister \u00e0<br \/>\nl\u2019\u00e9v\u00e9nement, <a href=\"https:\/\/www.closermag.fr\/royautes\/kate-middleton-sublime-en-noir-elle-rend-un-vibrant-hommage-a-elizabeth-ii-3592476\" target=\"_blank\" rel=\"noopener\"><br \/>\nKate Middleton<\/a> \u00e9tait sublime aux c\u00f4t\u00e9s du <strong>prince<br \/>\nGeorge<\/strong>, au Royal Albert Hall. Pour ce qui es de Meghan<br \/>\nMarkle, elle ne portait pas de coquelicot.<\/p>\n<p><script async src=\"https:\/\/platform.twitter.com\/widgets.js\" charset=\"utf-8\"><\/script><\/p>\n","protected":false},"excerpt":{"rendered":"Une f\u00eate grandiose ! Le samedi 8 novembre dernier, Kris Jenner avait organis\u00e9 une somptueuse f\u00eate pour ses&hellip;\n","protected":false},"author":2,"featured_media":524196,"comment_status":"","ping_status":"","sticky":false,"template":"","format":"standard","meta":{"footnotes":""},"categories":[1588],"tags":[11,1777,674,42966,12,473,1853,1851,1850,1852],"class_list":{"0":"post-524195","1":"post","2":"type-post","3":"status-publish","4":"format-standard","5":"has-post-thumbnail","7":"category-royaume-uni","8":"tag-actualites","9":"tag-eu","10":"tag-europe","11":"tag-meghan-et-harry","12":"tag-news","13":"tag-royaume-uni","14":"tag-royaume-uni-de-grande-bretagne-et-dirlande-du-nord","15":"tag-uk","16":"tag-united-kingdom","17":"tag-united-kingdom-of-great-britain-and-northern-ireland"},"share_on_mastodon":{"url":"https:\/\/pubeurope.com\/@fr\/115523625709276508","error":""},"_links":{"self":[{"href":"https:\/\/www.europesays.com\/fr\/wp-json\/wp\/v2\/posts\/524195","targetHints":{"allow":["GET"]}}],"collection":[{"href":"https:\/\/www.europesays.com\/fr\/wp-json\/wp\/v2\/posts"}],"about":[{"href":"https:\/\/www.europesays.com\/fr\/wp-json\/wp\/v2\/types\/post"}],"author":[{"embeddable":true,"href":"https:\/\/www.europesays.com\/fr\/wp-json\/wp\/v2\/users\/2"}],"replies":[{"embeddable":true,"href":"https:\/\/www.europesays.com\/fr\/wp-json\/wp\/v2\/comments?post=524195"}],"version-history":[{"count":0,"href":"https:\/\/www.europesays.com\/fr\/wp-json\/wp\/v2\/posts\/524195\/revisions"}],"wp:featuredmedia":[{"embeddable":true,"href":"https:\/\/www.europesays.com\/fr\/wp-json\/wp\/v2\/media\/524196"}],"wp:attachment":[{"href":"https:\/\/www.europesays.com\/fr\/wp-json\/wp\/v2\/media?parent=524195"}],"wp:term":[{"taxonomy":"category","embeddable":true,"href":"https:\/\/www.europesays.com\/fr\/wp-json\/wp\/v2\/categories?post=524195"},{"taxonomy":"post_tag","embeddable":true,"href":"https:\/\/www.europesays.com\/fr\/wp-json\/wp\/v2\/tags?post=524195"}],"curies":[{"name":"wp","href":"https:\/\/api.w.org\/{rel}","templated":true}]}}