{"id":524197,"date":"2025-11-10T04:56:13","date_gmt":"2025-11-10T04:56:13","guid":{"rendered":"https:\/\/www.europesays.com\/fr\/524197\/"},"modified":"2025-11-10T04:56:13","modified_gmt":"2025-11-10T04:56:13","slug":"deficits-en-france-a-berlin-on-ressent-beaucoup-de-compassion-mais-aussi-une-grande-inquietude","status":"publish","type":"post","link":"https:\/\/www.europesays.com\/fr\/524197\/","title":{"rendered":"D\u00e9ficits en France\u00a0: \u00ab\u00a0\u00c0 Berlin, on ressent beaucoup de compassion, mais aussi une grande inqui\u00e9tude\u00a0\u00bb"},"content":{"rendered":"<p class=\"paragraph text_align_left lp-f-body-02\">Contrairement \u00e0 <a href=\"https:\/\/www.leparisien.fr\/economie\/deficit-public-vu-de-grece-la-france-est-une-bombe-economique-a-retardement-10-11-2025-Q2ADSQOKHZF65EZYQVY4SINGSA.php\" target=\"_blank\" rel=\"noreferrer noopener\">la crise grecque<\/a> en 2010, les rebondissements et les soubresauts autour du budget fran\u00e7ais sont peu pr\u00e9sents dans le d\u00e9bat politique en Allemagne. Les proc\u00e9dures de l\u2019<a href=\"https:\/\/www.leparisien.fr\/politique\/on-na-jamais-vu-cela-a-lassemblee-sebastien-lecornu-mouille-la-chemise-pour-le-budget-09-11-2025-FYFD7C5ECVCLBHETKPASVDVZEQ.php\" target=\"_blank\" rel=\"noreferrer noopener\">adoption du budget en France<\/a>, jug\u00e9es trop compliqu\u00e9es, int\u00e9ressent peu la presse, la classe politique ou le grand public outre-Rhin.<\/p>\n<p class=\"paragraph text_align_left lp-f-body-02\">\u00ab Il y a par contre un grand int\u00e9r\u00eat pour <a href=\"https:\/\/www.leparisien.fr\/economie\/emploi\/une-reticence-a-recruter-face-a-la-crise-politique-les-patrons-ont-le-pied-sur-le-frein-11-10-2025-CZMI2UORXNG57DCWAXMOLVDUOI.php\" target=\"_self\" rel=\"noopener\">la crise politique actuelle en France<\/a>, le changement de gouvernement ou encore l\u2019annonce que Paris devra faire des \u00e9conomies consid\u00e9rables, estime Stefan Seidendorf, le directeur de l\u2019Institut franco-allemand de Ludwigsburg, un centre de recherche sp\u00e9cialis\u00e9 sur les relations bilat\u00e9rales. \u00c0 Berlin, on ressent beaucoup de compassion pour la France, mais aussi une grande inqui\u00e9tude. L\u2019Allemagne n\u2019est plus dans la posture de la donneuse de le\u00e7ons, comme du temps de l\u2019ancien ministre des Finances, <a href=\"https:\/\/www.leparisien.fr\/international\/mort-de-wolfgang-schauble-figure-du-monde-politique-en-allemagne-27-12-2023-EUAKJ2ZQ5BHOVNLHFTVJ4PRRVU.php\" target=\"_self\" rel=\"noopener\">Wolfgang Sch\u00e4uble<\/a>, avec la Gr\u00e8ce, lors de la crise de 2010. \u00c0 la diff\u00e9rence de la Gr\u00e8ce \u00e0 l\u2019\u00e9poque, la crise budg\u00e9taire fran\u00e7aise n\u2019est pas li\u00e9e \u00e0 une mauvaise gestion. \u00bb<\/p>\n<p>En difficult\u00e9 aussi avec son budget<\/p>\n<p class=\"paragraph text_align_left lp-f-body-02\">Le changement d\u2019attitude est aussi li\u00e9 aux propres difficult\u00e9s des Allemands avec leur budget. L\u2019Allemagne a elle-m\u00eame d\u00fb vivre une bonne partie de l\u2019ann\u00e9e 2025 sans budget. La loi de finances pour l\u2019ann\u00e9e en cours n\u2019a finalement \u00e9t\u00e9 adopt\u00e9e qu\u2019au mois de septembre, <a href=\"https:\/\/www.leparisien.fr\/international\/lallemagne-affirme-que-laide-a-lukraine-est-assuree-malgre-la-crise-politique-quelle-traverse-08-11-2024-RL2M2S3EQBAHXF6DVTCPXPSVYE.php\" target=\"_self\" rel=\"noopener\">apr\u00e8s des mois de crise au sein de la coalition d\u2019Olaf Scholz<\/a>, en 2024, une dissolution, des \u00e9lections anticip\u00e9es en f\u00e9vrier et finalement <a href=\"https:\/\/www.leparisien.fr\/international\/allemagne\/immigration-illegale-extreme-droite-friedrich-merz-un-nouveau-chancelier-allemand-et-deja-de-lourds-defis-06-05-2025-ESCRSJSBS5E5HMBXI3PIJPVXS4.php\" target=\"_self\" rel=\"noopener\">l\u2019arriv\u00e9e au pouvoir du conservateur Friedrich Merz en mai<\/a>. \u00c0 ce jour, Berlin n\u2019a pas non plus adopt\u00e9 son budget 2026. Il n\u2019y a donc pas de quoi jeter la pierre \u00e0 Paris.<\/p>\n<p><img decoding=\"async\" class=\"image \" loading=\"lazy\" src=\"https:\/\/www.europesays.com\/fr\/wp-content\/uploads\/2025\/11\/QSAY7YF7Q5GJRKMZPIOLDEAFVM.jpg\" alt=\"\" align=\"\" data-rubrique-principale=\"\" data-article-type=\"\" fetchpriority=\"auto\"\/><\/p>\n<p class=\"paragraph text_align_left lp-f-body-02\">M\u00eame retenue allemande sur la question de <a href=\"https:\/\/www.leparisien.fr\/economie\/alerte-sur-la-dette-apres-la-demission-de-lecornu-sans-confiance-ca-peut-aller-tres-vite-06-10-2025-DRMX6KHWC5AC5J5SYM2IGYNUKA.php\" target=\"_self\" rel=\"noopener\">l\u2019endettement<\/a>. Dans le sillage de l\u2019invasion de l\u2019Ukraine, Berlin a aussi tourn\u00e9 le dos \u00e0 l\u2019orthodoxie budg\u00e9taire, pourtant inscrite dans la Constitution, multipliant les plans d\u2019investissement hors budget et financ\u00e9s \u00e0 cr\u00e9dit, pour la modernisation de la d\u00e9fense ou pour relancer l\u2019\u00e9conomie. \u00ab La principale diff\u00e9rence entre la France et l\u2019Allemagne est que Paris n\u2019a pas r\u00e9ussi \u00e0 r\u00e9duire son endettement li\u00e9 \u00e0 la crise sanitaire, rappelle Stefan Seidendorf. L\u2019Allemagne avait r\u00e9ussi \u00e0 r\u00e9duire sa dette avant le Covid. \u00bb<\/p>\n","protected":false},"excerpt":{"rendered":"Contrairement \u00e0 la crise grecque en 2010, les rebondissements et les soubresauts autour du budget fran\u00e7ais sont peu&hellip;\n","protected":false},"author":2,"featured_media":524198,"comment_status":"","ping_status":"","sticky":false,"template":"","format":"standard","meta":{"footnotes":""},"categories":[1587],"tags":[11,672,1804,1805,1803,1777,674,1801,14,12,316,1802],"class_list":{"0":"post-524197","1":"post","2":"type-post","3":"status-publish","4":"format-standard","5":"has-post-thumbnail","7":"category-allemagne","8":"tag-actualites","9":"tag-allemagne","10":"tag-bundesrepublik-deutschland","11":"tag-de","12":"tag-deutschland","13":"tag-eu","14":"tag-europe","15":"tag-germany","16":"tag-international","17":"tag-news","18":"tag-politique","19":"tag-republique-federale-dallemagne"},"share_on_mastodon":{"url":"https:\/\/pubeurope.com\/@fr\/115523629861692213","error":""},"_links":{"self":[{"href":"https:\/\/www.europesays.com\/fr\/wp-json\/wp\/v2\/posts\/524197","targetHints":{"allow":["GET"]}}],"collection":[{"href":"https:\/\/www.europesays.com\/fr\/wp-json\/wp\/v2\/posts"}],"about":[{"href":"https:\/\/www.europesays.com\/fr\/wp-json\/wp\/v2\/types\/post"}],"author":[{"embeddable":true,"href":"https:\/\/www.europesays.com\/fr\/wp-json\/wp\/v2\/users\/2"}],"replies":[{"embeddable":true,"href":"https:\/\/www.europesays.com\/fr\/wp-json\/wp\/v2\/comments?post=524197"}],"version-history":[{"count":0,"href":"https:\/\/www.europesays.com\/fr\/wp-json\/wp\/v2\/posts\/524197\/revisions"}],"wp:featuredmedia":[{"embeddable":true,"href":"https:\/\/www.europesays.com\/fr\/wp-json\/wp\/v2\/media\/524198"}],"wp:attachment":[{"href":"https:\/\/www.europesays.com\/fr\/wp-json\/wp\/v2\/media?parent=524197"}],"wp:term":[{"taxonomy":"category","embeddable":true,"href":"https:\/\/www.europesays.com\/fr\/wp-json\/wp\/v2\/categories?post=524197"},{"taxonomy":"post_tag","embeddable":true,"href":"https:\/\/www.europesays.com\/fr\/wp-json\/wp\/v2\/tags?post=524197"}],"curies":[{"name":"wp","href":"https:\/\/api.w.org\/{rel}","templated":true}]}}