{"id":524208,"date":"2025-11-10T05:06:23","date_gmt":"2025-11-10T05:06:23","guid":{"rendered":"https:\/\/www.europesays.com\/fr\/524208\/"},"modified":"2025-11-10T05:06:23","modified_gmt":"2025-11-10T05:06:23","slug":"dn3-olivier-dumeaux-lequipe-et-le-club-se-structurent-rugby-a-xiii","status":"publish","type":"post","link":"https:\/\/www.europesays.com\/fr\/524208\/","title":{"rendered":"DN3 &#8211; Olivier Dumeaux : \u00ab\u00a0L&rsquo;\u00e9quipe et le club se structurent\u00a0\u00bb &#8211; Rugby \u00e0 XIII"},"content":{"rendered":"<p style=\"text-align: justify;\"><b>Olivier Dumeaux, entraineur de Basque XIII, revient sur la d\u00e9faite 30 \u00e0 26 contre le RC Valderi\u00e8s XIII en DN3.<\/b><\/p>\n<blockquote>\n<p style=\"text-align: justify;\">Nous avons fait un bon match dans l\u2019engagement de tous avec 11 joueurs sur 17 qui faisaient leur 1er match de rugby \u00e0 XIII. Face \u00e0 une \u00e9quipe exp\u00e9riment\u00e9e, il \u00e9tait difficile de rivaliser. Le score est flatteur pour nous mais nous avons beaucoup trop de d\u00e9chets techniques.<\/p>\n<p style=\"text-align: justify;\">Nous devons travailler essentiellement sur la complexit\u00e9 du tenu, tant en attaque qu\u2019en d\u00e9fense. Notre adversaire du jour, Valderi\u00e8s, a jou\u00e9 tr\u00e8s proprement son rugby \u00e0 XIII. Le nombreux public (environ 300 personnes), venu d\u00e9couvrir le n\u00e9o-rugby fut enchant\u00e9 et les connaisseurs furent surpris de l\u2019intensit\u00e9 de jeu produit par les deux \u00e9quipes.<\/p>\n<p style=\"text-align: justify;\">L\u2019\u00e9quipe est en pleine construction, autour de joueurs exp\u00e9riment\u00e9s comme D. Latambas et P. Perebosch (qui sont aussi mes assistants, Daniel pour les avants et Philippe pour les trois-quarts). L\u2019apport de jeunes joueurs de formation treiziste comme Paul Grand de Villeneuve-sur-Lot, de Lucas Malsan ou en encore Florent Renaudeau de Sainte Livrade est tr\u00e8s important pour le groupe.<\/p>\n<p style=\"text-align: justify;\">L\u2019\u00e9quipe se structure, le club se structure, on avance tous dans le m\u00eame sens. Pour l\u2019anecdote, les anciens de C\u00f4te Basque 13 sont venus en nombre pour soutenir la nouvelle g\u00e9n\u00e9ration et se ressourcer autour de la fibre treiziste. Merci \u00e0 eux.<\/p>\n<p style=\"text-align: justify;\">Une belle journ\u00e9e d\u2019automne au Pays Basque, une rencontre plaisante, orchestr\u00e9 par Laurent Bonnet qui fut tr\u00e8s p\u00e9dagogique dans son arbitrage, bref, le top pour ce 1er match, 35 ans apr\u00e8s le dernier.<\/p>\n<p style=\"text-align: justify;\">Le groupe est g\u00e9nial, avec beaucoup d\u2019envie. Ils apprennent vite et sont tr\u00e8s r\u00e9ceptifs. Et nous avons un groupe de b\u00e9n\u00e9voles qui commence \u00e0 s\u2019organiser autour d\u2019anciens treizistes comme le Parisien Pradet, le Catalan Flovie et le Bayonnais Gauducheau.<\/p>\n<\/blockquote>\n","protected":false},"excerpt":{"rendered":"Olivier Dumeaux, entraineur de Basque XIII, revient sur la d\u00e9faite 30 \u00e0 26 contre le RC Valderi\u00e8s XIII&hellip;\n","protected":false},"author":2,"featured_media":524209,"comment_status":"","ping_status":"","sticky":false,"template":"","format":"standard","meta":{"footnotes":""},"categories":[1416],"tags":[48448,16974,1011,27,48449,479,2228,1468,2229,60],"class_list":{"0":"post-524208","1":"post","2":"type-post","3":"status-publish","4":"format-standard","5":"has-post-thumbnail","7":"category-rugby","8":"tag-basque-xiii","9":"tag-dn3","10":"tag-fr","11":"tag-france","12":"tag-olivier-dumeaux","13":"tag-rugby","14":"tag-rugby-a-xiii","15":"tag-rugby-football","16":"tag-rugby-league","17":"tag-sports"},"share_on_mastodon":{"url":"https:\/\/pubeurope.com\/@fr\/115523668210279112","error":""},"_links":{"self":[{"href":"https:\/\/www.europesays.com\/fr\/wp-json\/wp\/v2\/posts\/524208","targetHints":{"allow":["GET"]}}],"collection":[{"href":"https:\/\/www.europesays.com\/fr\/wp-json\/wp\/v2\/posts"}],"about":[{"href":"https:\/\/www.europesays.com\/fr\/wp-json\/wp\/v2\/types\/post"}],"author":[{"embeddable":true,"href":"https:\/\/www.europesays.com\/fr\/wp-json\/wp\/v2\/users\/2"}],"replies":[{"embeddable":true,"href":"https:\/\/www.europesays.com\/fr\/wp-json\/wp\/v2\/comments?post=524208"}],"version-history":[{"count":0,"href":"https:\/\/www.europesays.com\/fr\/wp-json\/wp\/v2\/posts\/524208\/revisions"}],"wp:featuredmedia":[{"embeddable":true,"href":"https:\/\/www.europesays.com\/fr\/wp-json\/wp\/v2\/media\/524209"}],"wp:attachment":[{"href":"https:\/\/www.europesays.com\/fr\/wp-json\/wp\/v2\/media?parent=524208"}],"wp:term":[{"taxonomy":"category","embeddable":true,"href":"https:\/\/www.europesays.com\/fr\/wp-json\/wp\/v2\/categories?post=524208"},{"taxonomy":"post_tag","embeddable":true,"href":"https:\/\/www.europesays.com\/fr\/wp-json\/wp\/v2\/tags?post=524208"}],"curies":[{"name":"wp","href":"https:\/\/api.w.org\/{rel}","templated":true}]}}