{"id":524210,"date":"2025-11-10T05:07:15","date_gmt":"2025-11-10T05:07:15","guid":{"rendered":"https:\/\/www.europesays.com\/fr\/524210\/"},"modified":"2025-11-10T05:07:15","modified_gmt":"2025-11-10T05:07:15","slug":"les-bellifontaines-au-sommet-du-tennis-francais","status":"publish","type":"post","link":"https:\/\/www.europesays.com\/fr\/524210\/","title":{"rendered":"les Bellifontaines au sommet du tennis fran\u00e7ais"},"content":{"rendered":"<p>            Par<br \/>\n        <strong><br \/>\n            <a href=\"https:\/\/actu.fr\/auteur\/redaction-lerepublique\" title=\"Consulter tous les articles de R\u00e9daction La R\u00e9publique de Seine et Marne\" rel=\"nofollow noopener\" target=\"_blank\">R\u00e9daction La R\u00e9publique de Seine et Marne<\/a><br \/>\n        <\/strong><\/p>\n<p>        Publi\u00e9 le<\/p>\n<p>            9 nov. 2025 \u00e0 19h00        <\/p>\n<p>Apr\u00e8s plusieurs saisons marqu\u00e9es par une mont\u00e9e en puissance constante, <b>le Tennis Club de Fontainebleau s\u2019appr\u00eate \u00e0 \u00e9crire une nouvelle page de son histoire<\/b>. Le 16 novembre prochain, l\u2019\u00e9quipe f\u00e9minine disputera ses premiers matchs en ProA, le plus haut niveau national du championnat de France par \u00e9quipes.\u00a0<\/p>\n<p>Une premi\u00e8re historique<\/p>\n<p class=\" wall-content\">C\u2019est une grande premi\u00e8re pour le TC <a href=\"https:\/\/actu.fr\/ile-de-france\/fontainebleau_77186\" rel=\"nofollow noopener\" target=\"_blank\">Fontainebleau <\/a>qui rejoint le cercle tr\u00e8s ferm\u00e9 des dix meilleures \u00e9quipes f\u00e9minines fran\u00e7aises. Apr\u00e8s deux saisons remarqu\u00e9es en ProB, les Bellifontaines ont r\u00e9alis\u00e9 une campagne 2024-2025 exemplaire, validant leur accession \u00e0 l\u2019\u00e9chelon supr\u00eame.<\/p>\n<p>    <img   decoding=\"async\" loading=\"lazy\" class=\"size-large\" src=\"https:\/\/www.europesays.com\/fr\/wp-content\/uploads\/2025\/11\/b9c9af226f096ddc9af226f0991d9av-781x640.jpg\" alt=\"Gabriela Knutson, valeur s\u00fbre du TC Fontainebleau PROA\" width=\"781\" height=\"640\"\/><br \/>\n    Gabriela Knutson, valeur s\u00fbre du TC Fontainebleau PROA \u00a9Nico Hugol<\/p>\n<p class=\" wall-content\">Une performance d\u2019autant plus remarquable qu\u2019elle s\u2019inscrit dans un contexte dans lequel peu de clubs franciliens atteignent ce niveau. Seul Melun, dans les ann\u00e9es 1990, avait connu les honneurs de la N1A, l\u2019\u00e9quivalent de la ProA actuelle. <b>Cette mont\u00e9e symbolise non seulement la r\u00e9ussite sportive d\u2019un groupe soud\u00e9<\/b>, mais aussi la reconnaissance du travail de toute une \u00e9quipe dirigeante et technique, engag\u00e9e dans un projet ambitieux de d\u00e9veloppement du tennis \u00e0 Fontainebleau.<\/p>\n<p>Une fiert\u00e9 partag\u00e9e par tout le club<\/p>\n<p class=\" wall-content\">Pour Nico Hugol, directeur sportif, cette r\u00e9ussite d\u00e9passe le cadre du court. \u00a0\u00bb Nous faisons aujourd\u2019hui partie des dix meilleures \u00e9quipes f\u00e9minines fran\u00e7aises. C\u2019est une magnifique r\u00e9compense de tout le travail effectu\u00e9 par l\u2019ensemble des acteurs du club. \u00a0\u00bb La mont\u00e9e en PROA illustre le dynamisme du TC Fontainebleau, qui conna\u00eet une croissance continue de ses effectifs.<\/p>\n<p>    <img   decoding=\"async\" loading=\"lazy\" class=\"size-large\" src=\"https:\/\/www.europesays.com\/fr\/wp-content\/uploads\/2025\/11\/15c708e26f09649c708e26f094dc70v-960x640.jpg\" alt=\"Manon L\u00e9onard, leader de l'\u00e9quipe PROA\" width=\"960\" height=\"640\"\/><br \/>\n    Manon L\u00e9onard, leader de l\u2019\u00e9quipe PROA \u00a9Nico Hugol<\/p>\n<p class=\" wall-content\">\u00ab\u00a0<b> L\u2019\u00e9quipe f\u00e9minine est la vitrine du club et sa r\u00e9ussite se r\u00e9percute \u00e0 tous les \u00e9tages, tennis loisirs, tennis sant\u00e9, \u00e9cole de tennis, stages\u2026 <\/b>Aujourd\u2019hui, nous comptons 870 licenci\u00e9s, et nous nous rapprochons du record historique de 910, atteint la saison pr\u00e9c\u00e9dente. \u00a0\u00bb Au-del\u00e0 du prestige, cette r\u00e9ussite inspire les jeunes et renforce le sentiment d\u2019appartenance au club, v\u00e9ritable moteur de sa progression.<\/p>\n<p>    <img   decoding=\"async\" loading=\"lazy\" class=\"size-large\" src=\"https:\/\/www.europesays.com\/fr\/wp-content\/uploads\/2025\/11\/eab34e826f0962fb34e826f0943c34v-960x640.jpg\" alt=\"Amandine Monnot d\u00e9fendra cette saison encore les couleurs du TC Fontainebleau en PROA\" width=\"960\" height=\"640\"\/><br \/>\n    Amandine Monnot d\u00e9fendra cette saison encore les couleurs du TC Fontainebleau en PROA \u00a9Nico Hugol<\/p>\n<p>Votre r\u00e9gion, votre actu !<\/p>\n<p>Recevez chaque jour les infos qui comptent pour vous.<\/p>\n<p>\t<a href=\"https:\/\/actu.fr\/newsletter\" class=\"ac-btn ac-btn--corner ac-btn--medium ac-btn--blue800\" rel=\"nofollow noopener\" target=\"_blank\">S&rsquo;incrire<\/a><br \/>\nUne \u00e9quipe fid\u00e8le \u00e0 son identit\u00e9<\/p>\n<p class=\" wall-content\">Si Fontainebleau a su franchir les \u00e9tapes avec succ\u00e8s, c\u2019est aussi gr\u00e2ce \u00e0 une ligne directrice claire. Gr\u00e9gory Coupp\u00e9, capitaine et entra\u00eeneur embl\u00e9matique du club, insiste sur cette coh\u00e9rence<b>. \u00a0\u00bb La politique du club est claire : construire une \u00e9quipe constitu\u00e9e majoritairement de joueuses fran\u00e7aises.<\/b> Cette identit\u00e9 sportive nous a permis de franchir les marches avec s\u00e9r\u00e9nit\u00e9 vers cet objectif. C\u2019est arriv\u00e9 vite, mais cela montre que la stabilit\u00e9 acquise au fil des saisons a fait la diff\u00e9rence pour atteindre ce haut niveau. \u00a0\u00bb Ce choix de miser sur des joueuses form\u00e9es en France, attach\u00e9es au club et \u00e0 ses valeurs, renforce la coh\u00e9sion et donne au projet une dimension humaine rare \u00e0 ce niveau de comp\u00e9tition.<\/p>\n<p>Coh\u00e9sion et solidarit\u00e9, les ma\u00eetres mots<\/p>\n<p class=\" wall-content\">L\u2019une des grandes forces du groupe est sans doute sa capacit\u00e9 \u00e0 vivre bien ensemble, sur le court comme en dehors. \u00a0\u00bb Nous d\u00e9fendons des valeurs de coh\u00e9sion et de solidarit\u00e9, qui se ressentent sur le terrain. Les filles se connaissent bien, elles s\u2019appr\u00e9cient, elles se soutiennent dans les moments difficiles \u00ab\u00a0, souligne Nico Hugol.<\/p>\n<p class=\" wall-content\">Parmi ces joueuses, Manon L\u00e9onard occupe une place centrale. V\u00e9ritable leader technique et morale, elle incarne \u00e0 elle seule les ambitions du club. \u00a0\u00bb Son attachement visc\u00e9ral au club cr\u00e9e un \u00e9lan communicatif. Elle a v\u00e9cu une tr\u00e8s belle saison, avec notamment un premier tour des qualifications de l\u2019US Open. Elle nous inspire toutes et pourrait encore nous mettre sur de bons rails d\u00e8s la premi\u00e8re journ\u00e9e, le 16 novembre \u00e0 Cormontreuil \u00ab\u00a0, poursuit le directeur sportif. Ce m\u00e9lange d\u2019amiti\u00e9, d\u2019exigence et de confiance mutuelle constitue sans doute la meilleure arme du TC Fontainebleau pour affronter les d\u00e9fis \u00e0 venir.<\/p>\n<p>Une jeunesse pleine de promesses<\/p>\n<p class=\" wall-content\">L\u2019effectif bellifontain impressionne aussi par sa jeunesse.<b> La plupart des joueuses sont n\u00e9es entre 2001 et 2002, \u00e0 l\u2019exception de Gabriela Knutson (29 ans), la doyenne du groupe<\/b>. Cette moyenne d\u2019\u00e2ge tr\u00e8s basse traduit la volont\u00e9 du club de miser sur l\u2019avenir et de donner leur chance \u00e0 des talents \u00e9mergents. \u00a0\u00bb Elles attendent cette parenth\u00e8se dans leur saison avec impatience, tout comme nous et tout le club derri\u00e8re elles. Ce groupe repr\u00e9sente parfaitement ce qu\u2019est le TC Fontainebleau aujourd\u2019hui, ambitieux, uni et tourn\u00e9 vers l\u2019avenir \u00ab\u00a0, confie Gr\u00e9gory Coupp\u00e9. Les joueuses, pour la plupart en progression constante sur le circuit individuel, se nourrissent de cette aventure collective pour gagner en exp\u00e9rience et en maturit\u00e9.<\/p>\n<p class=\" wall-content\">La marche est haute, mais l\u2019envie est intacte. Le TC Fontainebleau sait qu\u2019il lui faudra batailler face \u00e0 des \u00e9quipes de tr\u00e8s haut niveau. La poule de ProA est relev\u00e9e, avec notamment Boulogne-Billancourt, v\u00e9ritable r\u00e9f\u00e9rence du tennis f\u00e9minin fran\u00e7ais, emmen\u00e9e par des pointures comme Lo\u00efs Boisson et Elsa Jacquemot.<\/p>\n<p class=\" wall-content\">Les Bellifontaines commenceront leur parcours le 16 novembre \u00e0 Cormontreuil, avant d\u2019encha\u00eener contre Tremblay le 19 novembre. Elles recevront ensuite \u00e0 Croissy-Beaubourg, sur le site de la Ligue, Boulogne-Billancourt le 23 novembre, puis Aubone lors de la derni\u00e8re journ\u00e9e. Autant de rencontres qui s\u2019annoncent intenses, o\u00f9 chaque point comptera, mais o\u00f9 Fontainebleau entend jouer sa chance \u00e0 fond. L\u2019effectif de Fontainebleau est aussi s\u00e9duisant avec Manon L\u00e9onard, n\u00b0 8 fran\u00e7aise, Gabriela Knutson, assimil\u00e9e n\u00b08, Yasmine Mansouri, recrue de choix, n\u00b0 21, Amandine Monnot N\u00b024 et Aubane Droguet, -4\/6. Viennent se rajouter \u00e0 cette 1\u02b3\u1d49 liste, Ariane Artoneau, Tatiana Pieri, Daniela Vismane et Elitsa Kostova. Quatre joueuses qui pourront \u00e0 un moment ou un autre int\u00e9grer l\u2019\u00e9quipe\u2026.<\/p>\n<p class=\" wall-content\">Au-del\u00e0 du simple exploit sportif, cette mont\u00e9e couronne la solidit\u00e9 d\u2019un projet collectif et confirme la place du TC Fontainebleau comme club phare en Seine-et-Marne. \u00a0\u00bb Ces championnats en ProA sont la preuve que nous sommes sur la bonne voie \u00ab\u00a0, conclut Gr\u00e9gory Coupp\u00e9, d\u00e9j\u00e0 concentr\u00e9 sur cette nouvelle aventure.<\/p>\n<p class=\" wall-content\">Personnalisez votre actualit\u00e9 en ajoutant vos villes et m\u00e9dias en favori avec <a href=\"https:\/\/moncompte.actu.fr\" title=\"D\u00e9couvez Mon Actu\" rel=\"nofollow noopener\" data-trk=\"{&quot;cta&quot;:{&quot;action&quot;:&quot;https:\\\/\\\/moncompte.actu.fr&quot;,&quot;category&quot;:&quot;mon compte&quot;,&quot;from&quot;:&quot;article footer&quot;,&quot;name&quot;:&quot;Mon actu&quot;,&quot;type&quot;:&quot;cta&quot;}}\" target=\"_blank\">Mon Actu<\/a>.<\/p>\n","protected":false},"excerpt":{"rendered":"Par R\u00e9daction La R\u00e9publique de Seine et Marne Publi\u00e9 le 9 nov. 2025 \u00e0 19h00 Apr\u00e8s plusieurs saisons&hellip;\n","protected":false},"author":2,"featured_media":524211,"comment_status":"","ping_status":"","sticky":false,"template":"","format":"standard","meta":{"footnotes":""},"categories":[1415],"tags":[1011,27,60,1467],"class_list":{"0":"post-524210","1":"post","2":"type-post","3":"status-publish","4":"format-standard","5":"has-post-thumbnail","7":"category-tennis","8":"tag-fr","9":"tag-france","10":"tag-sports","11":"tag-tennis"},"share_on_mastodon":{"url":"https:\/\/pubeurope.com\/@fr\/115523672685023860","error":""},"_links":{"self":[{"href":"https:\/\/www.europesays.com\/fr\/wp-json\/wp\/v2\/posts\/524210","targetHints":{"allow":["GET"]}}],"collection":[{"href":"https:\/\/www.europesays.com\/fr\/wp-json\/wp\/v2\/posts"}],"about":[{"href":"https:\/\/www.europesays.com\/fr\/wp-json\/wp\/v2\/types\/post"}],"author":[{"embeddable":true,"href":"https:\/\/www.europesays.com\/fr\/wp-json\/wp\/v2\/users\/2"}],"replies":[{"embeddable":true,"href":"https:\/\/www.europesays.com\/fr\/wp-json\/wp\/v2\/comments?post=524210"}],"version-history":[{"count":0,"href":"https:\/\/www.europesays.com\/fr\/wp-json\/wp\/v2\/posts\/524210\/revisions"}],"wp:featuredmedia":[{"embeddable":true,"href":"https:\/\/www.europesays.com\/fr\/wp-json\/wp\/v2\/media\/524211"}],"wp:attachment":[{"href":"https:\/\/www.europesays.com\/fr\/wp-json\/wp\/v2\/media?parent=524210"}],"wp:term":[{"taxonomy":"category","embeddable":true,"href":"https:\/\/www.europesays.com\/fr\/wp-json\/wp\/v2\/categories?post=524210"},{"taxonomy":"post_tag","embeddable":true,"href":"https:\/\/www.europesays.com\/fr\/wp-json\/wp\/v2\/tags?post=524210"}],"curies":[{"name":"wp","href":"https:\/\/api.w.org\/{rel}","templated":true}]}}