{"id":524212,"date":"2025-11-10T05:11:14","date_gmt":"2025-11-10T05:11:14","guid":{"rendered":"https:\/\/www.europesays.com\/fr\/524212\/"},"modified":"2025-11-10T05:11:14","modified_gmt":"2025-11-10T05:11:14","slug":"cyclo-cross-de-saint-vaast-du-val-ronan-fauvel-1er-actualite","status":"publish","type":"post","link":"https:\/\/www.europesays.com\/fr\/524212\/","title":{"rendered":"Cyclo-cross de Saint-Vaast-du-Val : Ronan Fauvel 1er &#8211; Actualit\u00e9"},"content":{"rendered":"<p>                                                                    <img decoding=\"async\" src=\"https:\/\/www.europesays.com\/fr\/wp-content\/uploads\/2025\/11\/6910fa4b4e2a9.JPG\" height=\"auto\" loading=\"lazy\"\/><br \/>\n                                                                    Cr\u00e9dit photo Patrice Meunier<\/p>\n<p class=\"images-caption\">Cr\u00e9dit photo Patrice Meunier<\/p>\n<p class=\"metadata\">\n            Par<br \/>\n        <strong class=\"text-black\">    <a href=\"https:\/\/www.directvelo.com\/auteur\/8\/patrice-meunier\" class=\"hover-underline\" rel=\"author noopener\" target=\"_blank\">PATRICE MEUNIER<\/a><br \/>\n<\/strong><br \/>\n                    <br \/>Le<br \/>\n    9 novembre 2025, 21:32<\/p>\n<p>Ronan Fauvel (ES Torigni) a remport\u00e9, ce dimanche, le cyclo-cross Souvenir Arthur Ancelot \u00e0 Saint-Vaast-du-Val (Seine-Maritime). Il a devanc\u00e9 Arthur Tropardy (VC Rouen 76) et Jules Radoux (AS Tr\u00e9port).<br \/>Ronan Fauvel succ\u00e8de \u00e0 R\u00e9mi Lejeune, 4e ce dimanche.<\/p>\n<p><strong>Classement non-officiel :<\/strong><br \/>1. Ronan Fauvel (ES Torigni)<br \/>2. Arthur Tropardy (VC Rouen 76)<br \/>3. Jules Radoux (AS Tr\u00e9port)<br \/>4. R\u00e9mi Lejeune (UC Darn\u00e9tal)<br \/>5. Thomas Lefebvre (VC Saulc\u00e9en-Elbeuf Les TVO)<\/p>\n<p>Plus d&rsquo;informations \u00e0 venir.<\/p>\n","protected":false},"excerpt":{"rendered":"Cr\u00e9dit photo Patrice Meunier Cr\u00e9dit photo Patrice Meunier Par PATRICE MEUNIER Le 9 novembre 2025, 21:32 Ronan Fauvel&hellip;\n","protected":false},"author":2,"featured_media":524213,"comment_status":"","ping_status":"","sticky":false,"template":"","format":"standard","meta":{"footnotes":""},"categories":[1411],"tags":[834,828,836,829,837,827,83,826,824,823,1154,207,814,817,815,816,822,821,832,211,839,1011,27,820,818,819,835,831,830,833,838,60,212,208,825],"class_list":{"0":"post-524212","1":"post","2":"type-post","3":"status-publish","4":"format-standard","5":"has-post-thumbnail","7":"category-cyclisme","8":"tag-attaque","9":"tag-belgique","10":"tag-braquet","11":"tag-bretagne","12":"tag-chute","13":"tag-competition","14":"tag-coupe-de-france","15":"tag-coureur","16":"tag-course-cyclisme","17":"tag-course-cycliste","18":"tag-cycling","19":"tag-cyclisme","20":"tag-direct","21":"tag-direct-velo","22":"tag-directvelo","23":"tag-directvelo-com","24":"tag-epreuve","25":"tag-epreuve-cycliste","26":"tag-federation-francaise-de-cyclisme","27":"tag-ffc","28":"tag-flandres","29":"tag-fr","30":"tag-france","31":"tag-live","32":"tag-live-course","33":"tag-live-epreuve","34":"tag-peloton","35":"tag-radio-peloton","36":"tag-radio-tour","37":"tag-ravitaillement","38":"tag-relance","39":"tag-sports","40":"tag-uci","41":"tag-velo","42":"tag-velos"},"share_on_mastodon":{"url":"https:\/\/pubeurope.com\/@fr\/115523688302319122","error":""},"_links":{"self":[{"href":"https:\/\/www.europesays.com\/fr\/wp-json\/wp\/v2\/posts\/524212","targetHints":{"allow":["GET"]}}],"collection":[{"href":"https:\/\/www.europesays.com\/fr\/wp-json\/wp\/v2\/posts"}],"about":[{"href":"https:\/\/www.europesays.com\/fr\/wp-json\/wp\/v2\/types\/post"}],"author":[{"embeddable":true,"href":"https:\/\/www.europesays.com\/fr\/wp-json\/wp\/v2\/users\/2"}],"replies":[{"embeddable":true,"href":"https:\/\/www.europesays.com\/fr\/wp-json\/wp\/v2\/comments?post=524212"}],"version-history":[{"count":0,"href":"https:\/\/www.europesays.com\/fr\/wp-json\/wp\/v2\/posts\/524212\/revisions"}],"wp:featuredmedia":[{"embeddable":true,"href":"https:\/\/www.europesays.com\/fr\/wp-json\/wp\/v2\/media\/524213"}],"wp:attachment":[{"href":"https:\/\/www.europesays.com\/fr\/wp-json\/wp\/v2\/media?parent=524212"}],"wp:term":[{"taxonomy":"category","embeddable":true,"href":"https:\/\/www.europesays.com\/fr\/wp-json\/wp\/v2\/categories?post=524212"},{"taxonomy":"post_tag","embeddable":true,"href":"https:\/\/www.europesays.com\/fr\/wp-json\/wp\/v2\/tags?post=524212"}],"curies":[{"name":"wp","href":"https:\/\/api.w.org\/{rel}","templated":true}]}}