{"id":524216,"date":"2025-11-10T05:13:12","date_gmt":"2025-11-10T05:13:12","guid":{"rendered":"https:\/\/www.europesays.com\/fr\/524216\/"},"modified":"2025-11-10T05:13:12","modified_gmt":"2025-11-10T05:13:12","slug":"heurts-a-la-philharmonie-les-quatre-suspects-mis-en-examen-actualites","status":"publish","type":"post","link":"https:\/\/www.europesays.com\/fr\/524216\/","title":{"rendered":"Heurts \u00e0 la Philharmonie: les quatre suspects mis en examen : Actualit\u00e9s"},"content":{"rendered":"<p class=\"lead \">Les trois hommes et la femme retenus depuis jeudi soir \u00e0 la suite des heurts lors d&rsquo;un concert de l&rsquo;Orchestre philharmonique d&rsquo;Isra\u00ebl \u00e0 la Philharmonie de Paris ont \u00e9t\u00e9 mis en examen dimanche par un juge d&rsquo;instruction, a indiqu\u00e9 le parquet de Paris \u00e0 l&rsquo;AFP.<\/p>\n<p class=\"lead \">\u00ab\u00a0Les mis en cause ont \u00e9t\u00e9 d\u00e9f\u00e9r\u00e9s en vue de l\u2019ouverture d\u2019une information judiciaire ce dimanche\u00a0\u00bb, a pr\u00e9cis\u00e9 le minist\u00e8re public en d\u00e9but d&rsquo;apr\u00e8s-midi.<\/p>\n<p class=\"lead \">\u00ab\u00a0Les quatre mis en cause ont \u00e9t\u00e9 mis en examen et plac\u00e9s sous contr\u00f4le judiciaire\u00a0\u00bb, a pr\u00e9cis\u00e9 ult\u00e9rieurement le minist\u00e8re public.<\/p>\n<p class=\"lead \">Le juge est saisi de nombreuses infractions: d\u00e9gradation du bien d&rsquo;autrui par un moyen dangereux pour les personnes, mise en danger d&rsquo;autrui, d\u00e9tention sans motif l\u00e9gitime et interdit par arr\u00eat\u00e9 pr\u00e9fectoral de produit incendiaire, organisation d&rsquo;une manifestation sur la voie publique sans d\u00e9claration, refus de se soumettre aux op\u00e9rations de relev\u00e9s signal\u00e9tiques int\u00e9gr\u00e9s dans un fichier de police par personne soup\u00e7onn\u00e9e de d\u00e9lit, violence avec usage ou menace d&rsquo;une arme.<\/p>\n<p class=\"lead \">Le parquet a indiqu\u00e9 avoir requis pour les mis en cause des interdictions de para\u00eetre \u00e0 Paris, aux abords et dans les salles de spectacles.<\/p>\n<p class=\"lead \">Par ailleurs, samedi, en fin d&rsquo;apr\u00e8s-midi, un groupe propalestinien s&rsquo;est rassembl\u00e9, en soutien, devant le commissariat du XIXe arrondissement o\u00f9 ces quatre personnes \u00e9taient entendues, avant d&rsquo;\u00eatre d\u00e9f\u00e9r\u00e9es au tribunal judiciaire de Paris, selon une source polici\u00e8re.<\/p>\n<p class=\"lead \">Ils ont rapidement \u00e9t\u00e9 rejoints par un groupe pro-isra\u00e9lien et une rixe a \u00e9clat\u00e9 entre eux.<\/p>\n<p class=\"lead \">Des policiers sont intervenus pour les s\u00e9parer et trois d&rsquo;entre eux ont \u00e9t\u00e9 bless\u00e9s.<\/p>\n<p class=\"lead \">Trois militants pro-isra\u00e9liens et un propalestinien ont \u00e9t\u00e9 interpell\u00e9s apr\u00e8s cette rixe, selon la source polici\u00e8re.<\/p>\n<p class=\"lead \">Les trois premiers ont \u00e9t\u00e9 arr\u00eat\u00e9s \u00ab\u00a0pour outrage, violences sur personne d\u00e9positaire de l&rsquo;autorit\u00e9 publique\u00a0\u00bb et plac\u00e9s en garde \u00e0 vue. Le militant propalestinien a \u00e9t\u00e9 interpell\u00e9 par la suite, apr\u00e8s avoir tenu des propos antis\u00e9mites.<\/p>\n<p class=\"lead \">Jeudi, lors d&rsquo;une repr\u00e9sentation donn\u00e9e par l&rsquo;Israel Philharmonic Orchestra, des spectateurs en possession d&rsquo;un billet ont tent\u00e9 d&rsquo;interrompre le concert, dont deux fois avec l&rsquo;usage de fumig\u00e8nes. <\/p>\n<p class=\"lead \">Le ministre de l&rsquo;Int\u00e9rieur Laurent Nu\u00f1ez a estim\u00e9 jeudi qu'\u00a0\u00bbil n&rsquo;y a aucune cause qui justifie qu&rsquo;on mette en danger la vie des spectateurs\u00a0\u00bb.<\/p>\n<p class=\"lead \">La Cit\u00e9 de la musique-Philharmonie de Paris a indiqu\u00e9 avoir port\u00e9 plainte et a condamn\u00e9 \u00ab\u00a0fermement les graves incidents\u00a0\u00bb survenus dans la grande salle de concert Pierre-Boulez.<\/p>\n<p class=\"lead \">\u00ab\u00a0La violence n&rsquo;a pas sa place dans une salle de concert\u00a0\u00bb, avait d\u00e9nonc\u00e9 la ministre de la Culture Rachida Dati, en soulignant que \u00ab\u00a0la libert\u00e9 de programmation et de cr\u00e9ation est un droit fondamental de notre R\u00e9publique\u00a0\u00bb.<\/p>\n<p class=\"small font-weight-bold text-gray3 \"> publi\u00e9 le 9 novembre \u00e0 18h54, AFP<\/p>\n<p>                             Partager<\/p>\n","protected":false},"excerpt":{"rendered":"Les trois hommes et la femme retenus depuis jeudi soir \u00e0 la suite des heurts lors d&rsquo;un concert&hellip;\n","protected":false},"author":2,"featured_media":524217,"comment_status":"","ping_status":"","sticky":false,"template":"","format":"standard","meta":{"footnotes":""},"categories":[1359],"tags":[10411,58,1769,59,1011,27,3819,873,973,1072],"class_list":{"0":"post-524216","1":"post","2":"type-post","3":"status-publish","4":"format-standard","5":"has-post-thumbnail","7":"category-people","8":"tag-conflits","9":"tag-divertissement","10":"tag-enqute","11":"tag-entertainment","12":"tag-fr","13":"tag-france","14":"tag-isral","15":"tag-musique","16":"tag-people","17":"tag-police"},"share_on_mastodon":{"url":"https:\/\/pubeurope.com\/@fr\/115523695781830880","error":""},"_links":{"self":[{"href":"https:\/\/www.europesays.com\/fr\/wp-json\/wp\/v2\/posts\/524216","targetHints":{"allow":["GET"]}}],"collection":[{"href":"https:\/\/www.europesays.com\/fr\/wp-json\/wp\/v2\/posts"}],"about":[{"href":"https:\/\/www.europesays.com\/fr\/wp-json\/wp\/v2\/types\/post"}],"author":[{"embeddable":true,"href":"https:\/\/www.europesays.com\/fr\/wp-json\/wp\/v2\/users\/2"}],"replies":[{"embeddable":true,"href":"https:\/\/www.europesays.com\/fr\/wp-json\/wp\/v2\/comments?post=524216"}],"version-history":[{"count":0,"href":"https:\/\/www.europesays.com\/fr\/wp-json\/wp\/v2\/posts\/524216\/revisions"}],"wp:featuredmedia":[{"embeddable":true,"href":"https:\/\/www.europesays.com\/fr\/wp-json\/wp\/v2\/media\/524217"}],"wp:attachment":[{"href":"https:\/\/www.europesays.com\/fr\/wp-json\/wp\/v2\/media?parent=524216"}],"wp:term":[{"taxonomy":"category","embeddable":true,"href":"https:\/\/www.europesays.com\/fr\/wp-json\/wp\/v2\/categories?post=524216"},{"taxonomy":"post_tag","embeddable":true,"href":"https:\/\/www.europesays.com\/fr\/wp-json\/wp\/v2\/tags?post=524216"}],"curies":[{"name":"wp","href":"https:\/\/api.w.org\/{rel}","templated":true}]}}