{"id":524225,"date":"2025-11-10T05:20:09","date_gmt":"2025-11-10T05:20:09","guid":{"rendered":"https:\/\/www.europesays.com\/fr\/524225\/"},"modified":"2025-11-10T05:20:09","modified_gmt":"2025-11-10T05:20:09","slug":"ol-psg-la-celebration-provocante-de-goncalo-ramos-fait-polemique","status":"publish","type":"post","link":"https:\/\/www.europesays.com\/fr\/524225\/","title":{"rendered":"OL &#8211; PSG : la c\u00e9l\u00e9bration provocante de Gon\u00e7alo Ramos fait pol\u00e9mique"},"content":{"rendered":"<p data-testid=\"article-teaser\">Gon\u00e7alo Ramos a provoqu\u00e9 les supporters lyonnais apr\u00e8s le but victorieux du PSG dimanche. L&rsquo;attaquant portugais a envoy\u00e9 des baisers et lev\u00e9 les poings.<\/p>\n<p>Gon\u00e7alo Ramos a provoqu\u00e9 la col\u00e8re des supporters lyonnais <a href=\"https:\/\/www.goal.com\/fr\/listes\/l-ol-craque-dans-le-money-time-le-psg-s-impose-encore-sur-le-gong-2-3\/blt2e034e48d3cccb78\" target=\"_self\" rel=\"noopener\">dimanche soir au Groupama Stadium lors de la victoire du PSG (2-3)<\/a>. Apr\u00e8s le but victorieux de Joao Neves dans le temps additionnel (90e+5), l&rsquo;attaquant portugais du PSG <a href=\"https:\/\/rmcsport.bfmtv.com\/football\/ligue-1\/baisers-envoyes-et-poings-leves-goncalo-ramos-a-copieusement-chambre-les-supporters-de-l-ol-lors-de-la-victoire-du-psg_AV-202511090404.html\" target=\"_self\" rel=\"noopener\">s&rsquo;est dirig\u00e9 vers le virage nord pour chambrer copieusement les Bad Gones.\u00a0<\/a>L&rsquo;avant-centre de 24 ans a envoy\u00e9 plusieurs baisers dans leur direction avant de sauter les bras lev\u00e9s face au kop lyonnais. Un comportement qui a provoqu\u00e9 une vive r\u00e9action.<\/p>\n<p>Gon\u00e7alo Ramos a chambre les supporters de l&rsquo;OL<\/p>\n<p>Afonso Moreira, ailier lyonnais et compatriote de Ramos, a jailli du banc pour mettre fin \u00e0 la provocation. Le joueur de l&rsquo;OL a empoign\u00e9 le num\u00e9ro 9 parisien et l&rsquo;a repouss\u00e9 vers le terrain. Malgr\u00e9 l&rsquo;intervention de Moreira, Ramos a continu\u00e9 quelques instants \u00e0 provoquer les supporters mass\u00e9s derri\u00e8re les buts. Ces derniers ont r\u00e9pondu par des doigts d&rsquo;honneur, des insultes et quelques jets de projectiles en direction de l&rsquo;attaquant parisien.<\/p>\n<p><a href=\"https:\/\/rmcsport.bfmtv.com\/football\/ligue-1\/direct-ol-psg-suivez-le-match-allechant-de-cloture-de-la-12e-journee-de-ligue-1-entre-lyon-et-paris-en-live_LS-202511090085.html\" target=\"_self\" rel=\"noopener\">Le PSG s&rsquo;est impos\u00e9 au terme d&rsquo;un match spectaculaire marqu\u00e9 par cinq buts.<\/a> Warren Za\u00efre-Emery et Khvicha Kvaratskhelia avaient donn\u00e9 l&rsquo;avantage aux Parisiens, mais Lyon a \u00e9galis\u00e9 par deux fois gr\u00e2ce \u00e0 Afonso Moreira et Ainsley Maitland-Niles. Lucas Chevalier, gardien parisien, a \u00e9t\u00e9 jug\u00e9 fautif sur les deux buts lyonnais. La t\u00eate de Joao Neves sur corner dans le temps additionnel a finalement offert la victoire au PSG.<\/p>\n<p><img class=\"fco-image__image\" alt=\"FBL-FRA-LIGUE1-LYON-PSG\"   loading=\"lazy\" decoding=\"async\" fetchpriority=\"auto\" width=\"3993\" height=\"2662\" src=\"https:\/\/www.europesays.com\/fr\/wp-content\/uploads\/2025\/11\/GettyImages-2245387052.jpg\" style=\"aspect-ratio:3993 \/ 2662;width:100%;height:100%\"\/>Getty Images<\/p>\n<p>Ce succ\u00e8s au forceps permet aux joueurs de Luis Enrique de reprendre la t\u00eate du championnat de Ligue 1, avec deux points d&rsquo;avance sur l&rsquo;OM et Lens. L&rsquo;OL, qui avait \u00e9galis\u00e9 \u00e0 deux reprises, pointe \u00e0 la septi\u00e8me place du classement apr\u00e8s cette d\u00e9faite frustrante \u00e0 domicile. Le match s&rsquo;est termin\u00e9 dans une atmosph\u00e8re tendue, avec des \u00e9changes houleux entre joueurs et supporters.<\/p>\n<p>Gon\u00e7alo Ramos, entr\u00e9 en fin de match, n&rsquo;a pas particip\u00e9 au but victorieux mais a choisi de c\u00e9l\u00e9brer la victoire de mani\u00e8re provocante. L&rsquo;attaquant portugais n&rsquo;a pas fait de d\u00e9claration apr\u00e8s la rencontre. Le PSG, qui reste invaincu depuis le d\u00e9but de la saison, compte d\u00e9sormais 27 points apr\u00e8s 12 journ\u00e9es. La prochaine rencontre des Parisiens aura lieu apr\u00e8s la tr\u00eave internationale face au Havre.<\/p>\n","protected":false},"excerpt":{"rendered":"Gon\u00e7alo Ramos a provoqu\u00e9 les supporters lyonnais apr\u00e8s le but victorieux du PSG dimanche. L&rsquo;attaquant portugais a envoy\u00e9&hellip;\n","protected":false},"author":2,"featured_media":524226,"comment_status":"","ping_status":"","sticky":false,"template":"","format":"standard","meta":{"footnotes":""},"categories":[9],"tags":[1011,27,3556,66,2428,64055,91,60],"class_list":{"0":"post-524225","1":"post","2":"type-post","3":"status-publish","4":"format-standard","5":"has-post-thumbnail","7":"category-sports","8":"tag-fr","9":"tag-france","10":"tag-g-ramos","11":"tag-ligue-1","12":"tag-lyon","13":"tag-lyon-vs-paris-saint-germain","14":"tag-paris-saint-germain","15":"tag-sports"},"share_on_mastodon":{"url":"https:\/\/pubeurope.com\/@fr\/115523724030069430","error":""},"_links":{"self":[{"href":"https:\/\/www.europesays.com\/fr\/wp-json\/wp\/v2\/posts\/524225","targetHints":{"allow":["GET"]}}],"collection":[{"href":"https:\/\/www.europesays.com\/fr\/wp-json\/wp\/v2\/posts"}],"about":[{"href":"https:\/\/www.europesays.com\/fr\/wp-json\/wp\/v2\/types\/post"}],"author":[{"embeddable":true,"href":"https:\/\/www.europesays.com\/fr\/wp-json\/wp\/v2\/users\/2"}],"replies":[{"embeddable":true,"href":"https:\/\/www.europesays.com\/fr\/wp-json\/wp\/v2\/comments?post=524225"}],"version-history":[{"count":0,"href":"https:\/\/www.europesays.com\/fr\/wp-json\/wp\/v2\/posts\/524225\/revisions"}],"wp:featuredmedia":[{"embeddable":true,"href":"https:\/\/www.europesays.com\/fr\/wp-json\/wp\/v2\/media\/524226"}],"wp:attachment":[{"href":"https:\/\/www.europesays.com\/fr\/wp-json\/wp\/v2\/media?parent=524225"}],"wp:term":[{"taxonomy":"category","embeddable":true,"href":"https:\/\/www.europesays.com\/fr\/wp-json\/wp\/v2\/categories?post=524225"},{"taxonomy":"post_tag","embeddable":true,"href":"https:\/\/www.europesays.com\/fr\/wp-json\/wp\/v2\/tags?post=524225"}],"curies":[{"name":"wp","href":"https:\/\/api.w.org\/{rel}","templated":true}]}}