{"id":524231,"date":"2025-11-10T05:23:11","date_gmt":"2025-11-10T05:23:11","guid":{"rendered":"https:\/\/www.europesays.com\/fr\/524231\/"},"modified":"2025-11-10T05:23:11","modified_gmt":"2025-11-10T05:23:11","slug":"il-arrive-cette-semaine-si-vous-habitez-dans-ce-departement-de-france","status":"publish","type":"post","link":"https:\/\/www.europesays.com\/fr\/524231\/","title":{"rendered":"il arrive cette semaine si vous habitez dans ce d\u00e9partement de France"},"content":{"rendered":"<p data-start=\"0\" data-end=\"645\">La campagne d\u2019envoi du ch\u00e8que \u00e9nergie d\u00e9bute enfin ce <strong>lundi 3 novembre<\/strong>. Cette aide, dont le <a href=\"https:\/\/www.tuxboard.com\/apl-evitez-la-baisse-en-2025-selon-la-caf-avec-ces-demarches\/\" target=\"_blank\" rel=\"noopener\">montant<\/a> varie entre 48 et 277 euros, vise \u00e0 soutenir les foyers modestes dans le r\u00e8glement de leurs factures d\u2019\u00e9lectricit\u00e9, de gaz ou <a href=\"https:\/\/www.tuxboard.com\/cheque-energie-le-guichet-pour-en-faire-la-demande-est-ouvert-depuis-le-15-octobre-25102025\/\" target=\"_blank\" rel=\"noopener\">d\u2019autres sources d\u2019\u00e9nergie.<\/a><\/p>\n<p>Ch\u00e8que \u00e9nergie : tout savoir sur cette aide pr\u00e9cieuse du gouvernement<\/p>\n<p data-start=\"0\" data-end=\"471\">Le ch\u00e8que \u00e9nergie est <strong>une aide financi\u00e8re<\/strong> mise en place par l\u2019\u00c9tat pour soutenir les m\u00e9nages aux revenus modestes. Dans le paiement de leurs factures d\u2019\u00e9nergie.<\/p>\n<p>Attribu\u00e9 automatiquement, sans <a href=\"https:\/\/www.tuxboard.com\/cheque-energie-voici-quand-vous-allez-le-recevoir-selon-votre-departement-de-residence\/\" target=\"_blank\" rel=\"noopener\">d\u00e9marche \u00e0 effectuer<\/a>, il est envoy\u00e9 aux foyers dont le revenu fiscal de r\u00e9f\u00e9rence par unit\u00e9 de consommation ne d\u00e9passe pas un certain plafond, r\u00e9vis\u00e9 chaque ann\u00e9e. Son montant varie entre <strong>48 et 277 euros.<\/strong><\/p>\n<p data-start=\"0\" data-end=\"471\">Et ce, selon les ressources et la composition du foyer. Ce ch\u00e8que peut \u00eatre utilis\u00e9 pour r\u00e9gler<strong> les factures d\u2019\u00e9lectricit\u00e9<\/strong>, de gaz, de fioul, de bois ou encore pour financer certains travaux de r\u00e9novation \u00e9nerg\u00e9tique r\u00e9alis\u00e9s par un professionnel certifi\u00e9 RGE.<\/p>\n<p data-start=\"0\" data-end=\"471\">Il est valable un an et peut \u00eatre utilis\u00e9 en ligne ou envoy\u00e9 directement<a href=\"https:\/\/www.tuxboard.com\/cheque-energie-cheque-energie-2025-apres-cette-date-vous-ne-pourrez-plus-en-faire-de-demande-16092025\/\" target=\"_blank\" rel=\"noopener\"> au fournisseur d\u2019\u00e9nergie<\/a>. En 2025, le dispositif reste inchang\u00e9, mais fait face \u00e0 des d\u00e9bats sur son efficacit\u00e9.<\/p>\n<p>Bien qu\u2019utile, il ne compense pas toujours la hausse des prix de l\u2019\u00e9nergie. Certaines familles cumulent le ch\u00e8que \u00e9nergie avec d\u2019autres aides, comme le bouclier tarifaire ou le Fonds de solidarit\u00e9 pour le logement (FSL), pour <strong>all\u00e9ger leurs d\u00e9penses<\/strong>.<\/p>\n<p data-start=\"0\" data-end=\"471\">Ce soutien, symbole de la lutte contre <a href=\"https:\/\/www.tuxboard.com\/cheque-energie-voici-quand-et-comment-en-faire-la-demande-pour-le-recevoir-en-2025-13092025\/\" target=\"_blank\" rel=\"noopener\">la pr\u00e9carit\u00e9 \u00e9nerg\u00e9tique<\/a>, concerne environ 5,6 millions de <strong>foyers en France<\/strong>. Cette ann\u00e9e, l\u2019op\u00e9ration intervient bien plus tard que d\u2019habitude.<\/p>\n<p>La premi\u00e8re vague d\u00e9bute cette semaine<\/p>\n<p data-start=\"926\" data-end=\"1521\">La premi\u00e8re vague d\u2019envoi s\u2019\u00e9tend du 3 au 7 novembre. Elle concerne notamment les <strong>d\u00e9partements du Nord<\/strong>, du Pas-de-Calais, de la Seine-Saint-Denis, de l\u2019Aisne, de la Somme, du Cantal. De la Ni\u00e8vre, de l\u2019Aude, du Gard, du Tarn.<\/p>\n<p>Du Vaucluse, des Alpes-de-Haute-Provence et plusieurs autres, ainsi que l\u2019ensemble <strong>des territoires d\u2019Outre-mer<\/strong>. Parmi lesquels La R\u00e9union, la Guadeloupe, la Guyane, Mayotte, Saint-Martin et la Martinique.<\/p>\n<p data-start=\"926\" data-end=\"1521\">La ville de Grenoble recevra \u00e9galement les ch\u00e8ques cette semaine, contrairement au reste du <strong>d\u00e9partement de l\u2019Is\u00e8re<\/strong>, qui devra patienter encore un peu. La deuxi\u00e8me phase aura lieu du 10 au 14 novembre.<\/p>\n<p data-start=\"926\" data-end=\"1521\">Elle concernera des d\u00e9partements tels que la Loire, l\u2019Ard\u00e8che, la Dr\u00f4me, la Sa\u00f4ne-et-Loire, la Haute-Sa\u00f4ne, la Manche. Le Calvados, la Charente, la Corr\u00e8ze,<strong> la Haute-Vienne<\/strong>, les Deux-S\u00e8vres, la Charente-Maritime, les Landes.<\/p>\n<p>Mais aussi le Lot, l\u2019H\u00e9rault, l\u2019Aveyron, le Gers, la Mayenne, la Sarthe, le Maine-et-Loire, la Vend\u00e9e ou <strong>encore les Hautes-Alpes<\/strong>. Du 17 au 21 novembre, la troisi\u00e8me vague se verra envoy\u00e9e dans les d\u00e9partements comme le Puy-de-D\u00f4me, la C\u00f4te-d\u2019Or, le Jura.<\/p>\n<p>Un ch\u00e8que \u00e9nergie attendu et vers\u00e9 par salve<\/p>\n<p data-start=\"926\" data-end=\"1521\">Le Doubs, le Finist\u00e8re, le Morbihan, l\u2019Ille-et-Vilaine, le Loiret, l\u2019Indre-et-Loire, l\u2019Eure-et-Loir, la Moselle, la Meurthe-et-Moselle. Mais aussi le Bas-Rhin, l\u2019Oise, le Val-d\u2019Oise, les Pyr\u00e9n\u00e9es-Atlantiques, la Gironde, la Haute-Garonne, <strong>la Loire-Atlantique.<\/strong><\/p>\n<p data-start=\"926\" data-end=\"1521\">Ainsi que les Bouches-du-Rh\u00f4ne, le Var et les Alpes-Maritimes. Enfin, la derni\u00e8re vague d\u2019envoi, pr\u00e9vue du <strong>24 au 28 novembre<\/strong>, concernera principalement l\u2019\u00cele-de-France.<\/p>\n<p data-start=\"926\" data-end=\"1521\">Les b\u00e9n\u00e9ficiaires des d\u00e9partements du Val-de-Marne, de la Seine-et-Marne, de l\u2019Essonne, des Yvelines, des Hauts-de-Seine et de Paris recevront leur ch\u00e8que au cours de cette p\u00e9riode. Tout comme ceux du Haut-Rhin, de l\u2019Is\u00e8re (hors Grenoble), <strong>de la Savoie.<\/strong><\/p>\n<p data-start=\"926\" data-end=\"1521\">Mais aussi le Rh\u00f4ne, de l\u2019Ain et de la Haute-Savoie. Ainsi, d\u2019ici la fin du mois de novembre, <strong>l\u2019ensemble des b\u00e9n\u00e9ficiaires<\/strong> devraient avoir re\u00e7u leur ch\u00e8que \u00e9nergie, malgr\u00e9 un calendrier chamboul\u00e9 cette ann\u00e9e par les al\u00e9as budg\u00e9taires.<\/p>\n","protected":false},"excerpt":{"rendered":"La campagne d\u2019envoi du ch\u00e8que \u00e9nergie d\u00e9bute enfin ce lundi 3 novembre. Cette aide, dont le montant varie&hellip;\n","protected":false},"author":2,"featured_media":524232,"comment_status":"","ping_status":"","sticky":false,"template":"","format":"standard","meta":{"footnotes":""},"categories":[6],"tags":[35,982,33,34,1011,27],"class_list":{"0":"post-524231","1":"post","2":"type-post","3":"status-publish","4":"format-standard","5":"has-post-thumbnail","7":"category-economie","8":"tag-business","9":"tag-cheque-energie","10":"tag-economie","11":"tag-economy","12":"tag-fr","13":"tag-france"},"share_on_mastodon":{"url":"https:\/\/pubeurope.com\/@fr\/115523734958372555","error":""},"_links":{"self":[{"href":"https:\/\/www.europesays.com\/fr\/wp-json\/wp\/v2\/posts\/524231","targetHints":{"allow":["GET"]}}],"collection":[{"href":"https:\/\/www.europesays.com\/fr\/wp-json\/wp\/v2\/posts"}],"about":[{"href":"https:\/\/www.europesays.com\/fr\/wp-json\/wp\/v2\/types\/post"}],"author":[{"embeddable":true,"href":"https:\/\/www.europesays.com\/fr\/wp-json\/wp\/v2\/users\/2"}],"replies":[{"embeddable":true,"href":"https:\/\/www.europesays.com\/fr\/wp-json\/wp\/v2\/comments?post=524231"}],"version-history":[{"count":0,"href":"https:\/\/www.europesays.com\/fr\/wp-json\/wp\/v2\/posts\/524231\/revisions"}],"wp:featuredmedia":[{"embeddable":true,"href":"https:\/\/www.europesays.com\/fr\/wp-json\/wp\/v2\/media\/524232"}],"wp:attachment":[{"href":"https:\/\/www.europesays.com\/fr\/wp-json\/wp\/v2\/media?parent=524231"}],"wp:term":[{"taxonomy":"category","embeddable":true,"href":"https:\/\/www.europesays.com\/fr\/wp-json\/wp\/v2\/categories?post=524231"},{"taxonomy":"post_tag","embeddable":true,"href":"https:\/\/www.europesays.com\/fr\/wp-json\/wp\/v2\/tags?post=524231"}],"curies":[{"name":"wp","href":"https:\/\/api.w.org\/{rel}","templated":true}]}}