{"id":524233,"date":"2025-11-10T05:24:14","date_gmt":"2025-11-10T05:24:14","guid":{"rendered":"https:\/\/www.europesays.com\/fr\/524233\/"},"modified":"2025-11-10T05:24:14","modified_gmt":"2025-11-10T05:24:14","slug":"trois-tues-et-au-moins-15-blesses-a-tenerife-apres-des-vagues-geantes","status":"publish","type":"post","link":"https:\/\/www.europesays.com\/fr\/524233\/","title":{"rendered":"Trois tu\u00e9s et au moins 15 bless\u00e9s \u00e0 Tenerife apr\u00e8s des vagues g\u00e9antes"},"content":{"rendered":"<p>  Par&amp;nbsp<a href=\"https:\/\/fr.euronews.com\/profils\/2908\" target=\"_blank\" rel=\"noopener\">Jes\u00fas Maturana<\/a>&amp;nbsp&amp;&amp;nbsp<b>Jean-Philippe LIABOT<\/b><\/p>\n<p>\n         Publi\u00e9 le<br \/>\n            09\/11\/2025 &#8211; 17:44 UTC+1\n            <\/p>\n<p>Le premier incident a eu lieu sur <strong>la plage de Roque de Las Bodegas<\/strong>, \u00e0 Taganana, o\u00f9 <strong>six touristes fran\u00e7ais sont tomb\u00e9s \u00e0 l&rsquo;eau apr\u00e8s avoir \u00e9t\u00e9 happ\u00e9s par les vagues<\/strong>. Des sources de la police locale ont confirm\u00e9 que les personnes touch\u00e9es ont \u00e9t\u00e9 emport\u00e9es par la mer apr\u00e8s avoir ignor\u00e9 une bou\u00e9e de pr\u00e9vention install\u00e9e dans la zone. Une femme a subi des blessures mod\u00e9r\u00e9es et a \u00e9t\u00e9 transport\u00e9e par h\u00e9licopt\u00e8re m\u00e9dical, tandis que quatre autres ont d\u00fb \u00eatre hospitalis\u00e9s et qu&rsquo;un cinqui\u00e8me a \u00e9t\u00e9 soign\u00e9 sur place.<\/p>\n<p>Plus tard, sur la <strong>plage d&rsquo;El Cabezo de Granadilla de Abona<\/strong>, dans le sud de l&rsquo;\u00eele, le corps sans vie d&rsquo;un homme a \u00e9t\u00e9 retrouv\u00e9 flottant dans la mer. Les sauveteurs et le personnel du service d&rsquo;urgence des \u00eeles Canaries ont effectu\u00e9 des man\u0153uvres de r\u00e9animation cardio-pulmonaire, sans r\u00e9sultat. <\/p>\n<p><strong>Le bilan tragique s&rsquo;alourdit \u00e0 Puerto de la Cruz<\/strong><\/p>\n<p>L&rsquo;incident le plus grave s&rsquo;est produit sur le <strong>quai de Puerto de la Cruz<\/strong>, (tweet ci-dessous) au nord de T\u00e9n\u00e9riffe, o\u00f9 <strong>dix personnes ont \u00e9t\u00e9 emport\u00e9es par une \u00e9norme vague<\/strong> alors qu&rsquo;elles se promenaient sur un quai**.** La police locale et des t\u00e9moins de la sc\u00e8ne ont aid\u00e9 \u00e0 sauver les personnes touch\u00e9es. Une femme a \u00e9t\u00e9 retrouv\u00e9e en arr\u00eat cardio-respiratoire et, malgr\u00e9 les efforts du personnel m\u00e9dical qui a envoy\u00e9 cinq ambulances sur place, son d\u00e9c\u00e8s a \u00e9t\u00e9 confirm\u00e9.<\/p>\n<p>Parmi les autres victimes, <strong>trois souffrent de blessures graves<\/strong>, quatre de blessures mod\u00e9r\u00e9es et deux de blessures l\u00e9g\u00e8res, toutes hospitalis\u00e9es dans diff\u00e9rents centres de sant\u00e9 de l&rsquo;\u00eele.<\/p>\n<p>En fin d&rsquo;apr\u00e8s-midi, vers 16h42, le Centre de coordination des urgences et de la s\u00e9curit\u00e9 112 a re\u00e7u une nouvelle alerte : un homme \u00e9tait tomb\u00e9 \u00e0 la mer dans la zone de <strong>Charco del Viento, dans la municipalit\u00e9 de La Guancha<\/strong>. Un h\u00e9licopt\u00e8re l&rsquo;a secouru et l&rsquo;a \u00e9vacu\u00e9. Le personnel m\u00e9dical a confirm\u00e9 son d\u00e9c\u00e8s un peu plus tard en raison de la gravit\u00e9 de ses blessures.<\/p>\n<p>Les \u00eeles Canaries en pr\u00e9-alerte pour des ph\u00e9nom\u00e8nes c\u00f4tiers<\/p>\n<p>Depuis vendredi, les <strong>\u00eeles Canaries \u00e9taient en alerte pour des ph\u00e9nom\u00e8nes c\u00f4tiers<\/strong>, avec des vagues pouvant atteindre <strong>quatre m\u00e8tres de haut et des vents de force 6.<\/strong> Les autorit\u00e9s avaient pr\u00e9venu du mauvais \u00e9tat de la mer, bien que plusieurs incidents se soient produits apr\u00e8s le non-respect des panneaux pr\u00e9ventifs install\u00e9s dans les zones \u00e0 risque.<\/p>\n<p>Cette temp\u00eate en mer a mis en \u00e9vidence la n\u00e9cessit\u00e9 de faire preuve d&rsquo;<strong>une extr\u00eame prudence<\/strong> dans les zones c\u00f4ti\u00e8res lorsque les conditions m\u00e9t\u00e9orologiques sont d\u00e9favorables, et \u00e0 toujours respecter les avertissements \u00e9mis par les services d&rsquo;urgence.<\/p>\n","protected":false},"excerpt":{"rendered":"Par&amp;nbspJes\u00fas Maturana&amp;nbsp&amp;&amp;nbspJean-Philippe LIABOT Publi\u00e9 le 09\/11\/2025 &#8211; 17:44 UTC+1 Le premier incident a eu lieu sur la plage&hellip;\n","protected":false},"author":2,"featured_media":524234,"comment_status":"","ping_status":"","sticky":false,"template":"","format":"standard","meta":{"footnotes":""},"categories":[5],"tags":[119,11,3983,1011,27,14,2487,12,7747,64423,28],"class_list":{"0":"post-524233","1":"post","2":"type-post","3":"status-publish","4":"format-standard","5":"has-post-thumbnail","7":"category-international","8":"tag-accident","9":"tag-actualites","10":"tag-deces","11":"tag-fr","12":"tag-france","13":"tag-international","14":"tag-meteo","15":"tag-news","16":"tag-tempete","17":"tag-tenerife","18":"tag-world"},"share_on_mastodon":{"url":"https:\/\/pubeurope.com\/@fr\/115523739041789883","error":""},"_links":{"self":[{"href":"https:\/\/www.europesays.com\/fr\/wp-json\/wp\/v2\/posts\/524233","targetHints":{"allow":["GET"]}}],"collection":[{"href":"https:\/\/www.europesays.com\/fr\/wp-json\/wp\/v2\/posts"}],"about":[{"href":"https:\/\/www.europesays.com\/fr\/wp-json\/wp\/v2\/types\/post"}],"author":[{"embeddable":true,"href":"https:\/\/www.europesays.com\/fr\/wp-json\/wp\/v2\/users\/2"}],"replies":[{"embeddable":true,"href":"https:\/\/www.europesays.com\/fr\/wp-json\/wp\/v2\/comments?post=524233"}],"version-history":[{"count":0,"href":"https:\/\/www.europesays.com\/fr\/wp-json\/wp\/v2\/posts\/524233\/revisions"}],"wp:featuredmedia":[{"embeddable":true,"href":"https:\/\/www.europesays.com\/fr\/wp-json\/wp\/v2\/media\/524234"}],"wp:attachment":[{"href":"https:\/\/www.europesays.com\/fr\/wp-json\/wp\/v2\/media?parent=524233"}],"wp:term":[{"taxonomy":"category","embeddable":true,"href":"https:\/\/www.europesays.com\/fr\/wp-json\/wp\/v2\/categories?post=524233"},{"taxonomy":"post_tag","embeddable":true,"href":"https:\/\/www.europesays.com\/fr\/wp-json\/wp\/v2\/tags?post=524233"}],"curies":[{"name":"wp","href":"https:\/\/api.w.org\/{rel}","templated":true}]}}