{"id":52424,"date":"2025-04-25T18:47:09","date_gmt":"2025-04-25T18:47:09","guid":{"rendered":"https:\/\/www.europesays.com\/fr\/52424\/"},"modified":"2025-04-25T18:47:09","modified_gmt":"2025-04-25T18:47:09","slug":"toulouse-nichee-dans-un-cadre-bucolique-cette-guinguette-rouvre-ses-neuf-terrasses-avec-des-nouveautes","status":"publish","type":"post","link":"https:\/\/www.europesays.com\/fr\/52424\/","title":{"rendered":"Toulouse. Nich\u00e9e dans un cadre bucolique, cette guinguette rouvre ses neuf terrasses avec des nouveaut\u00e9s"},"content":{"rendered":"<p>            Par<br \/>\n        <strong><br \/>\n            <a href=\"https:\/\/actu.fr\/auteur\/marie-lamarque\" title=\"Consulter tous les articles de Marie Lamarque\" target=\"_blank\" rel=\"noopener\">Marie Lamarque<\/a><br \/>\n        <\/strong><\/p>\n<p>        Publi\u00e9 le<\/p>\n<p>            25 avr. 2025 \u00e0 18h44        <\/p>\n<p>Au pied des coteaux de Pech-David, <strong>Les Terrasses de l\u2019Atelier<\/strong> se nichent dans une petite for\u00eat qui ferait presque oublier que la ville n\u2019est pas si loin. La guinguette de <a href=\"https:\/\/actu.fr\/toulouse\/\" target=\"_blank\" rel=\"noopener\">Toulouse<\/a> a rouvert ses portes pour <strong>une 7\u1d49 saison<\/strong> avec un peu d\u2019avance cette ann\u00e9e, pour le plus grand plaisir de ses habitu\u00e9s. \u00ab\u00a0On avait eu pas mal de messages en mars, et puis on s\u2019est dit que \u00e7a nous permettrait de roder les \u00e9quipes\u00a0\u00bb, explique<strong> Garance Rigot<\/strong>, directrice de la guinguette. Les clients sont de retour depuis le vendredi 18 avril\u2026 avec une m\u00e9t\u00e9o pas toujours cl\u00e9mente. Mais l\u2019\u00e9quipe a pr\u00e9vu le coup. <strong>Une longue toile berb\u00e8re<\/strong> permet maintenant de se mettre \u00e0 l\u2019abri et ce n\u2019est pas la seule nouveaut\u00e9.<\/p>\n<p>Toile berb\u00e8re, nouvelle navette\u2026<\/p>\n<p class=\" wall-content\">Sur les r\u00e9seaux sociaux, la guinguette avait laiss\u00e9 planer le suspens. Son nouvel \u00e9quipement pour la saison 2025 ? <strong>Une toile berb\u00e8re de 300 m\u00b2<\/strong> \u00ab\u00a0pour contrer les soir\u00e9es pluvieuses et les annulations\u00a0\u00bb, explique la directrice. Sur les 850 personnes que l\u2019adresse peut accueillir avec ses 1 500 m\u00b2 et ses neuf terrasses, \u00ab\u00a0200 pourront se mettre \u00e0 l\u2019abri\u00a0\u00bb.<\/p>\n<p class=\" wall-content\">Ne disposant pas de grands parkings, <strong>des navettes<\/strong> permettent de se rendre \u00e0 la guinguette depuis Pech-David, au d\u00e9part du stade Robert-Barran. \u00ab\u00a0Elle passe du mercredi au samedi, toutes les cinq minutes\u00a0\u00bb, rappelle Garance Rigot.<\/p>\n<p class=\" wall-content\">Et <strong>pour la premi\u00e8re ann\u00e9e, une autre ligne<\/strong> permettant de relier directement le centre-ville va \u00eatre ouverte d\u00e8s la semaine prochaine. Au d\u00e9part de la place du Salin, pr\u00e8s du Palais de Justice, \u00ab\u00a0elle passera \u00e0 19 heures, 20 heures et 21 heures, avec des retours \u00e0 23h30 ou \u00e0 1h30 du matin\u00a0\u00bb.<\/p>\n<p class=\" wall-content\"><a href=\"https:\/\/www.instagram.com\/p\/DHbdbgyoQc9\/embed\" title=\"Ouvrir le lien sur Instagram\" target=\"_blank\" rel=\"noopener\">Visualiser le contenu sur Instagram<\/a><\/p>\n<p>\u2026et une carte revisit\u00e9e<\/p>\n<p class=\" wall-content\"><strong>Sur la carte aussi, il y a du nouveau<\/strong>. Au menu, \u00ab\u00a0des grillades et des tapas exclusivement maison, avec des options v\u00e9g\u00e9tariennes, m\u00e9diterran\u00e9ennes, des planches \u00e0 partager\u00a0\u00bb.<\/p>\n<p>Vid\u00e9os : en ce moment sur Actu<\/p>\n<p class=\" wall-content\">Parmi les propositions : tenders de poulet, croquetas, camembert r\u00f4ti\u2026 Pour les viandards : c\u00f4te de b\u0153uf, brochettes de poulet, magret de canard\u2026 Les plus gourmands pourront terminer sur une note sucr\u00e9e : riz au lait fraise, flan pistache coco.<\/p>\n<p class=\" wall-content\">Du c\u00f4t\u00e9 des boissons, on retrouve <strong>les cocktails classiques<\/strong> (mojito, ca\u00efpirinha, spritz, sangria ou encore pina colada), avec ou sans alcool. Une s\u00e9lection de bi\u00e8res et de vins, aussi quelques softs. Les clients peuvent profiter de tarifs r\u00e9duits <strong>en happy hour, de 17 heures \u00e0 19 heures<\/strong>.<\/p>\n<p>DJ set, soir\u00e9es \u00e0 th\u00e8me<\/p>\n<p class=\" wall-content\">Les joueurs peuvent, cette ann\u00e9e encore, profiter des espaces de jeux en libre acc\u00e8s pour de <strong>folles parties de p\u00e9tanque, m\u00f6lkky ou fl\u00e9chettes<\/strong>\u2026<\/p>\n<p>      <img   decoding=\"async\" loading=\"lazy\" src=\"https:\/\/www.europesays.com\/fr\/wp-content\/uploads\/2025\/04\/guinguette-toulouse-flechettes-jeu-960x640.jpg\" alt=\"Des espaces de jeux sont disponibles en libre acc\u00e8s.\" width=\"960\" height=\"640\"\/><br \/>\n    Des espaces de jeux sont disponibles en libre acc\u00e8s. (\u00a9Les Terrasses de l\u2019Atelier)<\/p>\n<p class=\" wall-content\">Dans sa programmation, Les Terrasses accueillent des<strong> DJ set<\/strong> le vendredi et samedi d\u00e8s 21 heures , mais aussi des<strong> soir\u00e9es latinos<\/strong> deux jeudis par mois.<\/p>\n<p class=\" wall-content\">Une semaine apr\u00e8s l\u2019ouverture, <strong>l\u2019\u00e9quipe de la guinguette n\u2019est pas encore au complet<\/strong>. \u00ab\u00a0On recrute en cuisine surtout, mais aussi en salle et pour le bar\u00a0\u00bb, conclut Garance Rigot. L\u2019appel est lanc\u00e9 !<\/p>\n<p>    <a href=\"https:\/\/www.google.com\/maps\/embed?pb=!1m18!1m12!1m3!1d5781.185158083932!2d1.437468574940809!3d43.57337195759216!2m3!1f0!2f0!3f0!3m2!1i1024!2i768!4f13.1!3m3!1m2!1s0x12aebbf35c789e77%3A0xa0318986f5773646!2sLes%20Terrasses%20de%20l%27Atelier!5e0!3m2!1sfr!2sfr!4v1745588903002!5m2!1sfr!2sfr\" title=\"Ouvrie le lien\" target=\"_blank\" rel=\"noopener\">Cliquez ici pour visualiser le contenu<\/a><\/p>\n<p><strong>Infos pratiques<\/strong><br \/>Guinguette Les Terrasses de l\u2019Atelier<br \/>1 chemin des \u00c9troits \u00e0 Toulouse.<br \/>Horaires d\u2019ouverture : du mardi au samedi, \u00e0 partir de 17 heures.<\/p>\n<p class=\" wall-content\">Suivez toute l\u2019actualit\u00e9 de vos villes et m\u00e9dias favoris en vous inscrivant \u00e0 <a href=\"https:\/\/moncompte.actu.fr\" title=\"D\u00e9couvez Mon Actu\" rel=\"nofollow noopener\" data-trk=\"{&quot;cta&quot;:{&quot;action&quot;:&quot;https:\\\/\\\/moncompte.actu.fr&quot;,&quot;category&quot;:&quot;mon compte&quot;,&quot;from&quot;:&quot;article footer&quot;,&quot;name&quot;:&quot;Mon actu&quot;,&quot;type&quot;:&quot;cta&quot;}}\" target=\"_blank\">Mon Actu<\/a>.<\/p>\n<ul class=\"ac-article-tag wall-content\">\n<li><a href=\"https:\/\/actu.fr\/tag\/guinguette\" data-trk=\"{&quot;cta&quot;:{&quot;action&quot;:&quot;Guinguette&quot;,&quot;category&quot;:&quot;tag&quot;,&quot;from&quot;:&quot;article footer&quot;,&quot;name&quot;:&quot;Guinguette&quot;,&quot;type&quot;:&quot;cta&quot;}}\" target=\"_blank\" rel=\"noopener\">#Guinguette<\/a><\/li>\n<li><a href=\"https:\/\/actu.fr\/tag\/guinguettes-a-toulouse\" data-trk=\"{&quot;cta&quot;:{&quot;action&quot;:&quot;Guinguettes \\u00e0 Toulouse&quot;,&quot;category&quot;:&quot;tag&quot;,&quot;from&quot;:&quot;article footer&quot;,&quot;name&quot;:&quot;Guinguettes \\u00e0 Toulouse&quot;,&quot;type&quot;:&quot;cta&quot;}}\" target=\"_blank\" rel=\"noopener\">#Guinguettes \u00e0 Toulouse<\/a><\/li>\n<\/ul>\n<p>                    <script async src=\"\/\/www.instagram.com\/embed.js\"><\/script><\/p>\n","protected":false},"excerpt":{"rendered":"Par Marie Lamarque Publi\u00e9 le 25 avr. 2025 \u00e0 18h44 Au pied des coteaux de Pech-David, Les Terrasses&hellip;\n","protected":false},"author":2,"featured_media":52425,"comment_status":"","ping_status":"","sticky":false,"template":"","format":"standard","meta":{"footnotes":""},"categories":[2816],"tags":[1111,11,1777,674,1011,27,5691,14574,12,2680,25,104,2312],"class_list":{"0":"post-52424","1":"post","2":"type-post","3":"status-publish","4":"format-standard","5":"has-post-thumbnail","7":"category-toulouse","8":"tag-actu","9":"tag-actualites","10":"tag-eu","11":"tag-europe","12":"tag-fr","13":"tag-france","14":"tag-guinguette","15":"tag-guinguettes-a-toulouse","16":"tag-news","17":"tag-occitanie","18":"tag-republique-francaise","19":"tag-societe","20":"tag-toulouse"},"share_on_mastodon":{"url":"https:\/\/pubeurope.com\/@fr\/114400096674262726","error":""},"_links":{"self":[{"href":"https:\/\/www.europesays.com\/fr\/wp-json\/wp\/v2\/posts\/52424","targetHints":{"allow":["GET"]}}],"collection":[{"href":"https:\/\/www.europesays.com\/fr\/wp-json\/wp\/v2\/posts"}],"about":[{"href":"https:\/\/www.europesays.com\/fr\/wp-json\/wp\/v2\/types\/post"}],"author":[{"embeddable":true,"href":"https:\/\/www.europesays.com\/fr\/wp-json\/wp\/v2\/users\/2"}],"replies":[{"embeddable":true,"href":"https:\/\/www.europesays.com\/fr\/wp-json\/wp\/v2\/comments?post=52424"}],"version-history":[{"count":0,"href":"https:\/\/www.europesays.com\/fr\/wp-json\/wp\/v2\/posts\/52424\/revisions"}],"wp:featuredmedia":[{"embeddable":true,"href":"https:\/\/www.europesays.com\/fr\/wp-json\/wp\/v2\/media\/52425"}],"wp:attachment":[{"href":"https:\/\/www.europesays.com\/fr\/wp-json\/wp\/v2\/media?parent=52424"}],"wp:term":[{"taxonomy":"category","embeddable":true,"href":"https:\/\/www.europesays.com\/fr\/wp-json\/wp\/v2\/categories?post=52424"},{"taxonomy":"post_tag","embeddable":true,"href":"https:\/\/www.europesays.com\/fr\/wp-json\/wp\/v2\/tags?post=52424"}],"curies":[{"name":"wp","href":"https:\/\/api.w.org\/{rel}","templated":true}]}}