{"id":524241,"date":"2025-11-10T05:28:11","date_gmt":"2025-11-10T05:28:11","guid":{"rendered":"https:\/\/www.europesays.com\/fr\/524241\/"},"modified":"2025-11-10T05:28:11","modified_gmt":"2025-11-10T05:28:11","slug":"saint-etienne-a-montchovet-une-mosquee-provisoire-en-attendant-la-construction-dun-nouvel-edifice","status":"publish","type":"post","link":"https:\/\/www.europesays.com\/fr\/524241\/","title":{"rendered":"Saint-Etienne. \u00c0 Montchovet, une mosqu\u00e9e provisoire en attendant la construction d&rsquo;un nouvel \u00e9difice"},"content":{"rendered":"<p>Avec la d\u00e9molition de deux barres d\u2019immeubles, c\u2019est une partie de l\u2019histoire du quartier de Montchovet qui se tourne d\u00e9finitivement. La premi\u00e8re est situ\u00e9e rue Le Corbusier, la seconde square Renoir. Ces deux ensembles abritaient depuis de longues ann\u00e9es des logements sociaux et \u00e9taient g\u00e9r\u00e9s par Habitat et M\u00e9tropole.<\/p>\n<p>Au milieu de ces ensembles, il y avait aussi une petite mosqu\u00e9e concern\u00e9e par cette d\u00e9molition d\u2019ampleur. Afin de ne pas priver les musulmans de leur lieu de culte, une mosqu\u00e9e provisoire sous chapiteau a \u00e9t\u00e9 financ\u00e9e et install\u00e9e par l\u2019Association cultuelle de Montchovet et de Saint-Etienne, sur un espace mis \u00e0 disposition par la mairie de g\u00e9r\u00e9 par&#8230;<\/p>\n","protected":false},"excerpt":{"rendered":"Avec la d\u00e9molition de deux barres d\u2019immeubles, c\u2019est une partie de l\u2019histoire du quartier de Montchovet qui se&hellip;\n","protected":false},"author":2,"featured_media":524242,"comment_status":"","ping_status":"","sticky":false,"template":"","format":"standard","meta":{"footnotes":""},"categories":[9653],"tags":[1111,11,2430,4749,33,7539,1777,674,1011,27,12,5889,25,4001,7538,104],"class_list":{"0":"post-524241","1":"post","2":"type-post","3":"status-publish","4":"format-standard","5":"has-post-thumbnail","7":"category-saint-etienne","8":"tag-actu","9":"tag-actualites","10":"tag-auvergne-rhone-alpes","11":"tag-btp-et-chantiers","12":"tag-economie","13":"tag-edition-loire-sud","14":"tag-eu","15":"tag-europe","16":"tag-fr","17":"tag-france","18":"tag-news","19":"tag-religion-croyance","20":"tag-republique-francaise","21":"tag-saint-etienne","22":"tag-saint-etienne-ville","23":"tag-societe"},"share_on_mastodon":{"url":"https:\/\/pubeurope.com\/@fr\/115523754628890972","error":""},"_links":{"self":[{"href":"https:\/\/www.europesays.com\/fr\/wp-json\/wp\/v2\/posts\/524241","targetHints":{"allow":["GET"]}}],"collection":[{"href":"https:\/\/www.europesays.com\/fr\/wp-json\/wp\/v2\/posts"}],"about":[{"href":"https:\/\/www.europesays.com\/fr\/wp-json\/wp\/v2\/types\/post"}],"author":[{"embeddable":true,"href":"https:\/\/www.europesays.com\/fr\/wp-json\/wp\/v2\/users\/2"}],"replies":[{"embeddable":true,"href":"https:\/\/www.europesays.com\/fr\/wp-json\/wp\/v2\/comments?post=524241"}],"version-history":[{"count":0,"href":"https:\/\/www.europesays.com\/fr\/wp-json\/wp\/v2\/posts\/524241\/revisions"}],"wp:featuredmedia":[{"embeddable":true,"href":"https:\/\/www.europesays.com\/fr\/wp-json\/wp\/v2\/media\/524242"}],"wp:attachment":[{"href":"https:\/\/www.europesays.com\/fr\/wp-json\/wp\/v2\/media?parent=524241"}],"wp:term":[{"taxonomy":"category","embeddable":true,"href":"https:\/\/www.europesays.com\/fr\/wp-json\/wp\/v2\/categories?post=524241"},{"taxonomy":"post_tag","embeddable":true,"href":"https:\/\/www.europesays.com\/fr\/wp-json\/wp\/v2\/tags?post=524241"}],"curies":[{"name":"wp","href":"https:\/\/api.w.org\/{rel}","templated":true}]}}