{"id":524254,"date":"2025-11-10T05:40:11","date_gmt":"2025-11-10T05:40:11","guid":{"rendered":"https:\/\/www.europesays.com\/fr\/524254\/"},"modified":"2025-11-10T05:40:11","modified_gmt":"2025-11-10T05:40:11","slug":"rc-vannes-grenoble-a-rennes-avec-pres-de-30-000-spectateurs-ce-choc-sera-t-il-la-plus-grosse-affluence-de-lhistoire-de-la-pro-d2","status":"publish","type":"post","link":"https:\/\/www.europesays.com\/fr\/524254\/","title":{"rendered":"RC Vannes &#8211; Grenoble \u00e0 Rennes\u00a0: avec pr\u00e8s de 30\u00a0000 spectateurs, ce choc sera-t-il la plus grosse affluence de l\u2019histoire de la Pro D2\u00a0?"},"content":{"rendered":"<p>Pro D2 (11e journ\u00e9e). RC Vannes &#8211; FC Grenoble, dimanche (21 h)<\/p>\n<p>Une vague bleue s\u2019appr\u00eate \u00e0 d\u00e9ferler sur Rennes, dimanche soir. Pr\u00e8s de 30 000 spectateurs vont remplir le Roazhon Park pour assister au choc de la 11e journ\u00e9e de Pro D2 entre le <a href=\"https:\/\/www.letelegramme.fr\/sports\/rugby\/rc-vannes\/\" target=\"_blank\" rel=\"nofollow noopener\">RC Vannes<\/a> et Grenoble.<\/p>\n<p>Ce <a href=\"https:\/\/www.letelegramme.fr\/sports\/rugby\/rc-vannes\/rc-vannes-grenoble-le-resume-de-la-victoire-vannetaise-en-quatre-points-6600155.php\" target=\"_blank\" rel=\"nofollow noopener\">remake de la finale 2024<\/a>, moment historique pour le rugby breton, sera encore marquant puisque jamais le RCV n\u2019avait disput\u00e9 un match \u00e0 domicile devant autant de personnes. Ce sera donc un nouveau record pour le club morbihannais.<\/p>\n<p>Mais comment situer cette performance sur l\u2019\u00e9chelle de la Pro D2 ? Y a-t-il d\u00e9j\u00e0 eu autant de supporters lors d\u2019un match de la deuxi\u00e8me division fran\u00e7aise ?<\/p>\n<p>La r\u00e9ponse est oui. Le record, qui date de plus de 15 ans, ne tombera pas ce dimanche. C\u2019\u00e9tait lors de la saison 2010-2011 lors du derby entre Lyon et Oyonnax. Le LOU, qui n\u2019\u00e9tait alors pas encore r\u00e9sident de Gerland (il l\u2019est depuis janvier 2017), avait d\u00e9localis\u00e9 ce choc dans le stade historique de l\u2019OL et s\u2019\u00e9tait inclin\u00e9 de peu (18-19), lors de cette 28e journ\u00e9e. Mais, avec 37 816 spectateurs, il d\u00e9tient encore le record pour un match de Pro D2.<\/p>\n<p>Le club rhodanien d\u00e9tient \u00e9galement la deuxi\u00e8me marque avec 30 803 spectateurs, la m\u00eame saison, lors d\u2019un autre derby remport\u00e9 contre Grenoble (39-20).<\/p>\n<p>Ce sont les deux seules rencontres de Pro D2 ayant d\u00e9pass\u00e9 le seuil de 20 000 spectateurs. Le choc entre le RC Vannes et Grenoble, dimanche \u00e0 Rennes, prendra donc place sur le podium des plus grosses affluences de Pro D2.<\/p>\n<p>Grenoble un habitu\u00e9<\/p>\n<p>L\u2019actuelle troisi\u00e8me place est, jusqu\u2019\u00e0 pr\u00e9sent, occup\u00e9e par un autre derby rh\u00f4nalpin entre Grenoble et Bourgoin-Jallieu, lors de la saison 2011-2012 (19 730 spectateurs au stade des Alpes).<\/p>\n<p>Ces quatre affiches, en comptant celle de dimanche, concernent toutes des rencontres d\u00e9localis\u00e9es (Grenoble est r\u00e9sident du stade des Alpes depuis 2014).<\/p>\n<p>Le FCG poss\u00e8de \u00e9galement les deux meilleurs totaux suivants : 19 603 lors de sa demi-finale remport\u00e9e la saison pass\u00e9e contre Provence Rugby (38-17) et 18 543 \u00e0 l\u2019occasion d\u2019une d\u00e9faite contre Oyonnax (24-28) lors de la saison 2022-2023.<\/p>\n<p>En consid\u00e9rant seulement les rencontres de phase r\u00e9guli\u00e8re, le derby basque entre Bayonne et Biarritz occupe actuellement la cinqui\u00e8me place avec 16 719 spectateurs \u00e0 Jean Dauger en 2017-2018 (victoire du BO 24-30).<\/p>\n<p>Les cinq plus grosses affluences de l\u2019histoire de la Pro D2*<\/p>\n<p>2010-2011 (J28). Lyon &#8211; Oyonnax (18-19) : 37 816 \u00e0 Gerland (d\u00e9localisation)<\/p>\n<p>2010-2011 (J6). Lyon &#8211; Oyonnax (39-20) : 30 803 \u00e0 Gerland (d\u00e9localisation)<\/p>\n<p>2011-2012 (J11). Grenoble &#8211; Bourgoin-Jallieu (30-13) : 19 730 au stade des Alpes (d\u00e9localisation)<\/p>\n<p>2024-2025 (demi-finales). Grenoble &#8211; Provence Rugby (38-17) : 19 603 au stade des Alpes<\/p>\n<p>2022-2023 (J25). Grenoble &#8211; Oyonnax (24-28) : 18 543 au stade des Alpes<\/p>\n<p class=\"tech\">*Chiffres communiqu\u00e9s par la Ligue nationale de rugby<\/p>\n","protected":false},"excerpt":{"rendered":"Pro D2 (11e journ\u00e9e). RC Vannes &#8211; FC Grenoble, dimanche (21 h) Une vague bleue s\u2019appr\u00eate \u00e0 d\u00e9ferler&hellip;\n","protected":false},"author":2,"featured_media":524255,"comment_status":"","ping_status":"","sticky":false,"template":"","format":"standard","meta":{"footnotes":""},"categories":[9566],"tags":[1111,11,2430,1777,674,1011,27,2731,12,2308,3164,3167,25,479,60,3165],"class_list":{"0":"post-524254","1":"post","2":"type-post","3":"status-publish","4":"format-standard","5":"has-post-thumbnail","7":"category-grenoble","8":"tag-actu","9":"tag-actualites","10":"tag-auvergne-rhone-alpes","11":"tag-eu","12":"tag-europe","13":"tag-fr","14":"tag-france","15":"tag-grenoble","16":"tag-news","17":"tag-pro-d2","18":"tag-rc-vannes","19":"tag-rcv","20":"tag-republique-francaise","21":"tag-rugby","22":"tag-sports","23":"tag-vannes"},"share_on_mastodon":{"url":"https:\/\/pubeurope.com\/@fr\/115523801895423889","error":""},"_links":{"self":[{"href":"https:\/\/www.europesays.com\/fr\/wp-json\/wp\/v2\/posts\/524254","targetHints":{"allow":["GET"]}}],"collection":[{"href":"https:\/\/www.europesays.com\/fr\/wp-json\/wp\/v2\/posts"}],"about":[{"href":"https:\/\/www.europesays.com\/fr\/wp-json\/wp\/v2\/types\/post"}],"author":[{"embeddable":true,"href":"https:\/\/www.europesays.com\/fr\/wp-json\/wp\/v2\/users\/2"}],"replies":[{"embeddable":true,"href":"https:\/\/www.europesays.com\/fr\/wp-json\/wp\/v2\/comments?post=524254"}],"version-history":[{"count":0,"href":"https:\/\/www.europesays.com\/fr\/wp-json\/wp\/v2\/posts\/524254\/revisions"}],"wp:featuredmedia":[{"embeddable":true,"href":"https:\/\/www.europesays.com\/fr\/wp-json\/wp\/v2\/media\/524255"}],"wp:attachment":[{"href":"https:\/\/www.europesays.com\/fr\/wp-json\/wp\/v2\/media?parent=524254"}],"wp:term":[{"taxonomy":"category","embeddable":true,"href":"https:\/\/www.europesays.com\/fr\/wp-json\/wp\/v2\/categories?post=524254"},{"taxonomy":"post_tag","embeddable":true,"href":"https:\/\/www.europesays.com\/fr\/wp-json\/wp\/v2\/tags?post=524254"}],"curies":[{"name":"wp","href":"https:\/\/api.w.org\/{rel}","templated":true}]}}