{"id":524258,"date":"2025-11-10T05:42:12","date_gmt":"2025-11-10T05:42:12","guid":{"rendered":"https:\/\/www.europesays.com\/fr\/524258\/"},"modified":"2025-11-10T05:42:12","modified_gmt":"2025-11-10T05:42:12","slug":"la-ville-reste-trop-minerale-ce-que-les-habitants-de-rennes-pensent-du-bilan-de-leur-maire-nathalie-appere-video","status":"publish","type":"post","link":"https:\/\/www.europesays.com\/fr\/524258\/","title":{"rendered":"\u00ab\u00a0La ville reste trop min\u00e9rale\u00a0\u00bb\u00a0: ce que les habitants de Rennes pensent du bilan de leur maire Nathalie App\u00e9r\u00e9 [Vid\u00e9o]"},"content":{"rendered":"<p>Six ans de promesses pass\u00e9es \u00e0 la moulinette. <a href=\"https:\/\/www.letelegramme.fr\/ille-et-vilaine\/rennes-35000\/quaucun-quartier-de-rennes-ne-se-sente-de-cote-ces-projets-promis-par-nathalie-appere-ont-ils-ete-menes-a-bien-6923577.php\" target=\"_blank\" rel=\"noopener\">Projets quartier par quartier<\/a>, fiscalit\u00e9, s\u00e9curit\u00e9, v\u00e9g\u00e9talisation, hauteur des constructions\u2026 \u00c0 l\u2019aube d\u2019une candidature \u00e0 un troisi\u00e8me mandat de la maire, Nathalie App\u00e9r\u00e9, <a href=\"https:\/\/www.lemensuel.com\/rennes\" target=\"_blank\" rel=\"noopener\">Le Mensuel de Rennes<\/a> a \u00e9valu\u00e9 les r\u00e9alisations de la majorit\u00e9 rennaise au regard du programme pour lequel elle a \u00e9t\u00e9 \u00e9lue en 2020. Une sorte de grande \u00e9valuation \u00e0 retrouver <a href=\"https:\/\/www.lemensuel.com\/rennes\" target=\"_blank\" rel=\"noopener\">dans l\u2019\u00e9dition de novembre paru ce vendredi en kiosque<\/a>.<\/p>\n<p><a class=\"tlg-kiosque tlg-kiosque-rennes gtm-kiosque-rennes\" href=\"https:\/\/www.lemensuel.com\/rennes\" target=\"_blank\" rel=\"noopener\"><img decoding=\"async\" src=\"https:\/\/www.europesays.com\/fr\/wp-content\/uploads\/2025\/11\/MDR_une_complete.png\" alt=\"Couverture Mensuel Rennes\"\/><\/p>\n<p>Le Mensuel de Rennes<\/p>\n<p>Magazine curieux et (im)pertinent !<\/p>\n<p>D\u00e9couvrez<\/a>\u00ab Une tr\u00e8s belle r\u00e9ussite \u00bb<\/p>\n<p>En parall\u00e8le, nous sommes aussi all\u00e9s \u00e0 la rencontre d\u2019habitants pour recueillir leurs impressions, dans les rues du centre-ville. \u00c0 chacun, nous leur avons pos\u00e9 trois questions. \u00c0 la premi\u00e8re \u00ab quelle r\u00e9alisation r\u00e9cente vous a-t-elle marqu\u00e9e ? \u00bb, la plupart ont d\u00fb se creuser un peu la t\u00eate\u2026 \u00ab Une nouveaut\u00e9 ? J\u2019ai un peu de mal \u00e0 trouver \u00bb, conc\u00e8de Charlotte, 53 ans. \u00ab Euh\u2026 Je n\u2019ai pas en t\u00eate de chose en particulier \u00bb, s\u00e8che aussi Charline 24 ans, une ing\u00e9nieure qui habite \u00ab au-dessus du Thabor \u00bb.<\/p>\n<p>Jacky, 62 ans, lui est plus s\u00fbr de lui : il loue l\u2019am\u00e9nagement du mail Fran\u00e7ois Mitterrand. \u00ab Une tr\u00e8s belle r\u00e9ussite \u00bb, explique cet inspecteur des finances publiques. Idem pour \u00ab les nouveaux quartiers, mieux pens\u00e9 que cela ne l\u2019a \u00e9t\u00e9 \u00bb, notamment \u00e0 Baud-Chardonnet, \u00ab tourn\u00e9 vers la rivi\u00e8re avec un parc tr\u00e8s sympa \u00bb et \u00e0 la Courrouze avec \u00ab le respect des trames vertes \u00bb. Charlotte, elle, ne partage pas cet avis et critique des nouveaux programmes qui ressemblent d\u00e9j\u00e0 \u00e0 de \u00ab futurs ghettos \u00bb.<\/p>\n<p>\u00ab Le deal, c\u2019est devenu effarant \u00bb<\/p>\n<p>De leur c\u00f4t\u00e9, Gabrielle et Jeanne, deux \u00e9tudiantes \u00e2g\u00e9es de 20 ans, citent le \u00ab turn-over \u00bb de l\u2019offre commerciale. \u00ab Pour les geeks et les jeunes, il y a quand m\u00eame pas mal de choses \u00bb, appr\u00e9cient-elles. La plupart des personnes interrog\u00e9es citent aussi l\u2019offre culturelle, \u00ab tr\u00e8s chouette \u00bb, selon Charlotte, \u00ab tr\u00e8s riche \u00bb pour Anne-Laure.<\/p>\n<p>\u00c0 la question \u00ab quel est leur ressenti quant aux \u00e9volutions r\u00e9centes de la ville ? \u00bb, nos interlocuteurs s\u00e8chent moins. Le \u00ab d\u00e9ficit de v\u00e9g\u00e9talisation \u00bb revient. Comme l\u2019\u00e9volution de la d\u00e9linquance, cit\u00e9e par \u00e0 peu pr\u00e8s tout le monde. \u00ab C\u2019est de cela dont on parle le plus \u00bb, conc\u00e8de Juliette, \u00e9tudiante de 23 ans. Le deal ? \u00ab C\u2019est devenu effarant \u00bb, atteste Charlotte qui, \u00ab pourtant, vote \u00e0 gauche \u00bb. \u00ab L\u2019augmentation de l\u2019ins\u00e9curit\u00e9, c\u2019est s\u00fbr que ce sera le principal enjeu \u00bb de Rennes pour les ann\u00e9es \u00e0 venir, estime Charline. Autre consensus, \u00e0 la troisi\u00e8me question : \u00ab Pouvez-vous citer le nom d\u2019\u00e9lus rennais ? \u00bb Seul celui de la maire a pu \u00eatre avanc\u00e9.<\/p>\n","protected":false},"excerpt":{"rendered":"Six ans de promesses pass\u00e9es \u00e0 la moulinette. Projets quartier par quartier, fiscalit\u00e9, s\u00e9curit\u00e9, v\u00e9g\u00e9talisation, hauteur des constructions\u2026&hellip;\n","protected":false},"author":2,"featured_media":524259,"comment_status":"","ping_status":"","sticky":false,"template":"","format":"standard","meta":{"footnotes":""},"categories":[2821],"tags":[1111,11,829,1777,674,1011,27,848,3434,12,3364,584,25],"class_list":{"0":"post-524258","1":"post","2":"type-post","3":"status-publish","4":"format-standard","5":"has-post-thumbnail","7":"category-rennes","8":"tag-actu","9":"tag-actualites","10":"tag-bretagne","11":"tag-eu","12":"tag-europe","13":"tag-fr","14":"tag-france","15":"tag-ille-et-vilaine","16":"tag-municipales-2026","17":"tag-news","18":"tag-politique-a-rennes","19":"tag-rennes","20":"tag-republique-francaise"},"share_on_mastodon":{"url":"https:\/\/pubeurope.com\/@fr\/115523809842250447","error":""},"_links":{"self":[{"href":"https:\/\/www.europesays.com\/fr\/wp-json\/wp\/v2\/posts\/524258","targetHints":{"allow":["GET"]}}],"collection":[{"href":"https:\/\/www.europesays.com\/fr\/wp-json\/wp\/v2\/posts"}],"about":[{"href":"https:\/\/www.europesays.com\/fr\/wp-json\/wp\/v2\/types\/post"}],"author":[{"embeddable":true,"href":"https:\/\/www.europesays.com\/fr\/wp-json\/wp\/v2\/users\/2"}],"replies":[{"embeddable":true,"href":"https:\/\/www.europesays.com\/fr\/wp-json\/wp\/v2\/comments?post=524258"}],"version-history":[{"count":0,"href":"https:\/\/www.europesays.com\/fr\/wp-json\/wp\/v2\/posts\/524258\/revisions"}],"wp:featuredmedia":[{"embeddable":true,"href":"https:\/\/www.europesays.com\/fr\/wp-json\/wp\/v2\/media\/524259"}],"wp:attachment":[{"href":"https:\/\/www.europesays.com\/fr\/wp-json\/wp\/v2\/media?parent=524258"}],"wp:term":[{"taxonomy":"category","embeddable":true,"href":"https:\/\/www.europesays.com\/fr\/wp-json\/wp\/v2\/categories?post=524258"},{"taxonomy":"post_tag","embeddable":true,"href":"https:\/\/www.europesays.com\/fr\/wp-json\/wp\/v2\/tags?post=524258"}],"curies":[{"name":"wp","href":"https:\/\/api.w.org\/{rel}","templated":true}]}}