{"id":524261,"date":"2025-11-10T05:45:15","date_gmt":"2025-11-10T05:45:15","guid":{"rendered":"https:\/\/www.europesays.com\/fr\/524261\/"},"modified":"2025-11-10T05:45:15","modified_gmt":"2025-11-10T05:45:15","slug":"un-choc-contre-nice-pour-le-retour-des-diables-rouges-de-briancon","status":"publish","type":"post","link":"https:\/\/www.europesays.com\/fr\/524261\/","title":{"rendered":"Un choc contre Nice pour le retour des Diables Rouges de Brian\u00e7on"},"content":{"rendered":"<p>\t\t\t\t\t\t\t\t\t\t\t<img decoding=\"async\" src=\"https:\/\/www.europesays.com\/fr\/wp-content\/uploads\/2025\/11\/1280x720_un-choc-contre-nice-pour-le-retour-des-diables-rouges-de-briancon_6910d40cb1dec.jpg\" alt=\"Un choc contre Nice pour le retour des Diables Rouges de Brian\u00e7on\" title=\"Un choc contre Nice pour le retour des Diables Rouges de Brian\u00e7on\" width=\"1280\" height=\"720\" class=\"img-fluid  mb-3\" loading=\"lazy\"\/>\t\t\t\t\t\t\t\t\t\t\t\t<\/p>\n<p>Un choc contre Nice pour le retour des Diables Rouges de Brian\u00e7on &#8211; DR<\/p>\n<p itemprop=\"description\"><strong>Ce lundi, Brian\u00e7on va retrouver la glace apr\u00e8s une courte tr\u00eave.<\/strong><\/p>\n<p>Les Diables Rouges recevront Nice pour un choc r\u00e9gional d\u00e8s 20h.<\/p>\n<p>Avant-derni\u00e8re de Ligue Magnus, la formation haut-alpine reste sur deux revers, dont une fess\u00e9e prise \u00e0 Grenoble (10-3) le 28 octobre dernier.<br \/>De son c\u00f4t\u00e9, Nice est bien mieux class\u00e9 malgr\u00e9 cinq d\u00e9faites lors des cinq derni\u00e8res journ\u00e9es de championnat.<\/p>\n<p>Qui rel\u00e8vera la t\u00eate ce lundi ? R\u00e9ponse sur la glace de Ren\u00e9 Froger.<\/p>\n","protected":false},"excerpt":{"rendered":"Un choc contre Nice pour le retour des Diables Rouges de Brian\u00e7on &#8211; DR Ce lundi, Brian\u00e7on va&hellip;\n","protected":false},"author":2,"featured_media":524262,"comment_status":"","ping_status":"","sticky":false,"template":"","format":"standard","meta":{"footnotes":""},"categories":[2819],"tags":[1111,11,7733,8279,7736,650,7734,2889,2263,1777,674,1011,27,1085,8280,6417,1114,4662,12,2401,3725,882,1825,25,7053,7737],"class_list":{"0":"post-524261","1":"post","2":"type-post","3":"status-publish","4":"format-standard","5":"has-post-thumbnail","7":"category-nice","8":"tag-actu","9":"tag-actualites","10":"tag-alpes","11":"tag-alpes1","12":"tag-cds","13":"tag-cinema","14":"tag-ecoute","15":"tag-emission","16":"tag-equipe","17":"tag-eu","18":"tag-europe","19":"tag-fr","20":"tag-france","21":"tag-gap","22":"tag-haute","23":"tag-information","24":"tag-infos","25":"tag-journal","26":"tag-news","27":"tag-nice","28":"tag-podcast","29":"tag-provence-alpes-cote-dazur","30":"tag-radio","31":"tag-republique-francaise","32":"tag-sud","33":"tag-winamp"},"share_on_mastodon":{"url":"https:\/\/pubeurope.com\/@fr\/115523822048099468","error":""},"_links":{"self":[{"href":"https:\/\/www.europesays.com\/fr\/wp-json\/wp\/v2\/posts\/524261","targetHints":{"allow":["GET"]}}],"collection":[{"href":"https:\/\/www.europesays.com\/fr\/wp-json\/wp\/v2\/posts"}],"about":[{"href":"https:\/\/www.europesays.com\/fr\/wp-json\/wp\/v2\/types\/post"}],"author":[{"embeddable":true,"href":"https:\/\/www.europesays.com\/fr\/wp-json\/wp\/v2\/users\/2"}],"replies":[{"embeddable":true,"href":"https:\/\/www.europesays.com\/fr\/wp-json\/wp\/v2\/comments?post=524261"}],"version-history":[{"count":0,"href":"https:\/\/www.europesays.com\/fr\/wp-json\/wp\/v2\/posts\/524261\/revisions"}],"wp:featuredmedia":[{"embeddable":true,"href":"https:\/\/www.europesays.com\/fr\/wp-json\/wp\/v2\/media\/524262"}],"wp:attachment":[{"href":"https:\/\/www.europesays.com\/fr\/wp-json\/wp\/v2\/media?parent=524261"}],"wp:term":[{"taxonomy":"category","embeddable":true,"href":"https:\/\/www.europesays.com\/fr\/wp-json\/wp\/v2\/categories?post=524261"},{"taxonomy":"post_tag","embeddable":true,"href":"https:\/\/www.europesays.com\/fr\/wp-json\/wp\/v2\/tags?post=524261"}],"curies":[{"name":"wp","href":"https:\/\/api.w.org\/{rel}","templated":true}]}}