{"id":524265,"date":"2025-11-10T05:47:32","date_gmt":"2025-11-10T05:47:32","guid":{"rendered":"https:\/\/www.europesays.com\/fr\/524265\/"},"modified":"2025-11-10T05:47:32","modified_gmt":"2025-11-10T05:47:32","slug":"au-nord-de-nantes-la-vente-de-telephone-portable-finit-en-guet-apens","status":"publish","type":"post","link":"https:\/\/www.europesays.com\/fr\/524265\/","title":{"rendered":"Au nord de Nantes, la vente de t\u00e9l\u00e9phone portable finit en guet-apens"},"content":{"rendered":"<tr wp_automatic_readability=\"6.8455882352941\">\n<td valign=\"middle\" align=\"center\" class=\"col-logo\" wp_automatic_readability=\"5\">\n    <img decoding=\"async\" src=\"https:\/\/maville.com\/design\/images\/logo-of-monetise.svg?version=20130627\" alt=\"logo Ouest-France\" height=\"66\"\/><\/p>\n<p>Contenu r\u00e9serv\u00e9 aux abonn\u00e9s<\/p>\n<\/td>\n<td class=\"col-titre\">\n\t\t\tSamedi 08 novembre 2025 16:46<br \/>\n\t\t\t<a class=\"icon-bulle sizeL count\" href=\"#ancreAvis\"><br \/>\n\t&#8230;<br \/>\n<\/a><\/td>\n<\/tr>\n<p>\t\t<a class=\"mavillebox2 elmt-photo\" href=\"https:\/\/maville.com\/photosmvi\/2025\/11\/08\/P35569740D7055409G.jpg\" title=\" Les policiers nantais ont enregistr\u00e9 la plainte d\u2019un homme, vendredi 7\u00a0novembre au soir, victime d\u2019une agression et du vol de son t\u00e9l\u00e9phone portable.  \u00a9  STOYAN NENOV \/ archives REUTERS  \" rel=\"galerie_actu nofollow noopener\" target=\"_blank\"><br \/>\n\t<img decoding=\"async\" src=\"https:\/\/www.europesays.com\/fr\/wp-content\/uploads\/2025\/11\/P35569740D7055409G_crop_640-330_.jpg\" alt=\"photo  les policiers nantais ont enregistr\u00e9 la plainte d\u2019un homme, vendredi 7\u00a0novembre au soir, victime d\u2019une agression et du vol de son t\u00e9l\u00e9phone portable.  \u00a9  stoyan nenov \/ archives reuters \"\/><br \/>\n\t1<br \/>\n<\/a><\/p>\n<p class=\"elmt-legende\"> Les policiers nantais ont enregistr\u00e9 la plainte d\u2019un homme, vendredi 7\u00a0novembre au soir, victime d\u2019une agression et du vol de son t\u00e9l\u00e9phone portable.  \u00a9  STOYAN NENOV \/ archives REUTERS  <\/p>\n<p>\t\tUn homme a \u00e9t\u00e9 agress\u00e9 vendredi 7\u00a0novembre, aux alentours de 21\u00a0h. Sur ce parking d\u00e9sert, il avait rendez-vous avec une personne contact\u00e9e via un site de vente en ligne.<\/p>\n<p><b>Cet article est r\u00e9serv\u00e9 aux abonn\u00e9s<\/b><\/p>\n<p>Pour un acc\u00e8s imm\u00e9diat, abonnez-vous<\/p>\n<p><b>1\u00e8re semaine offerte<\/b><\/p>\n<p>\t\t Kate STENT. \u00a0\u00a0<br \/>\n\t\tOuest-France<\/p>\n<p>Retrouvez d&rsquo;autres actus sur les communes de :<\/p>\n<p>\t\t&#13;<\/p>\n","protected":false},"excerpt":{"rendered":"Contenu r\u00e9serv\u00e9 aux abonn\u00e9s Samedi 08 novembre 2025 16:46 &#8230; 1 Les policiers nantais ont enregistr\u00e9 la plainte&hellip;\n","protected":false},"author":2,"featured_media":524266,"comment_status":"","ping_status":"","sticky":false,"template":"","format":"standard","meta":{"footnotes":""},"categories":[2818],"tags":[1111,11,1777,674,8928,1011,27,22148,766,12,1308,2636,46439,25,3272,319,4100],"class_list":{"0":"post-524265","1":"post","2":"type-post","3":"status-publish","4":"format-standard","5":"has-post-thumbnail","7":"category-nantes","8":"tag-actu","9":"tag-actualites","10":"tag-eu","11":"tag-europe","12":"tag-finit","13":"tag-fr","14":"tag-france","15":"tag-guet-apens","16":"tag-nantes","17":"tag-news","18":"tag-nord","19":"tag-pays-de-la-loire","20":"tag-portable","21":"tag-republique-francaise","22":"tag-saint-nazaire","23":"tag-telephone","24":"tag-vente"},"share_on_mastodon":{"url":"https:\/\/pubeurope.com\/@fr\/115523829871630820","error":""},"_links":{"self":[{"href":"https:\/\/www.europesays.com\/fr\/wp-json\/wp\/v2\/posts\/524265","targetHints":{"allow":["GET"]}}],"collection":[{"href":"https:\/\/www.europesays.com\/fr\/wp-json\/wp\/v2\/posts"}],"about":[{"href":"https:\/\/www.europesays.com\/fr\/wp-json\/wp\/v2\/types\/post"}],"author":[{"embeddable":true,"href":"https:\/\/www.europesays.com\/fr\/wp-json\/wp\/v2\/users\/2"}],"replies":[{"embeddable":true,"href":"https:\/\/www.europesays.com\/fr\/wp-json\/wp\/v2\/comments?post=524265"}],"version-history":[{"count":0,"href":"https:\/\/www.europesays.com\/fr\/wp-json\/wp\/v2\/posts\/524265\/revisions"}],"wp:featuredmedia":[{"embeddable":true,"href":"https:\/\/www.europesays.com\/fr\/wp-json\/wp\/v2\/media\/524266"}],"wp:attachment":[{"href":"https:\/\/www.europesays.com\/fr\/wp-json\/wp\/v2\/media?parent=524265"}],"wp:term":[{"taxonomy":"category","embeddable":true,"href":"https:\/\/www.europesays.com\/fr\/wp-json\/wp\/v2\/categories?post=524265"},{"taxonomy":"post_tag","embeddable":true,"href":"https:\/\/www.europesays.com\/fr\/wp-json\/wp\/v2\/tags?post=524265"}],"curies":[{"name":"wp","href":"https:\/\/api.w.org\/{rel}","templated":true}]}}