{"id":524269,"date":"2025-11-10T05:49:09","date_gmt":"2025-11-10T05:49:09","guid":{"rendered":"https:\/\/www.europesays.com\/fr\/524269\/"},"modified":"2025-11-10T05:49:09","modified_gmt":"2025-11-10T05:49:09","slug":"lenquete-sur-le-suicide-de-sa-fille-patine-une-mere-de-bordeaux-tente-une-nouvelle-approche-il-faut-agir","status":"publish","type":"post","link":"https:\/\/www.europesays.com\/fr\/524269\/","title":{"rendered":"L\u2019enqu\u00eate sur le suicide de sa fille patine, une m\u00e8re de Bordeaux tente une nouvelle approche : \u00ab\u00a0Il faut agir\u00a0\u00bb"},"content":{"rendered":"<p>            Par<br \/>\n        <strong><br \/>\n            <a href=\"https:\/\/actu.fr\/auteur\/juliette-cardinale\" title=\"Consulter tous les articles de Juliette Cardinale\" target=\"_blank\" rel=\"noopener\">Juliette Cardinale<\/a><br \/>\n        <\/strong><\/p>\n<p>        Publi\u00e9 le<\/p>\n<p>            10 nov. 2025 \u00e0 6h38        <\/p>\n<p>C\u2019est une<strong> terrible d\u00e9couverte <\/strong>qu\u2019a faite la famille de Violette le soir de la f\u00eate des m\u00e8res. Le 25 mai 2025, la coll\u00e9gienne de 14 ans \u00e9tait retrouv\u00e9e <strong>pendue dans l\u2019escalier<\/strong> de la maison <a href=\"https:\/\/actu.fr\/bordeaux\/\" target=\"_blank\" rel=\"noopener\">\u00e0 Bordeaux.<\/a> Cinq mois plus tard, sa m\u00e8re, Aude Gouillard, a <strong>port\u00e9 plainte contre X<\/strong> pour <strong>harc\u00e8lement scolaire et moral<\/strong>, comme l\u2019ont r\u00e9v\u00e9l\u00e9 nos confr\u00e8res <a href=\"https:\/\/www.francebleu.fr\/emissions\/l-info-d-ici-ici-gironde\/suicide-de-la-petite-violette-a-bordeaux-si-tout-le-monde-avait-fait-son-travail-ma-fille-serait-encore-en-vie-6203949\" target=\"_blank\" rel=\"noopener\">d\u2019Ici Gironde.<\/a><\/p>\n<p class=\" wall-content\">Scolaris\u00e9e au coll\u00e8ge Cassignol de Bordeaux, l\u2019adolescente a \u00e9t\u00e9 victime de <strong>harc\u00e8lement<\/strong> affirme sa famille. Mais l\u2019enqu\u00eate <strong>n\u2019avance pas<\/strong> depuis des mois et le t\u00e9l\u00e9phone de Violette n\u2019aurait pas \u00e9t\u00e9 exploit\u00e9.<\/p>\n<p>\u00ab\u00a0Si chaque personne avait fait son travail\u2026\u00a0\u00bb<\/p>\n<p class=\" wall-content\">\u00ab\u00a0J\u2019apprends tous les jours par hasard <strong>des dysfonctionnements suppl\u00e9mentaires<\/strong> qui me font dire maintenant, que si chaque personne avait fait son travail, <strong>elle serait toujours vivante,<\/strong> confie Aude Gouillard, et que je l\u2019entendrais encore au t\u00e9l\u00e9phone me dire comme elle le faisait quotidiennement : \u2018\u00c7a va Maman ?&rsquo;\u00a0\u00bb.<\/p>\n<p class=\" wall-content\">Inqui\u00e8te de voir l\u2019enqu\u00eate conclure au suicide \u00ab\u00a0en raison de <strong>son mal-\u00eatre\u00a0\u00bb <\/strong>li\u00e9e notamment \u00e0 la s\u00e9paration de ses parents, et pas du harc\u00e8lement, l\u2019avocate au barreau de Bordeaux a d\u00e9cid\u00e9 de se tourner vers la justice. Celle qui s\u2019est battue \u00ab\u00a0jour apr\u00e8s jour\u00a0\u00bb, explique avoir d\u00e9pos\u00e9 plainte au bout de cinq mois \u00ab\u00a0au moment o\u00f9 on a su que \u00e7a allait \u00eatre <strong>class\u00e9 sans suite\u00a0\u00bb<\/strong>.\u00a0<\/p>\n<p class=\" wall-content\">\u00ab\u00a0Il nous faut agir, <strong>on ne peut plus se taire,<\/strong> il faut que chaque personne qui a concouru \u00e0 ce drame soit mise en face de ses responsabilit\u00e9s et les assume\u00a0\u00bb, affirme l\u2019avocate p\u00e9naliste au barreau de Bordeaux.\u00a0<\/p>\n<p class=\" wall-content\">Elle d\u00e9plore des \u00ab\u00a0institutions qui ont voulu <strong>se prot\u00e9ger,<\/strong> pour des questions de r\u00e9putation et d\u2019ego mal plac\u00e9s\u00a0\u00bb. Un\u00a0plan de pr\u00e9vention du harc\u00e8lement avait \u00e9t\u00e9 d\u00e9clench\u00e9, ainsi qu\u2019une enqu\u00eate administrative, assure le rectorat <a href=\"https:\/\/www.francebleu.fr\/emissions\/l-invite-de-ici-gironde\/suicide-de-violette-a-bordeaux-le-harcelement-scolaire-n-a-pas-ete-exploite-sa-mere-pointe-des-dysfonctionnements-9424187\" target=\"_blank\" rel=\"noopener\">\u00e0 nos confr\u00e8res.<\/a><\/p>\n<p>\u00ab\u00a0Une violence absolument inou\u00efe\u00a0\u00bb<\/p>\n<p class=\" wall-content\">Depuis son intervention sur Ici Gironde et dans les diff\u00e9rents m\u00e9dias, de nombreux commentaires mettent en cause la responsabilit\u00e9 m\u00e8re de Violette. \u00ab\u00a0Na\u00efve comme je suis, je n\u2019avais pas pens\u00e9 \u00e0 tous ceux qui jugeraient sans savoir\u00a0\u00bb, r\u00e9agit Aude Gouillard, <a href=\"https:\/\/www.facebook.com\/photo\/?fbid=25087939824135102&amp;set=pcb.25087940824135002&amp;locale=fr_FR\" target=\"_blank\" rel=\"noopener\">photos de commentaires \u00e0 l\u2019appui.<\/a><\/p>\n<p>Votre r\u00e9gion, votre actu !<\/p>\n<p>Recevez chaque jour les infos qui comptent pour vous.<\/p>\n<p>\t<a href=\"https:\/\/actu.fr\/newsletter\" class=\"ac-btn ac-btn--corner ac-btn--medium ac-btn--blue800\" target=\"_blank\" rel=\"noopener\">S&rsquo;incrire<\/a><\/p>\n<p class=\" wall-content\">\u00ab\u00a0C\u2019est une <strong>violence absolument inou\u00efe pour moi<\/strong> mais c\u2019est vrai que je n\u2019avais pas envisag\u00e9 \u00e7a en m\u00e9diatisant notre histoire, juste pour que de tels dysfonctionnements au niveau de <a href=\"https:\/\/actu.fr\/tag\/education\" target=\"_blank\" rel=\"noopener\">l\u2019Education nationale<\/a> et de la justice n\u2019arrivent plus\u00a0\u00bb, d\u00e9plore la maman de Violette.\u00a0<\/p>\n<p class=\" wall-content\">Une r\u00e9action insoutenable mais qui ne semble pas faire fl\u00e9chir la m\u00e8re de famille qui a t\u00e9moign\u00e9 devant des lyc\u00e9ens pour la journ\u00e9e nationale de <strong>lutte contre le harc\u00e8lement<\/strong> \u00e0 l\u2019\u00e9cole.\u00a0<\/p>\n<p class=\" wall-content\">D\u00e9termin\u00e9e \u00e0 tout faire \u00ab\u00a0pour <strong>qu\u2019un tel drame ne se reproduise plus\u00a0\u00bb,<\/strong> Aude Gouillard en a fait le combat de ma vie. \u00ab\u00a0En\u00a0sa m\u00e9moire, je ne l\u00e2cherai rien.\u00a0\u00bb<\/p>\n<p>Victime ou t\u00e9moin de harc\u00e8lement scolaire, contactez le num\u00e9ro d\u00e9di\u00e9 : 3018.<\/p>\n<p class=\" wall-content\">Personnalisez votre actualit\u00e9 en ajoutant vos villes et m\u00e9dias en favori avec <a href=\"https:\/\/moncompte.actu.fr\" title=\"D\u00e9couvez Mon Actu\" rel=\"nofollow noopener\" data-trk=\"{&quot;cta&quot;:{&quot;action&quot;:&quot;https:\\\/\\\/moncompte.actu.fr&quot;,&quot;category&quot;:&quot;mon compte&quot;,&quot;from&quot;:&quot;article footer&quot;,&quot;name&quot;:&quot;Mon actu&quot;,&quot;type&quot;:&quot;cta&quot;}}\" target=\"_blank\">Mon Actu<\/a>.<\/p>\n","protected":false},"excerpt":{"rendered":"Par Juliette Cardinale Publi\u00e9 le 10 nov. 2025 \u00e0 6h38 C\u2019est une terrible d\u00e9couverte qu\u2019a faite la famille&hellip;\n","protected":false},"author":2,"featured_media":524270,"comment_status":"","ping_status":"","sticky":false,"template":"","format":"standard","meta":{"footnotes":""},"categories":[2817],"tags":[1111,11,1997,1057,1777,674,1011,27,17930,12,2219,25,104],"class_list":{"0":"post-524269","1":"post","2":"type-post","3":"status-publish","4":"format-standard","5":"has-post-thumbnail","7":"category-bordeaux","8":"tag-actu","9":"tag-actualites","10":"tag-bordeaux","11":"tag-education","12":"tag-eu","13":"tag-europe","14":"tag-fr","15":"tag-france","16":"tag-harcelement-scolaire","17":"tag-news","18":"tag-nouvelle-aquitaine","19":"tag-republique-francaise","20":"tag-societe"},"share_on_mastodon":{"url":"https:\/\/pubeurope.com\/@fr\/115523837249090149","error":""},"_links":{"self":[{"href":"https:\/\/www.europesays.com\/fr\/wp-json\/wp\/v2\/posts\/524269","targetHints":{"allow":["GET"]}}],"collection":[{"href":"https:\/\/www.europesays.com\/fr\/wp-json\/wp\/v2\/posts"}],"about":[{"href":"https:\/\/www.europesays.com\/fr\/wp-json\/wp\/v2\/types\/post"}],"author":[{"embeddable":true,"href":"https:\/\/www.europesays.com\/fr\/wp-json\/wp\/v2\/users\/2"}],"replies":[{"embeddable":true,"href":"https:\/\/www.europesays.com\/fr\/wp-json\/wp\/v2\/comments?post=524269"}],"version-history":[{"count":0,"href":"https:\/\/www.europesays.com\/fr\/wp-json\/wp\/v2\/posts\/524269\/revisions"}],"wp:featuredmedia":[{"embeddable":true,"href":"https:\/\/www.europesays.com\/fr\/wp-json\/wp\/v2\/media\/524270"}],"wp:attachment":[{"href":"https:\/\/www.europesays.com\/fr\/wp-json\/wp\/v2\/media?parent=524269"}],"wp:term":[{"taxonomy":"category","embeddable":true,"href":"https:\/\/www.europesays.com\/fr\/wp-json\/wp\/v2\/categories?post=524269"},{"taxonomy":"post_tag","embeddable":true,"href":"https:\/\/www.europesays.com\/fr\/wp-json\/wp\/v2\/tags?post=524269"}],"curies":[{"name":"wp","href":"https:\/\/api.w.org\/{rel}","templated":true}]}}