{"id":524294,"date":"2025-11-10T06:07:15","date_gmt":"2025-11-10T06:07:15","guid":{"rendered":"https:\/\/www.europesays.com\/fr\/524294\/"},"modified":"2025-11-10T06:07:15","modified_gmt":"2025-11-10T06:07:15","slug":"de-nombreux-foyers-sans-electricite-apres-des-frappes-russes-samedi","status":"publish","type":"post","link":"https:\/\/www.europesays.com\/fr\/524294\/","title":{"rendered":"De nombreux foyers sans \u00e9lectricit\u00e9 apr\u00e8s des frappes russes samedi\u2026"},"content":{"rendered":"<p>En Russie, au moins 20.000 personnes sans \u00e9lectricit\u00e9 apr\u00e8s des frappes ukrainiennes<\/p>\n<p>Deux r\u00e9gions russes frontali\u00e8res de l\u2019Ukraine font face depuis dimanche \u00e0 des coupures d\u2019\u00e9lectricit\u00e9 affectant 20.000 personnes apr\u00e8s des frappes ukrainiennes sur les infrastructures \u00e9nerg\u00e9tiques, ont annonc\u00e9 les autorit\u00e9s locales, au lendemain de bombardements russes en Ukraine.<\/p>\n<p>Situation \u00ab\u00a0difficile\u00a0\u00bb pour le r\u00e9seau \u00e9lectrique au lendemain de frappes russes<\/p>\n<p>Les techniciens ukrainiens s\u2019effor\u00e7aient dimanche de r\u00e9parer les d\u00e9g\u00e2ts caus\u00e9s la veille par l\u2019une des pires attaques russes contre les infrastructures \u00e9nerg\u00e9tiques de l\u2019Ukraine, une situation qualifi\u00e9e de \u00ab\u00a0difficile\u00a0\u00bb par le pr\u00e9sident Volodymyr Zelensky.<\/p>\n<p>Des dizaines de milliers de personnes restent priv\u00e9es de courant au lendemain de frappes russes massives sur le r\u00e9seau \u00e9lectrique et gazier du pays qui ont fait au moins quatre morts.<\/p>\n<p>Bienvenue dans ce nouveau Live<\/p>\n<p>Bonjour \u00e0 toutes et \u00e0 tous. Comme chaque jour, la r\u00e9daction de 20 Minutes est mobilis\u00e9e pour vous donner l\u2019ensemble des informations sur le conflit entre Moscou et Kiev.<\/p>\n<p>Sur le terrain, la Russie multiplie depuis des semaines les bombardements sur les infrastructures \u00e9nerg\u00e9tiques et le r\u00e9seau ferroviaire ukrainien, faisant craindre un nouvel hiver difficile. L\u2019Ukraine vise de son c\u00f4t\u00e9 r\u00e9guli\u00e8rement des d\u00e9p\u00f4ts et raffineries de p\u00e9trole et d\u2019autres installations en Russie.<\/p>\n","protected":false},"excerpt":{"rendered":"En Russie, au moins 20.000 personnes sans \u00e9lectricit\u00e9 apr\u00e8s des frappes ukrainiennes Deux r\u00e9gions russes frontali\u00e8res de l\u2019Ukraine&hellip;\n","protected":false},"author":2,"featured_media":524295,"comment_status":"","ping_status":"","sticky":false,"template":"","format":"standard","meta":{"footnotes":""},"categories":[1590],"tags":[47,11,75,73,1777,674,131,74,12,136,132,220,133,135,134],"class_list":{"0":"post-524294","1":"post","2":"type-post","3":"status-publish","4":"format-standard","5":"has-post-thumbnail","7":"category-ukraine","8":"tag-actualite","9":"tag-actualites","10":"tag-donald-trump","11":"tag-etats-unis","12":"tag-eu","13":"tag-europe","14":"tag-guerre-en-ukraine","15":"tag-monde","16":"tag-news","17":"tag-otan","18":"tag-russie","19":"tag-ukraine","20":"tag-video","21":"tag-vladimir-poutine","22":"tag-volodymyr-zelensky"},"share_on_mastodon":{"url":"","error":""},"_links":{"self":[{"href":"https:\/\/www.europesays.com\/fr\/wp-json\/wp\/v2\/posts\/524294","targetHints":{"allow":["GET"]}}],"collection":[{"href":"https:\/\/www.europesays.com\/fr\/wp-json\/wp\/v2\/posts"}],"about":[{"href":"https:\/\/www.europesays.com\/fr\/wp-json\/wp\/v2\/types\/post"}],"author":[{"embeddable":true,"href":"https:\/\/www.europesays.com\/fr\/wp-json\/wp\/v2\/users\/2"}],"replies":[{"embeddable":true,"href":"https:\/\/www.europesays.com\/fr\/wp-json\/wp\/v2\/comments?post=524294"}],"version-history":[{"count":0,"href":"https:\/\/www.europesays.com\/fr\/wp-json\/wp\/v2\/posts\/524294\/revisions"}],"wp:featuredmedia":[{"embeddable":true,"href":"https:\/\/www.europesays.com\/fr\/wp-json\/wp\/v2\/media\/524295"}],"wp:attachment":[{"href":"https:\/\/www.europesays.com\/fr\/wp-json\/wp\/v2\/media?parent=524294"}],"wp:term":[{"taxonomy":"category","embeddable":true,"href":"https:\/\/www.europesays.com\/fr\/wp-json\/wp\/v2\/categories?post=524294"},{"taxonomy":"post_tag","embeddable":true,"href":"https:\/\/www.europesays.com\/fr\/wp-json\/wp\/v2\/tags?post=524294"}],"curies":[{"name":"wp","href":"https:\/\/api.w.org\/{rel}","templated":true}]}}