{"id":524300,"date":"2025-11-10T06:10:13","date_gmt":"2025-11-10T06:10:13","guid":{"rendered":"https:\/\/www.europesays.com\/fr\/524300\/"},"modified":"2025-11-10T06:10:13","modified_gmt":"2025-11-10T06:10:13","slug":"comment-lallemagne-va-mettre-k-o-la-france-dans-le-spatial","status":"publish","type":"post","link":"https:\/\/www.europesays.com\/fr\/524300\/","title":{"rendered":"Comment l\u2019Allemagne va mettre K-O la France dans le spatial"},"content":{"rendered":"<p>C\u2019est clair et net, la France ne va plus boxer bient\u00f4t dans la m\u00eame cat\u00e9gorie que l\u2019Allemagne dans le spatial. Berlin en a fait une vraie priorit\u00e9 \u00e0 l\u2019image de Paris, mais contrairement \u00e0 la France, l\u2019Allemagne y met vraiment beaucoup de moyens financiers. Fin septembre, le ministre de la D\u00e9fense allemand Boris Pistorius a promis une enveloppe budg\u00e9taire de 35 milliards d\u2019euros dans des projets militaires spatiaux d\u00e9fensifs et offensifs d\u2019ici \u00e0 2030, dont une constellation qui pourrait m\u00eame mettre gravement en danger la constellation europ\u00e9enne IRIS\u00b2, fortement d\u00e9fendue par la France. Ironie du sort, les projets pharaoniques de Boris Pistorius reprend pratiquement les m\u00eames ambitions fran\u00e7aises fix\u00e9es dans la strat\u00e9gie spatiale d\u00e9voil\u00e9e en juillet 2019 par Florence Parly, alors ministre des Arm\u00e9es.<\/p>\n","protected":false},"excerpt":{"rendered":"C\u2019est clair et net, la France ne va plus boxer bient\u00f4t dans la m\u00eame cat\u00e9gorie que l\u2019Allemagne dans&hellip;\n","protected":false},"author":2,"featured_media":524301,"comment_status":"","ping_status":"","sticky":false,"template":"","format":"standard","meta":{"footnotes":""},"categories":[1587],"tags":[17,11,672,1804,20,1805,56827,1803,1777,674,27,1801,29028,3442,7557,12,1802,671],"class_list":{"0":"post-524300","1":"post","2":"type-post","3":"status-publish","4":"format-standard","5":"has-post-thumbnail","7":"category-allemagne","8":"tag-17","9":"tag-actualites","10":"tag-allemagne","11":"tag-bundesrepublik-deutschland","12":"tag-comment","13":"tag-de","14":"tag-defense-et-aerospatiale","15":"tag-deutschland","16":"tag-eu","17":"tag-europe","18":"tag-france","19":"tag-germany","20":"tag-k-o","21":"tag-lallemagne","22":"tag-mettre","23":"tag-news","24":"tag-republique-federale-dallemagne","25":"tag-spatial"},"share_on_mastodon":{"url":"https:\/\/pubeurope.com\/@fr\/115523919796558330","error":""},"_links":{"self":[{"href":"https:\/\/www.europesays.com\/fr\/wp-json\/wp\/v2\/posts\/524300","targetHints":{"allow":["GET"]}}],"collection":[{"href":"https:\/\/www.europesays.com\/fr\/wp-json\/wp\/v2\/posts"}],"about":[{"href":"https:\/\/www.europesays.com\/fr\/wp-json\/wp\/v2\/types\/post"}],"author":[{"embeddable":true,"href":"https:\/\/www.europesays.com\/fr\/wp-json\/wp\/v2\/users\/2"}],"replies":[{"embeddable":true,"href":"https:\/\/www.europesays.com\/fr\/wp-json\/wp\/v2\/comments?post=524300"}],"version-history":[{"count":0,"href":"https:\/\/www.europesays.com\/fr\/wp-json\/wp\/v2\/posts\/524300\/revisions"}],"wp:featuredmedia":[{"embeddable":true,"href":"https:\/\/www.europesays.com\/fr\/wp-json\/wp\/v2\/media\/524301"}],"wp:attachment":[{"href":"https:\/\/www.europesays.com\/fr\/wp-json\/wp\/v2\/media?parent=524300"}],"wp:term":[{"taxonomy":"category","embeddable":true,"href":"https:\/\/www.europesays.com\/fr\/wp-json\/wp\/v2\/categories?post=524300"},{"taxonomy":"post_tag","embeddable":true,"href":"https:\/\/www.europesays.com\/fr\/wp-json\/wp\/v2\/tags?post=524300"}],"curies":[{"name":"wp","href":"https:\/\/api.w.org\/{rel}","templated":true}]}}