{"id":524306,"date":"2025-11-10T06:13:12","date_gmt":"2025-11-10T06:13:12","guid":{"rendered":"https:\/\/www.europesays.com\/fr\/524306\/"},"modified":"2025-11-10T06:13:12","modified_gmt":"2025-11-10T06:13:12","slug":"une-jeune-tiktokeuse-executee-en-public-par-des-jihadistes-presumes-2","status":"publish","type":"post","link":"https:\/\/www.europesays.com\/fr\/524306\/","title":{"rendered":"une jeune tiktokeuse ex\u00e9cut\u00e9e en public par des jihadistes pr\u00e9sum\u00e9s"},"content":{"rendered":"<p>            Par<br \/>\n        <strong><br \/>\n            <a href=\"https:\/\/actu.fr\/auteur\/redaction-actu\" title=\"Consulter tous les articles de R\u00e9daction Actu\" rel=\"nofollow noopener\" target=\"_blank\">R\u00e9daction Actu<\/a><br \/>\n        <\/strong><\/p>\n<p>        Publi\u00e9 le<\/p>\n<p>            9 nov. 2025 \u00e0 21h53        <\/p>\n<p>Une jeune tiktokeuse malienne a \u00e9t\u00e9 enlev\u00e9e jeudi 6 novembre 2025 <strong>puis ex\u00e9cut\u00e9e en public<\/strong> le lendemain dans le nord du Mali par des jihadistes pr\u00e9sum\u00e9s qui l\u2019accusaient de collaborer avec l\u2019arm\u00e9e malienne, ont indiqu\u00e9 ce dimanche 9 novembre un membre de sa famille, une source s\u00e9curitaire et un \u00e9lu local.<\/p>\n<p class=\" wall-content\">Mariam Ciss\u00e9 \u00e9tait connue pour ses vid\u00e9os qu\u2019elle partageait sur TikTok \u00e0 propos de sa ville de Tonka, situ\u00e9e dans la r\u00e9gion de Tombouctou (nord). La jeune fille comptait plus de 90.000 abonn\u00e9s sur la plateforme.<\/p>\n<p>Accus\u00e9e \u00ab\u00a0d\u2019informer l\u2019arm\u00e9e\u00a0\u00bb<\/p>\n<p class=\" wall-content\">Son ex\u00e9cution a suscit\u00e9 un vif \u00e9moi dans le pays, dirig\u00e9 par une junte et confront\u00e9 depuis 2012 \u00e0 une profonde crise s\u00e9curitaire doubl\u00e9e d\u2019une crise \u00e9conomique.<\/p>\n<p class=\" wall-content\">\u00ab\u00a0<strong>Ma s\u0153ur a \u00e9t\u00e9 arr\u00eat\u00e9e jeudi par les jihadistes<\/strong>\u00a0\u00bb qui l\u2019accusaient \u00ab\u00a0d\u2019informer l\u2019arm\u00e9e malienne de (leurs) mouvements\u00a0\u00bb, a racont\u00e9 son fr\u00e8re \u00e0 l\u2019AFP.\u00a0<\/p>\n<blockquote class=\"ac-article-quote wall-content\">\n<p>Le lendemain, ils l&rsquo;ont amen\u00e9e \u00e0 Tonka \u00e0 moto sur la place de l\u2019ind\u00e9pendance (et) ils l&rsquo;ont fusill\u00e9e. J&rsquo;\u00e9tais dans le public.<\/p>\n<p>    <strong>Fr\u00e8re de la victime<\/strong>\n            <\/p><\/blockquote>\n<p class=\" wall-content\">\u00ab\u00a0Mariam Ciss\u00e9 a \u00e9t\u00e9 assassin\u00e9e sur une place publique de Tonka vendredi par les jihadistes qui l\u2019accusaient de les avoir film\u00e9s pour le compte de l\u2019arm\u00e9e malienne\u00a0\u00bb, a \u00e9galement affirm\u00e9 \u00e0 l\u2019AFP une source s\u00e9curitaire sous couvert d\u2019anonymat, d\u00e9non\u00e7ant \u00ab\u00a0une barbarie\u00a0\u00bb.\u00a0<\/p>\n<p class=\" wall-content\">Un \u00e9lu local a confirm\u00e9 son ex\u00e9cution qu\u2019il a qualifi\u00e9e<strong> \u00ab\u00a0d\u2019acte ignoble\u00a0\u00bb.<\/strong><\/p>\n<p>Votre r\u00e9gion, votre actu !<\/p>\n<p>Recevez chaque jour les infos qui comptent pour vous.<\/p>\n<p>\t<a href=\"https:\/\/actu.fr\/newsletter\" class=\"ac-btn ac-btn--corner ac-btn--medium ac-btn--blue800\" rel=\"nofollow noopener\" target=\"_blank\">S&rsquo;incrire<\/a><br \/>\nQuelle est la situation au Mali ?<\/p>\n<p class=\" wall-content\">Le Mali est confront\u00e9 depuis 2012 \u00e0 une profonde crise s\u00e9curitaire nourrie notamment par les violences de groupes jihadistes affili\u00e9s \u00e0 Al-Qa\u00efda et \u00e0 l\u2019organisation Etat islamique (EI), ainsi que de groupes criminels communautaires. Elle s\u2019ajoute \u00e0 une grave crise \u00e9conomique.<\/p>\n<p class=\" wall-content\">Les jihadistes du Groupe de soutien \u00e0 l\u2019islam et aux musulmans (JNIM) ont impos\u00e9 ces derni\u00e8res semaines jusqu\u2019\u00e0 Bamako un blocus sur les importations de carburant, paralysant l\u2019\u00e9conomie de ce pays sah\u00e9lien enclav\u00e9. Le JNIM resserre \u00e9galement l\u2019\u00e9tau sur le r\u00e9gime militaire, de plus en plus fragilis\u00e9.\u00a0<\/p>\n<p class=\" wall-content\">lar-str-sd-sjd\/ayv\/<\/p>\n<p class=\" wall-content\">Personnalisez votre actualit\u00e9 en ajoutant vos villes et m\u00e9dias en favori avec <a href=\"https:\/\/moncompte.actu.fr\" title=\"D\u00e9couvez Mon Actu\" rel=\"nofollow noopener\" data-trk=\"{&quot;cta&quot;:{&quot;action&quot;:&quot;https:\\\/\\\/moncompte.actu.fr&quot;,&quot;category&quot;:&quot;mon compte&quot;,&quot;from&quot;:&quot;article footer&quot;,&quot;name&quot;:&quot;Mon actu&quot;,&quot;type&quot;:&quot;cta&quot;}}\" target=\"_blank\">Mon Actu<\/a>.<\/p>\n","protected":false},"excerpt":{"rendered":"Par R\u00e9daction Actu Publi\u00e9 le 9 nov. 2025 \u00e0 21h53 Une jeune tiktokeuse malienne a \u00e9t\u00e9 enlev\u00e9e jeudi&hellip;\n","protected":false},"author":2,"featured_media":524307,"comment_status":"","ping_status":"","sticky":false,"template":"","format":"standard","meta":{"footnotes":""},"categories":[2],"tags":[11,1011,27,74,12,25],"class_list":{"0":"post-524306","1":"post","2":"type-post","3":"status-publish","4":"format-standard","5":"has-post-thumbnail","7":"category-actualites","8":"tag-actualites","9":"tag-fr","10":"tag-france","11":"tag-monde","12":"tag-news","13":"tag-republique-francaise"},"share_on_mastodon":{"url":"https:\/\/pubeurope.com\/@fr\/115523931578135058","error":""},"_links":{"self":[{"href":"https:\/\/www.europesays.com\/fr\/wp-json\/wp\/v2\/posts\/524306","targetHints":{"allow":["GET"]}}],"collection":[{"href":"https:\/\/www.europesays.com\/fr\/wp-json\/wp\/v2\/posts"}],"about":[{"href":"https:\/\/www.europesays.com\/fr\/wp-json\/wp\/v2\/types\/post"}],"author":[{"embeddable":true,"href":"https:\/\/www.europesays.com\/fr\/wp-json\/wp\/v2\/users\/2"}],"replies":[{"embeddable":true,"href":"https:\/\/www.europesays.com\/fr\/wp-json\/wp\/v2\/comments?post=524306"}],"version-history":[{"count":0,"href":"https:\/\/www.europesays.com\/fr\/wp-json\/wp\/v2\/posts\/524306\/revisions"}],"wp:featuredmedia":[{"embeddable":true,"href":"https:\/\/www.europesays.com\/fr\/wp-json\/wp\/v2\/media\/524307"}],"wp:attachment":[{"href":"https:\/\/www.europesays.com\/fr\/wp-json\/wp\/v2\/media?parent=524306"}],"wp:term":[{"taxonomy":"category","embeddable":true,"href":"https:\/\/www.europesays.com\/fr\/wp-json\/wp\/v2\/categories?post=524306"},{"taxonomy":"post_tag","embeddable":true,"href":"https:\/\/www.europesays.com\/fr\/wp-json\/wp\/v2\/tags?post=524306"}],"curies":[{"name":"wp","href":"https:\/\/api.w.org\/{rel}","templated":true}]}}