{"id":524312,"date":"2025-11-10T06:16:08","date_gmt":"2025-11-10T06:16:08","guid":{"rendered":"https:\/\/www.europesays.com\/fr\/524312\/"},"modified":"2025-11-10T06:16:08","modified_gmt":"2025-11-10T06:16:08","slug":"ben-griffin-en-patron-perez-progresse-a-la-fedex-cup-pavon-sur-la-bonne-voie","status":"publish","type":"post","link":"https:\/\/www.europesays.com\/fr\/524312\/","title":{"rendered":"Ben Griffin en patron, Perez progresse \u00e0 la FedEx Cup, Pavon sur la bonne voie"},"content":{"rendered":"<p>\t\t\t\t\t\t<img width=\"770\" height=\"555\" src=\"data:image\/svg+xml,%3Csvg%20xmlns=\" http:=\"\" class=\"img-responsive wp-post-image\" alt=\"Ben Griffin Photo by Alex Slitz \/ GETTY IMAGES NORTH AMERICA \/ Getty Images via AFP\" decoding=\"async\" fetchpriority=\"high\" data-lazy- data-lazy- data-lazy-src=\"https:\/\/www.europesays.com\/fr\/wp-content\/uploads\/2025\/11\/ben-griffin-pga-tour-world-wide-technology-770x555.jpg\"\/>\t\t\t\t\t<\/p>\n<p>\t\t\t\t\t\t Partager cet article <\/p>\n<p class=\"screen-reader-text juiz_sps_maybe_hidden_text\">Partager la publication \u00ab\u00a0Ben Griffin en patron, Perez progresse \u00e0 la FedEx Cup, Pavon sur la bonne voie\u00a0\u00bb<\/p>\n<p><strong>R\u00e9v\u00e9lation de la saison, douzi\u00e8me joueur mondial, dixi\u00e8me de la FedEx Cup \u00e0 l\u2019issue du Tour Championship, Ben Griffin faisait figure de grand favori au d\u00e9but de la semaine. L\u2019Am\u00e9ricain de 29 ans, d\u00e9j\u00e0 victorieux de deux tournois cette saison, s\u2019est donc logiquement impos\u00e9 dimanche au terme d\u2019un dernier tour maitris\u00e9 de bout en bout.<\/strong><\/p>\n<p>\t\t\t\t\t<a id=\"190593\" href=\"https:\/\/leclub-golf.sumupstore.com\/\" target=\"_blank\" rel=\"sponsorised nofollow noopener\"><img decoding=\"async\" src=\"data:image\/svg+xml,%3Csvg%20xmlns=\" http:=\"\" class=\"img-responsive\" alt=\"\" data-lazy-src=\"https:\/\/www.europesays.com\/fr\/wp-content\/uploads\/2025\/11\/leclubgolf-e13-coffrets-cadeaux-1170x275-1.png\"\/><\/a><\/p>\n<p><strong>Ben Griffin<\/strong> est devenu le 6e joueur de l\u2019histoire du PGA Tour \u00e0 s\u2019imposer trois fois l\u2019ann\u00e9e de sa premi\u00e8re victoire.<\/p>\n<p>2025 restera un tr\u00e8s grand cru pour le natif de Caroline du Nord qui apr\u00e8s un premier troph\u00e9e soulev\u00e9 en double (avec Andrew Novak) \u00e0 la Nouvelle Orl\u00e9ans fin avril, a triomph\u00e9 en solo le mois suivant au Texas dans le Charles Schwab Challenge.<\/p>\n<p>Il a ensuite \u00e9t\u00e9 retenu par Keegan Bradley pour jouer la Ryder Cup et ajoute un troisi\u00e8me titre \u00e0 son palmar\u00e8s \u00e0 un mois de convoler en justes noces avec sa compagne.<\/p>\n<p>Pour l\u2019emporter dimanche Griffin a aussi profit\u00e9 des petites erreurs de ses adversaires pour le titre mais a surtout r\u00e9alis\u00e9 une d\u00e9monstration sur les greens qui a commenc\u00e9 au 11 lorsque sa tentative de plus de 13 m\u00e8tres \u00e0 trouver la cible et lui a permis de rejoindre les leaders.<\/p>\n<p>A ce moment l\u00e0 rien ne semble plus pouvoir arr\u00eater Griffin qui enregistre le 4e de sa s\u00e9rie de 5 birdies cons\u00e9cutifs d\u00e9but\u00e9e au 8 !<\/p>\n<blockquote data-service=\"twitter\" data-category=\"marketing\" data-placeholder-image=\"https:\/\/www.golfplanete.com\/wp-content\/plugins\/complianz-gdpr-premium\/assets\/images\/placeholders\/twitter-minimal.jpg\" class=\"cmplz-placeholder-element twitter-tweet\" data-media-max-width=\"560\"><p>&#13;<\/p>\n<p dir=\"ltr\" lang=\"en\">Here comes Benny Booms \ud83d\udc40 <\/p>\n<p>\ud83d\udcfa <a href=\"https:\/\/twitter.com\/GolfChannel?ref_src=twsrc%5Etfw\" rel=\"nofollow noopener\" target=\"_blank\">@GolfChannel<\/a> <a href=\"https:\/\/t.co\/WbQSMbFr19\" rel=\"nofollow\">pic.twitter.com\/WbQSMbFr19<\/a><\/p>\n<p>&#13;<br \/>\n&#13;<br \/>\n\u2014 PGA TOUR (@PGATOUR) <a href=\"https:\/\/twitter.com\/PGATOUR\/status\/1987622421050929218?ref_src=twsrc%5Etfw\" rel=\"nofollow noopener\" target=\"_blank\">November 9, 2025<\/a><\/p><\/blockquote>\n<blockquote data-service=\"twitter\" data-category=\"marketing\" data-placeholder-image=\"https:\/\/www.golfplanete.com\/wp-content\/plugins\/complianz-gdpr-premium\/assets\/images\/placeholders\/twitter-minimal.jpg\" class=\"cmplz-placeholder-element twitter-tweet\" data-media-max-width=\"560\"><p>&#13;<\/p>\n<p dir=\"ltr\" lang=\"en\">Ben Griffin. Extending the lead to 2 \ud83d\udd25 <a href=\"https:\/\/t.co\/feM2aEa6q0\" rel=\"nofollow\">pic.twitter.com\/feM2aEa6q0<\/a><\/p>\n<p>&#13;<br \/>\n&#13;<br \/>\n\u2014 PGA TOUR (@PGATOUR) <a href=\"https:\/\/twitter.com\/PGATOUR\/status\/1987644374939783390?ref_src=twsrc%5Etfw\" rel=\"nofollow noopener\" target=\"_blank\">November 9, 2025<\/a><\/p><\/blockquote>\n<p>Auteur d\u2019une carte de 63 ce dimanche le joueur de 29 ans s\u2019impose donc avec deux coups d\u2019avance sur <strong>Chad Ramey<\/strong> et <strong>Sami<\/strong> <strong>Val\u00efmack\u00ef<\/strong> mais malgr\u00e9 avoir \u00e9t\u00e9 battus les deux hommes avaient le sourire \u00e0 la sortie du 18 du parcours d\u2019El Diamante \u00e0 Los Cabos au Mexique.<\/p>\n<p>En effet leur deuxi\u00e8me place leur permet de virtuellement s\u00e9curiser leur place dans le top 100 de la FedEx Cup synonyme de droit de jeu sur le PGA en 2026.<\/p>\n<p>\u00ab Pour ces trois derniers tournois, le seul objectif \u00e9tait de parvenir \u00e0 conserver ma carte, je pense que c\u2019est chose faite avec ce r\u00e9sultat \u00bb, a confi\u00e9 le Finlandais projet\u00e9 au 76e rang avec deux tournois \u00e0 jouer. On voit mal en effet comment plus de 25 joueurs pourraient lui passer devant.<\/p>\n<p>Perez se rapproche de l\u2019objectif<\/p>\n<p>C\u00f4t\u00e9 tricolore le bilan est plut\u00f4t bon m\u00eame si apr\u00e8s s\u2019\u00eatre hiss\u00e9 dans le top 5 du tournoi vendredi soir gr\u00e2ce \u00e0 une deuxi\u00e8me carte de 65, on esp\u00e9rait un meilleur r\u00e9sultat de <strong>Victor Perez<\/strong>.<\/p>\n<p>Mais le Tarbais s\u2019est montr\u00e9 moins tranchant sur les attaques de green lors des deux derniers tours. Samedi il a rendu une carte de 71 synonyme de recul \u00e0 la 16e place et dimanche il est sorti du top 20 malgr\u00e9 une carte de 69.\u00a0<\/p>\n<p>En progr\u00e8s de trois places au g\u00e9n\u00e9ral de la FedEx Cup, 104e au lieu de 107e, Perez va donc devoir encore batailler lors des deux derniers tournois des FedEx Cup Fall pour sauver son \u201cpass\u201d sur le PGA Tour.<\/p>\n<p>Matthieu Pavon retrouve des couleurs<\/p>\n<p>Apr\u00e8s une entame de tournoi compliqu\u00e9e jeudi (+2 apr\u00e8s 9 trous) <strong>Matthieu Pavon<\/strong> a fait mieux que rectifier le tir lors des 63 trous suivants. Le Bordelais a sign\u00e9 la bagatelle de 20 birdies dont 5 ce dimanche. Dans ce dernier tour Pavon n\u2019a pas manqu\u00e9 un seul fairway et comme leur de <a href=\"https:\/\/www.golfplanete.com\/actualites\/matthieu-pavon-retrouve-la-lumiere-dans-le-2e-tour-du-world-wide-technology-au-mexique\/\" rel=\"nofollow noopener\" target=\"_blank\">son excellent deuxi\u00e8me tour (64)<\/a> il a rendu une carte vierge de bogey.<\/p>\n<p>L\u2019\u00e9l\u00e8ve de Jamie Gough qui n\u2019est pas concern\u00e9 par la course au Top 100 de la FedEx Cup puisqu\u2019il b\u00e9n\u00e9ficie d\u2019une exemption pour 2026 cons\u00e9quence de sa victoire dans le Farmers Insurance Open en janvier 2024, montre des signes tr\u00e8s encourageants de retour en forme apr\u00e8s une ann\u00e9e 2025 d\u00e9cevante.\u00a0<\/p>\n<p>Rappelons que le Parisien <strong>Antoine Rozner<\/strong> a enchain\u00e9 avec un 4e cut cons\u00e9cutif manqu\u00e9 sur le PGA Tour. Le joueur du <strong>RCF<\/strong> n\u2019a plus le droit \u00e0 l\u2019erreur lors des deux prochains tournois puisqu\u2019il navigue d\u00e9sormais au-del\u00e0 de la 160e place <a href=\"https:\/\/www.pgatour.com\/fedexcup\" target=\"_blank\" rel=\"noopener nofollow\">de la FedEx Cup<\/a>, tr\u00e8s loin du top 100 qu\u2019il doit int\u00e9grer \u00e0 tout prix s\u2019il souhaite poursuivre sa carri\u00e8re sur le PGA Tour l\u2019an prochain.<\/p>\n<p>\t\t\t\t<img loading=\"lazy\" decoding=\"async\" src=\"data:image\/svg+xml,%3Csvg%20xmlns=\" http:=\"\" attributionsrc=\"\" border=\"0\" height=\"1\" width=\"1\" alt=\"Advertisement\" data-lazy-src=\"https:\/\/www.europesays.com\/fr\/wp-content\/uploads\/2025\/10\/B33047934.424844132;dc_trk_aid=615928068;dc_trk_cid=236605808;ord=[timestamp];dc_lat=;dc_rdid=;tag_f.gif\"\/><\/p>\n<p>\t\t\t\t\t<a id=\"179415\" href=\"https:\/\/ad.doubleclick.net\/ddm\/trackclk\/N1153799.3770024GOLFPLANATE\/B33047934.424844132;dc_trk_aid=615928068;dc_trk_cid=236605808;dc_lat=;dc_rdid=;tag_for_child_directed_treatment=;tfua=;gdpr=${GDPR};gdpr_consent=${GDPR_CONSENT_755};ltd=;dc_tdv=1\" target=\"_blank\" rel=\"sponsorised nofollow noopener\"><img decoding=\"async\" src=\"data:image\/svg+xml,%3Csvg%20xmlns=\" http:=\"\" class=\"img-responsive\" alt=\"\" data-lazy-src=\"https:\/\/www.europesays.com\/fr\/wp-content\/uploads\/2025\/07\/callaway-e01-apex-v1-770x385-1.jpg\"\/><\/a><br \/>\nLe leaderboard<\/p>\n<p><img loading=\"lazy\" decoding=\"async\" class=\"alignnone size-image-largeur-770 wp-image-191265\" src=\"data:image\/svg+xml,%3Csvg%20xmlns=\" http:=\"\" alt=\"\" width=\"770\" height=\"646\" data-lazy- data-lazy- data-lazy-src=\"https:\/\/www.europesays.com\/fr\/wp-content\/uploads\/2025\/11\/capture-2025-11-10-a-06.31.26-770x646.jpg\"\/><\/p>\n<p>\u00a0Photo \u00a9 Alex Slitz \/ GETTY IMAGES NORTH AMERICA \/ Getty Images via AFP<\/p>\n<p>\t\t\t<script async src=\"https:\/\/platform.twitter.com\/widgets.js\" charset=\"utf-8\"><\/script><\/p>\n","protected":false},"excerpt":{"rendered":"Partager cet article Partager la publication \u00ab\u00a0Ben Griffin en patron, Perez progresse \u00e0 la FedEx Cup, Pavon sur&hellip;\n","protected":false},"author":2,"featured_media":524313,"comment_status":"","ping_status":"","sticky":false,"template":"","format":"standard","meta":{"footnotes":""},"categories":[1418],"tags":[1011,27,1472,60],"class_list":{"0":"post-524312","1":"post","2":"type-post","3":"status-publish","4":"format-standard","5":"has-post-thumbnail","7":"category-golf","8":"tag-fr","9":"tag-france","10":"tag-golf","11":"tag-sports"},"share_on_mastodon":{"url":"https:\/\/pubeurope.com\/@fr\/115523943325396669","error":""},"_links":{"self":[{"href":"https:\/\/www.europesays.com\/fr\/wp-json\/wp\/v2\/posts\/524312","targetHints":{"allow":["GET"]}}],"collection":[{"href":"https:\/\/www.europesays.com\/fr\/wp-json\/wp\/v2\/posts"}],"about":[{"href":"https:\/\/www.europesays.com\/fr\/wp-json\/wp\/v2\/types\/post"}],"author":[{"embeddable":true,"href":"https:\/\/www.europesays.com\/fr\/wp-json\/wp\/v2\/users\/2"}],"replies":[{"embeddable":true,"href":"https:\/\/www.europesays.com\/fr\/wp-json\/wp\/v2\/comments?post=524312"}],"version-history":[{"count":0,"href":"https:\/\/www.europesays.com\/fr\/wp-json\/wp\/v2\/posts\/524312\/revisions"}],"wp:featuredmedia":[{"embeddable":true,"href":"https:\/\/www.europesays.com\/fr\/wp-json\/wp\/v2\/media\/524313"}],"wp:attachment":[{"href":"https:\/\/www.europesays.com\/fr\/wp-json\/wp\/v2\/media?parent=524312"}],"wp:term":[{"taxonomy":"category","embeddable":true,"href":"https:\/\/www.europesays.com\/fr\/wp-json\/wp\/v2\/categories?post=524312"},{"taxonomy":"post_tag","embeddable":true,"href":"https:\/\/www.europesays.com\/fr\/wp-json\/wp\/v2\/tags?post=524312"}],"curies":[{"name":"wp","href":"https:\/\/api.w.org\/{rel}","templated":true}]}}