{"id":52432,"date":"2025-04-25T18:51:08","date_gmt":"2025-04-25T18:51:08","guid":{"rendered":"https:\/\/www.europesays.com\/fr\/52432\/"},"modified":"2025-04-25T18:51:08","modified_gmt":"2025-04-25T18:51:08","slug":"refugiees-dans-un-squat-a-marseille-et-sans-solution-des-familles-de-migrants-sous-le-coup-dune-expulsion","status":"publish","type":"post","link":"https:\/\/www.europesays.com\/fr\/52432\/","title":{"rendered":"R\u00e9fugi\u00e9es dans un squat \u00e0 Marseille et \u00ab\u00a0sans solution\u00a0\u00bb, des familles de migrants sous le coup d&rsquo;une expulsion"},"content":{"rendered":"<p>Son c\u0153ur bat plus vite depuis le 9\u00a0avril. \u00c0 cette date, \u00ab\u00a0plusieurs policiers sont entr\u00e9s dans l\u2019immeuble et nous ont demand\u00e9 de partir. Ils ont dit que si nous \u00e9tions l\u00e0 \u00e0 leur retour, nous devrions descendre dans la rue avec eux\u00a0\u00bb, expose Grace, une occupante d\u2019un <a href=\"https:\/\/www.laprovence.com\/article\/faits-divers-justice\/10041056431786\/a-marseille-la-folle-histoire-des-squatteuses-delogees-a-coups-de-belier\" target=\"_blank\" rel=\"noopener\">squa<\/a>t de la rue de la R\u00e9publique, \u00e0 <a href=\"https:\/\/www.laprovence.com\/ville\/marseille\" target=\"_blank\" rel=\"noopener\">Marseille<\/a> (2e), tandis que ni la pr\u00e9fecture de police ni la pr\u00e9fecture du D\u00e9partement n\u2019ont confirm\u00e9, \u00e0 ce stade, cette information. Depuis, avance-t-elle, le risque d\u2019une expulsion court \u00e0 chaque instant pour ces occupants, parmi lesquels plusieurs enfants dont un \u00e2g\u00e9 de 10\u00a0mois.<\/p>\n<p>\u00ab\u00a0Mon mari avait 50\u00a0ans, j\u2019en avais 10\u00a0\u00bb<\/p>\n<p>\u00c0 la source de son exil, des violences \u00ab\u00a0physiques et psychologiques\u00a0\u00bb, entame Grace, la trentaine. \u00ab\u00a0Nous sommes trois adultes et une famille enti\u00e8re \u00e0 vivre ici, ces jours-ci. Moi, ce sont des violences domestiques qui m\u2019ont conduite en Italie, puis en France. J\u2019avais 10\u00a0ans et on m\u2019a forc\u00e9e \u00e0 me marier avec un homme de 50\u00a0ans. Depuis deux ans environ, je suis \u00e0 Marseille, \u00e0 la recherche d\u2019un lieu s\u00fbr\u00a0\u00bb, d\u00e9taille-t-elle. Alors qu\u2019une mobilisation s\u2019est tenue au pied de l\u2019immeuble en mauvais \u00e9tat o\u00f9 elles r\u00e9sident, en pr\u00e9sence du d\u00e9put\u00e9 (LFI) Manuel Bompard, <a href=\"https:\/\/www.laprovence.com\/article\/region\/1093141612880415\/avec-57-000-logements-vides-a-marseille-le-collectif-requisition-manifeste-sa-colere\" target=\"_blank\" rel=\"noopener\">qui demandait un logement pour ces familles<\/a>.<\/p>\n<p>Install\u00e9e \u00e0 m\u00eame le sol, sur de vieux tapis, Messy mange des haricots blancs dans une bo\u00eete en plastique. \u00ab\u00a0Quand on supplie, les gens nous donnent de quoi manger. On a pu bricoler une petite cuisine rudimentaire mais c\u2019est loin d\u2019\u00eatre suffisant. L\u2019une des m\u00e8res a un fils de 10\u00a0ans qui n\u2019a pas \u00e9t\u00e9 \u00e0 l\u2019\u00e9cole depuis longtemps. Lui aussi il doit manger par terre\u00a0\u00bb, articule-t-elle en pleurant. \u00ab\u00a0Quand je suis tomb\u00e9e enceinte au Nigeria, on m\u2019a chass\u00e9e de l\u2019\u00e9cole alors que je n\u2019avais rien fait de mal. J\u2019\u00e9tais juste enceinte\u00a0\u00bb, dit-elle \u00e0 moiti\u00e9 dans la lumi\u00e8re, un bras couvert de scarifications.<\/p>\n","protected":false},"excerpt":{"rendered":"Son c\u0153ur bat plus vite depuis le 9\u00a0avril. \u00c0 cette date, \u00ab\u00a0plusieurs policiers sont entr\u00e9s dans l\u2019immeuble et&hellip;\n","protected":false},"author":2,"featured_media":52433,"comment_status":"","ping_status":"","sticky":false,"template":"","format":"standard","meta":{"footnotes":""},"categories":[2814],"tags":[17,1111,11,1446,154,1777,674,1011,27,884,12,882,14575,16,25,4561,9451,5221],"class_list":{"0":"post-52432","1":"post","2":"type-post","3":"status-publish","4":"format-standard","5":"has-post-thumbnail","7":"category-marseille","8":"tag-17","9":"tag-actu","10":"tag-actualites","11":"tag-dans","12":"tag-des","13":"tag-eu","14":"tag-europe","15":"tag-fr","16":"tag-france","17":"tag-marseille","18":"tag-news","19":"tag-provence-alpes-cote-dazur","20":"tag-refugiees","21":"tag-region","22":"tag-republique-francaise","23":"tag-sans","24":"tag-solution","25":"tag-squat"},"share_on_mastodon":{"url":"https:\/\/pubeurope.com\/@fr\/114400112434106451","error":""},"_links":{"self":[{"href":"https:\/\/www.europesays.com\/fr\/wp-json\/wp\/v2\/posts\/52432","targetHints":{"allow":["GET"]}}],"collection":[{"href":"https:\/\/www.europesays.com\/fr\/wp-json\/wp\/v2\/posts"}],"about":[{"href":"https:\/\/www.europesays.com\/fr\/wp-json\/wp\/v2\/types\/post"}],"author":[{"embeddable":true,"href":"https:\/\/www.europesays.com\/fr\/wp-json\/wp\/v2\/users\/2"}],"replies":[{"embeddable":true,"href":"https:\/\/www.europesays.com\/fr\/wp-json\/wp\/v2\/comments?post=52432"}],"version-history":[{"count":0,"href":"https:\/\/www.europesays.com\/fr\/wp-json\/wp\/v2\/posts\/52432\/revisions"}],"wp:featuredmedia":[{"embeddable":true,"href":"https:\/\/www.europesays.com\/fr\/wp-json\/wp\/v2\/media\/52433"}],"wp:attachment":[{"href":"https:\/\/www.europesays.com\/fr\/wp-json\/wp\/v2\/media?parent=52432"}],"wp:term":[{"taxonomy":"category","embeddable":true,"href":"https:\/\/www.europesays.com\/fr\/wp-json\/wp\/v2\/categories?post=52432"},{"taxonomy":"post_tag","embeddable":true,"href":"https:\/\/www.europesays.com\/fr\/wp-json\/wp\/v2\/tags?post=52432"}],"curies":[{"name":"wp","href":"https:\/\/api.w.org\/{rel}","templated":true}]}}