{"id":524328,"date":"2025-11-10T06:30:45","date_gmt":"2025-11-10T06:30:45","guid":{"rendered":"https:\/\/www.europesays.com\/fr\/524328\/"},"modified":"2025-11-10T06:30:45","modified_gmt":"2025-11-10T06:30:45","slug":"lanime-roll-over-and-die-en-trailer-date-de-sortie","status":"publish","type":"post","link":"https:\/\/www.europesays.com\/fr\/524328\/","title":{"rendered":"L&rsquo;anime Roll Over and Die, en Trailer + Date de sortie"},"content":{"rendered":"<p>1<\/p>\n<p>Le site officiel a r\u00e9v\u00e9l\u00e9 un super trailer de l\u2019anime <strong>Roll Over and Die<\/strong> et arrive d\u00e8s l\u2019hiver 2026 sur nos \u00e9crans !<\/p>\n<p><img fetchpriority=\"high\" decoding=\"async\" width=\"1200\" height=\"1776\" src=\"https:\/\/www.europesays.com\/fr\/wp-content\/uploads\/2025\/11\/Roll-Over-and-Die-anime.webp.webp\" alt=\"Roll Over and Die\" class=\"wp-image-200772\" title=\"L'anime Roll Over and Die, en Trailer + Date de sortie 26\"  \/><\/p>\n<p>La s\u00e9rie anim\u00e9e <strong>Roll Over and Die<\/strong> est pr\u00e9vue pour Janvier 2026. <\/p>\n<p><strong>Trailer de l\u2019anime Roll Over and Die<\/strong><\/p>\n<p>Genres : <strong>Shoujo Ai<\/strong>, <strong>Aventure<\/strong>, <strong>Action<\/strong>, <strong>Fantasy<\/strong><\/p>\n<p><strong>Synopsis \u2013 Roll Over and Die<\/strong><\/p>\n<p>Selon la proph\u00e9tie divine, <strong>Flamme Abricot<\/strong> (<strong>Flum Apricot<\/strong> en anglais) a \u00e9t\u00e9 choisie pour faire partie du groupe de h\u00e9ros charg\u00e9 de terrasser le roi d\u00e9mon. Aux c\u00f4t\u00e9s de guerriers d\u2019\u00e9lite aux pouvoirs extraordinaires, elle est la seule \u00e0 n\u2019avoir aucune aptitude au combat : toutes ses statistiques sont bloqu\u00e9es \u00e0 z\u00e9ro. Malgr\u00e9 son impuissance et les moqueries de ses compagnons, elle s\u2019efforce de rester utile\u2026 jusqu\u2019au jour o\u00f9 l\u2019un d\u2019eux la trahit et la vend comme esclave.<\/p>\n<p>Condamn\u00e9e \u00e0 une vie mis\u00e9rable, <strong>Flamme<\/strong> semble destin\u00e9e \u00e0 dispara\u00eetre dans l\u2019oubli. Mais tout change lorsqu\u2019elle met la main sur une \u00e9p\u00e9e maudite et d\u00e9couvre qu\u2019elle poss\u00e8de un pouvoir unique : \u00ab\u00a0Inverse\u00a0\u00bb, une capacit\u00e9 qui lui permet de retourner la force des autres contre eux. Arm\u00e9e de cette nouvelle puissance, la jeune fille refuse d\u00e9sormais de suivre la destin\u00e9e qui lui a \u00e9t\u00e9 impos\u00e9e.<\/p>\n<p>Plut\u00f4t que de poursuivre la qu\u00eate contre le roi d\u00e9mon, <strong>Flamme<\/strong> choisit de vivre librement en tant qu\u2019aventuri\u00e8re aux c\u00f4t\u00e9s d\u2019une autre esclave qu\u2019elle a lib\u00e9r\u00e9e. Mais dans un monde o\u00f9 la force dicte la loi, pourra-t-elle vraiment \u00e9chapper \u00e0 ceux qui l\u2019ont abandonn\u00e9e et aux v\u00e9ritables enjeux de son existence ?<\/p>\n<p><strong>Staff Animation \u2013 Roll Over and Die<\/strong><\/p>\n<p>Auteur : <strong>Kiki<\/strong><br \/>Studio : <strong>ACGT<\/strong> (<a href=\"https:\/\/adala-news.fr\/2021\/12\/lanime-orient-en-promotion-video\/\" data-type=\"link\" data-id=\"https:\/\/adala-news.fr\/2021\/12\/lanime-orient-en-promotion-video\/\" rel=\"nofollow noopener\" target=\"_blank\">Orient<\/a>)<br \/>R\u00e9alisateur : <strong>Nobuharu Kamanaka<\/strong> (Detective Conan TV, <a href=\"https:\/\/adala-news.fr\/2019\/06\/lanime-toaru-kagaku-no-accelerator-en-promotion-video\/\" data-type=\"link\" data-id=\"https:\/\/adala-news.fr\/2019\/06\/lanime-toaru-kagaku-no-accelerator-en-promotion-video\/\" target=\"_blank\" rel=\"noreferrer noopener nofollow\">A Certain Scientific Accelerator<\/a>, <a href=\"https:\/\/adala-news.fr\/2016\/04\/lanime-big-order-en-simulcast-vostfr\/\" data-type=\"link\" data-id=\"https:\/\/adala-news.fr\/2016\/04\/lanime-big-order-en-simulcast-vostfr\/\" target=\"_blank\" rel=\"noreferrer noopener nofollow\">Big Order<\/a>)<br \/>Sc\u00e9nariste : <strong>Mariko Kunisawa<\/strong> (saga <a href=\"https:\/\/adala-news.fr\/2025\/07\/ascendance-of-a-bookworm-saison-4-teaser-video-et-infos\/\" data-type=\"link\" data-id=\"https:\/\/adala-news.fr\/2025\/07\/ascendance-of-a-bookworm-saison-4-teaser-video-et-infos\/\" target=\"_blank\" rel=\"noreferrer noopener nofollow\">Ascendance of a Bookworm<\/a>)<br \/>Character designer : <strong>Miki Matsumoto<\/strong> (<a href=\"https:\/\/adala-news.fr\/2025\/06\/lanime-labominable-chevalier-en-trailer-2\/\" data-type=\"link\" data-id=\"https:\/\/adala-news.fr\/2025\/06\/lanime-labominable-chevalier-en-trailer-2\/\" target=\"_blank\" rel=\"noreferrer noopener nofollow\">L\u2019Abominable Chevalier<\/a>), <strong>Fumio Matsumoto<\/strong> (<a href=\"https:\/\/adala-news.fr\/2021\/12\/lanime-orient-en-promotion-video\/\" data-type=\"link\" data-id=\"https:\/\/adala-news.fr\/2021\/12\/lanime-orient-en-promotion-video\/\" target=\"_blank\" rel=\"noreferrer noopener nofollow\">Orient<\/a>), <strong>Takashi Fukuyo<\/strong> et<strong> Takafumi Furusawa<\/strong> (<a href=\"https:\/\/adala-news.fr\/2022\/10\/le-roman-berserk-of-gluttony-adapte-en-anime\/\" data-type=\"link\" data-id=\"https:\/\/adala-news.fr\/2022\/10\/le-roman-berserk-of-gluttony-adapte-en-anime\/\" target=\"_blank\" rel=\"noreferrer noopener nofollow\">Berserk of Gluttony<\/a>)<br \/>Musiques : <strong>Ryo Takahashi<\/strong> (Wind Breaker, saga Arifureta)<\/p>\n<p><strong>Informations sur le manga Roll Over and Die<\/strong><\/p>\n<p>Le manga <strong>Roll Over and Die<\/strong> (connu au Japon sous le nom <strong>Omae Gotoki ga Maou ni Kateru to Omou na to Yuusha Party wo Tsuihou Sareta no de Outo de Kimama ni Kurashitai<\/strong>) de <strong>Kiki<\/strong> (sc\u00e9nario) et <strong>MINAKATA Sunao<\/strong> (dessins) a d\u00e9but\u00e9 en 2018 aux \u00e9ditions <strong>Micro Magazine<\/strong> et d\u00e9nombre actuellement 7 tomes au Japon.<\/p>\n<p>En France, le manga <strong>Roll Over and Die<\/strong> est disponible aux <strong>\u00e9ditions Maho<\/strong>.<\/p>\n<p><img loading=\"lazy\" decoding=\"async\" width=\"1236\" height=\"948\" src=\"https:\/\/www.europesays.com\/fr\/wp-content\/uploads\/2025\/08\/Roll-Over-and-Die-MANGA-1.jpg\" alt=\"Roll Over and Die MANGA\" class=\"wp-image-193929\" title=\"L'anime Roll Over and Die, en Trailer + Date de sortie 27\"  \/><br \/>\n<img loading=\"lazy\" decoding=\"async\" width=\"1280\" height=\"950\" src=\"https:\/\/www.europesays.com\/fr\/wp-content\/uploads\/2025\/08\/Roll-Over-and-Die-MANGA-2.png\" alt=\"Roll Over and Die MANGA\" class=\"wp-image-193930\" title=\"L'anime Roll Over and Die, en Trailer + Date de sortie 28\"  \/><\/p>\n<p>Le light novel <strong>Omae Gotoki ga Maou ni Kateru to Omou na to Yuusha Party wo Tsuihou Sareta no de Outo de Kimama ni Kurashitai<\/strong> de <strong>Kiki<\/strong> a d\u00e9but\u00e9 en 2018 aux \u00e9ditions <strong>Micro Magazine<\/strong> et d\u00e9nombre actuellement 6 tomes au Japon.<\/p>\n<p>source : <a href=\"https:\/\/omagoto.com\/\" target=\"_blank\" data-type=\"link\" data-id=\"https:\/\/omagoto.com\/\" rel=\"noreferrer noopener nofollow\">omagoto.com<\/a><\/p>\n<p>(c) Kiki, MINAKATA Sunao \/ Omae Gotoki ga Maou ni Kateru to Omou na to Yuusha Party wo Tsuihou Sareta no de Outo de Kimama ni Kurashitai Project<\/p>\n<p>Articles similaires :<\/p>\n","protected":false},"excerpt":{"rendered":"1 Le site officiel a r\u00e9v\u00e9l\u00e9 un super trailer de l\u2019anime Roll Over and Die et arrive d\u00e8s&hellip;\n","protected":false},"author":2,"featured_media":524329,"comment_status":"","ping_status":"","sticky":false,"template":"","format":"standard","meta":{"footnotes":""},"categories":[1354],"tags":[58,59,1346,1011,27,1360],"class_list":{"0":"post-524328","1":"post","2":"type-post","3":"status-publish","4":"format-standard","5":"has-post-thumbnail","7":"category-films","8":"tag-divertissement","9":"tag-entertainment","10":"tag-films","11":"tag-fr","12":"tag-france","13":"tag-movies"},"share_on_mastodon":{"url":"https:\/\/pubeurope.com\/@fr\/115523999012794193","error":""},"_links":{"self":[{"href":"https:\/\/www.europesays.com\/fr\/wp-json\/wp\/v2\/posts\/524328","targetHints":{"allow":["GET"]}}],"collection":[{"href":"https:\/\/www.europesays.com\/fr\/wp-json\/wp\/v2\/posts"}],"about":[{"href":"https:\/\/www.europesays.com\/fr\/wp-json\/wp\/v2\/types\/post"}],"author":[{"embeddable":true,"href":"https:\/\/www.europesays.com\/fr\/wp-json\/wp\/v2\/users\/2"}],"replies":[{"embeddable":true,"href":"https:\/\/www.europesays.com\/fr\/wp-json\/wp\/v2\/comments?post=524328"}],"version-history":[{"count":0,"href":"https:\/\/www.europesays.com\/fr\/wp-json\/wp\/v2\/posts\/524328\/revisions"}],"wp:featuredmedia":[{"embeddable":true,"href":"https:\/\/www.europesays.com\/fr\/wp-json\/wp\/v2\/media\/524329"}],"wp:attachment":[{"href":"https:\/\/www.europesays.com\/fr\/wp-json\/wp\/v2\/media?parent=524328"}],"wp:term":[{"taxonomy":"category","embeddable":true,"href":"https:\/\/www.europesays.com\/fr\/wp-json\/wp\/v2\/categories?post=524328"},{"taxonomy":"post_tag","embeddable":true,"href":"https:\/\/www.europesays.com\/fr\/wp-json\/wp\/v2\/tags?post=524328"}],"curies":[{"name":"wp","href":"https:\/\/api.w.org\/{rel}","templated":true}]}}