{"id":524334,"date":"2025-11-10T06:33:16","date_gmt":"2025-11-10T06:33:16","guid":{"rendered":"https:\/\/www.europesays.com\/fr\/524334\/"},"modified":"2025-11-10T06:33:16","modified_gmt":"2025-11-10T06:33:16","slug":"ca-va-etre-complique-papy-emu-aux-larmes-p","status":"publish","type":"post","link":"https:\/\/www.europesays.com\/fr\/524334\/","title":{"rendered":"\u00ab\u00a0\u00c7a va \u00eatre compliqu\u00e9\u00a0\u00bb, Papy \u00e9mu aux larmes p &#8230;"},"content":{"rendered":"<p>EN BREF<\/p>\n<ul class=\"bloc_resume_post_list\">\n<li>Le 18 octobre 2025, Nikos Aliagas et Karima Charni ont<br \/>\nlanc\u00e9 la nouvelle saison de la Star Academy sur TF1, accueillant<br \/>\ndes candidats \u00e2g\u00e9s de 18 \u00e0 25 ans.<\/li>\n<li>Papy, directeur artistique de la compagnie D\u00e9clic<br \/>\nTh\u00e9\u00e2tre, rejoint l\u00a0\u00bb\u00e9quipe p\u00e9dagogique comme professeur de th\u00e9\u00e2tre,<br \/>\napportant une approche bienveillante et respectueuse.<\/li>\n<li>Les acad\u00e9miciens ont visit\u00e9 Trappes pour un match<br \/>\nd&rsquo;improvisation, une ville ch\u00e8re \u00e0 Papy, r\u00e9v\u00e9lant des \u00e9motions<br \/>\nprofondes et des souvenirs marquants.<\/li>\n<\/ul>\n<p>Samedi 18 octobre 2025, Nikos Aliagas et Karima Charni \u00e9taient<br \/>\naux commandes du <a href=\"https:\/\/www.telestar.fr\/tele_realite\/star-academy-2025-qui-sont-les-dix-sept-eleves-de-la-saison-1742154\" target=\"_blank\" rel=\"noopener\"><br \/>\nlancement de la nouvelle saison de la Star Academy<\/a> en prime<br \/>\ntime sur TF1. \u00ab\u00a0Le ch\u00e2teau de la Star Academy rouvre ses portes<br \/>\npour accueillir la promotion 2025 ! <strong>Ils ont entre 18 et 25<br \/>\nans.<\/strong> Talentueux, passionn\u00e9s, d\u00e9termin\u00e9s, ils ont d\u00e9croch\u00e9<br \/>\nleur place au ch\u00e2teau de Dammarie-les-Lys\u00a0\u00bb, avait ainsi<br \/>\nsoulign\u00e9 la premi\u00e8re cha\u00eene dans un communiqu\u00e9.<\/p>\n<p>\u00ab\u00a0<strong>Qui succ\u00e9dera \u00e0 Marine<\/strong>, grande gagnante de<br \/>\nla saison 2024 avec son album d\u00e9j\u00e0 disque d&rsquo;or, et remportera un<br \/>\ncontrat d&rsquo;enregistrement exclusif avec Sony Music Entertainment<br \/>\nFrance, la production d&rsquo;un premier album, ainsi que 100.000 euros<br \/>\n?<br \/>Le compte \u00e0 rebours est lanc\u00e9&#8230; et le r\u00eave ne fait que<br \/>\ncommencer !\u00a0\u00bb, avait ensuite ajout\u00e9 TF1.<\/p>\n<p>Star Academy 2025 : Papy recrut\u00e9 comme nouveau professeur de<br \/>\nth\u00e9\u00e2tre<\/p>\n<p>\u00ab\u00a0<a href=\"https:\/\/www.closermag.fr\/tv_tele_realite\/star-academy-2024-michael-goldman-et-lucie-bernardoni-en-couple-leurs-regards-ne-trompent-personne-3510258\" target=\"_blank\" rel=\"noopener\">Michael<br \/>\nGoldman<\/a> revient en tant que Directeur de la Star Academy pour<br \/>\nla quatri\u00e8me ann\u00e9e. Il sera entour\u00e9 d&rsquo;une \u00e9quipe p\u00e9dagogique,<br \/>\n<strong>compos\u00e9e de cinq professeurs et deux r\u00e9p\u00e9titrices.<\/strong><br \/>\nEt il accueillera dans ses rangs deux nouveaux professeurs reconnus<br \/>\ndans leur domaine\u00a0\u00bb, avait \u00e9galement soulign\u00e9 la premi\u00e8re<br \/>\ncha\u00eene.<\/p>\n<p class=\"pf0\">\u00ab\u00a0Papy sera, quant \u00e0 lui, le nouveau visage<br \/>\ndes\u00a0cours de th\u00e9\u00e2tre. Directeur artistique de la<br \/>\ncompagnie\u00a0D\u00e9clic Th\u00e9\u00e2tre \u00e0 Trappes pendant plus de 20 ans.<br \/>\n<strong>Il a r\u00e9v\u00e9l\u00e9 de grands noms de l\u2019humour fran\u00e7ais<\/strong><br \/>\ntels que Jamel Debbouze, Arnaud Tsam\u00e8re, Alban Ivanov ou encore<br \/>\nIssa Doumbia. Depuis 2016, Papy collabore avec la<br \/>\nCom\u00e9die-Fran\u00e7aise. Au ch\u00e2teau, il adoptera une approche p\u00e9dagogique<br \/>\nfond\u00e9e sur la bienveillance, l\u2019\u00e9coute et le respect de<br \/>\nl\u2019autre\u00a0\u00bb, avait par ailleurs pr\u00e9cis\u00e9 TF1.<\/p>\n<p>Papy au sujet de la ville de Trappes :<br \/>\n\u00ab\u00a0Je me suis mari\u00e9 ici. Mes enfants sont n\u00e9s ici\u00a0\u00bb<\/p>\n<p>Dans la quotidienne de<br \/>\nla Star Academy diffus\u00e9e le dimanche 9 novembre 2025 sur TF1. Papy<br \/>\na d\u00e9cid\u00e9 d&#8217;emmener tous les acad\u00e9miciens \u00e0 Trappes <a href=\"https:\/\/www.telestar.fr\/tele_realite\/star-academy-2025-quel-eleve-a-ete-elimine-ce-7-novembre-1744736\" target=\"_blank\" rel=\"noopener\"><br \/>\nau lendemain du dernier prime<\/a>. Pour un match d&rsquo;improvisation<br \/>\navec les \u00e9l\u00e8ves du conservatoire. \u00ab\u00a0J&rsquo;ai grandi vraiment ici.<br \/>\n<strong>J&rsquo;habitais dans cette rue \u00e0 un moment donn\u00e9<\/strong>, qu&rsquo;on<br \/>\na travers\u00e9e. Et ici, je me suis mari\u00e9 ici. Mes enfants sont n\u00e9s<br \/>\nici\u00a0\u00bb, a notamment indiqu\u00e9 le professeur de th\u00e9\u00e2tre au moment<br \/>\nde l&rsquo;arriv\u00e9e des candidats \u00e0 Trappes.<\/p>\n<p class=\"transcription ng-star-inserted\">\u00ab\u00a0J&rsquo;avais essay\u00e9 de<br \/>\ndire que j&rsquo;essaierais de ne pas pleurer. \u00c7a va \u00eatre compliqu\u00e9 pour<br \/>\nmoi. Moi, vous savez, je m&rsquo;implique dans cette ville depuis un<br \/>\ncertain nombre d&rsquo;ann\u00e9es. J&rsquo;y ai grandi, mont\u00e9 une compagnie<br \/>\nd&rsquo;improvisation. On sait tous l&rsquo;histoire de tous ceux qui sont<br \/>\npass\u00e9s par cette compagnie, Jamel, Issa, Alban&#8230; Ce sont devenus<br \/>\ndes grands artistes. <strong>L\u00e0 j&rsquo;ai la chance d&rsquo;avoir une<br \/>\nbrochette d&rsquo;artistes d&rsquo;enfer<\/strong>\u00ab\u00a0, a ensuite lanc\u00e9 Papy<br \/>\naux \u00e9l\u00e8ves du conservatoire. Visiblement tr\u00e8s \u00e9mu.<\/p>\n","protected":false},"excerpt":{"rendered":"EN BREF Le 18 octobre 2025, Nikos Aliagas et Karima Charni ont lanc\u00e9 la nouvelle saison de la&hellip;\n","protected":false},"author":2,"featured_media":524335,"comment_status":"","ping_status":"","sticky":false,"template":"","format":"standard","meta":{"footnotes":""},"categories":[8],"tags":[548,58,59,1011,27,199],"class_list":{"0":"post-524334","1":"post","2":"type-post","3":"status-publish","4":"format-standard","5":"has-post-thumbnail","7":"category-divertissement","8":"tag-article-simple","9":"tag-divertissement","10":"tag-entertainment","11":"tag-fr","12":"tag-france","13":"tag-tf1"},"share_on_mastodon":{"url":"https:\/\/pubeurope.com\/@fr\/115524010304221184","error":""},"_links":{"self":[{"href":"https:\/\/www.europesays.com\/fr\/wp-json\/wp\/v2\/posts\/524334","targetHints":{"allow":["GET"]}}],"collection":[{"href":"https:\/\/www.europesays.com\/fr\/wp-json\/wp\/v2\/posts"}],"about":[{"href":"https:\/\/www.europesays.com\/fr\/wp-json\/wp\/v2\/types\/post"}],"author":[{"embeddable":true,"href":"https:\/\/www.europesays.com\/fr\/wp-json\/wp\/v2\/users\/2"}],"replies":[{"embeddable":true,"href":"https:\/\/www.europesays.com\/fr\/wp-json\/wp\/v2\/comments?post=524334"}],"version-history":[{"count":0,"href":"https:\/\/www.europesays.com\/fr\/wp-json\/wp\/v2\/posts\/524334\/revisions"}],"wp:featuredmedia":[{"embeddable":true,"href":"https:\/\/www.europesays.com\/fr\/wp-json\/wp\/v2\/media\/524335"}],"wp:attachment":[{"href":"https:\/\/www.europesays.com\/fr\/wp-json\/wp\/v2\/media?parent=524334"}],"wp:term":[{"taxonomy":"category","embeddable":true,"href":"https:\/\/www.europesays.com\/fr\/wp-json\/wp\/v2\/categories?post=524334"},{"taxonomy":"post_tag","embeddable":true,"href":"https:\/\/www.europesays.com\/fr\/wp-json\/wp\/v2\/tags?post=524334"}],"curies":[{"name":"wp","href":"https:\/\/api.w.org\/{rel}","templated":true}]}}