{"id":524336,"date":"2025-11-10T06:34:06","date_gmt":"2025-11-10T06:34:06","guid":{"rendered":"https:\/\/www.europesays.com\/fr\/524336\/"},"modified":"2025-11-10T06:34:06","modified_gmt":"2025-11-10T06:34:06","slug":"lentreprise-spatiale-de-bezos-reporte-le-tir-de-sa-mission-de-la-nasa-vers-mars","status":"publish","type":"post","link":"https:\/\/www.europesays.com\/fr\/524336\/","title":{"rendered":"L\u2019entreprise spatiale de Bezos reporte le tir de sa mission de la Nasa vers Mars"},"content":{"rendered":"<p>L\u2019entreprise spatiale de Jeff Bezos doit revoir son calendrier. Dimanche, Blue Origin devait effectuer un tir de sa fus\u00e9e g\u00e9ante New Glenn mais les conditions m\u00e9t\u00e9orologiques en ont d\u00e9cid\u00e9 autrement.<\/p>\n<p>La pluie et un probl\u00e8me technique ont en effet d\u2019abord caus\u00e9 des retards dimanche apr\u00e8s-midi sur le pas de tir de Cap Canaveral, en Floride, pour cette mission charg\u00e9e d\u2019envoyer deux sondes autour de Mars pour le compte de <a href=\"https:\/\/www.20minutes.fr\/planete\/4180784-20251022-etats-unis-explique-pourquoi-torchon-brule-entre-elon-musk-nasa\" target=\"_blank\" class=\"c-link c-link--is-underlined\" rel=\"nofollow noopener\">la Nasa<\/a>, l\u2019agence spatiale am\u00e9ricaine. Des cumulus ont ensuite renforc\u00e9 la couverture nuageuse alors que la fen\u00eatre de lancement de 88 minutes se refermait, ne laissant aux responsables d\u2019autre choix que de reporter la deuxi\u00e8me mission de la fus\u00e9e.<\/p>\n<p>Une nouvelle tentative mercredi<\/p>\n<p>Fixer la date d\u2019une nouvelle tentative s\u2019annon\u00e7ait difficile, en raison de la paralysie budg\u00e9taire du gouvernement f\u00e9d\u00e9ral am\u00e9ricain, qui dure depuis quarante jours. <a href=\"https:\/\/www.20minutes.fr\/monde\/4184547-20251109-etats-unis-trafic-aerien-bientot-reduit-peau-chagrin-si-paralysie-budgetaire-poursuit\" target=\"_blank\" class=\"c-link c-link--is-underlined\" rel=\"nofollow noopener\">Alors que les aiguilleurs du ciel ne sont plus pay\u00e9s<\/a>, le r\u00e9gulateur f\u00e9d\u00e9ral de l\u2019aviation (FAA) va en effet limiter les d\u00e9collages de fus\u00e9es commerciales \u00e0 partir de ce lundi.<\/p>\n<\/p>\n<p>Mais Blue Origin a finalement communiqu\u00e9 dimanche soir pour annoncer que, en coordination avec la FAA, l\u2019entreprise comptait proc\u00e9der \u00e0 une nouvelle tentative mercredi entre 14h50 et 16h17 locales (20h50 et 22h17 \u00e0 Paris).<\/p>\n<p>Cette fus\u00e9e de 98 m\u00e8tres de haut a pour mission d\u2019envoyer autour de la plan\u00e8te rouge deux sondes spatiales ESCAPADE de la Nasa, baptis\u00e9es Blue et Gold, afin d\u2019\u00e9tudier l\u2019histoire de son climat et ouvrir la voie \u00e0 une \u00e9ventuelle exploration humaine.<\/p>\n<p>Une course entre Musk et Bezos<\/p>\n<p>Ce deuxi\u00e8me vol pour la fus\u00e9e New Glenn sera un test d\u00e9cisif pour d\u00e9terminer si Blue Origin est capable de r\u00e9cup\u00e9rer ses propulseurs, ce qui constituerait une avanc\u00e9e technique majeure pour l\u2019entreprise. <a href=\"https:\/\/www.20minutes.fr\/high-tech\/4133934-20250116-espace-premier-decollage-enfin-reussi-fusee-new-glenn-jeff-bezos\" target=\"_blank\" class=\"c-link c-link--is-underlined\" rel=\"nofollow noopener\">Son vol inaugural en janvier<\/a> a \u00e9t\u00e9 salu\u00e9 comme un succ\u00e8s pour avoir r\u00e9ussi \u00e0 mettre en orbite plusieurs dizaines de tonnes d\u2019\u00e9quipements. Mais Blue Origin avait \u00e9chou\u00e9 \u00e0 r\u00e9cup\u00e9rer le premier \u00e9tage de la fus\u00e9e sur une plate-forme dans l\u2019oc\u00e9an Atlantique. Le prochain vol doit \u00eatre une nouvelle chance de r\u00e9aliser cette prouesse, que seule l\u2019entreprise SpaceX d\u2019Elon Musk a r\u00e9alis\u00e9e \u00e0 ce jour.<\/p>\n<p><a href=\"https:\/\/www.20minutes.fr\/dossier\/conquete_spatiale\" target=\"_blank\" class=\"c-link c-btn c-btn--primary\" rel=\"nofollow noopener\">Notre dossier sur la Conqu\u00eate spatiale<\/a><\/p>\n<p>Les entreprises des deux multimilliardaires sont engag\u00e9es dans une intense course commerciale, au moment o\u00f9 l\u2019agence spatiale am\u00e9ricaine a lanc\u00e9 un appel d\u2019offres pour ses missions sur la Lune, sur fonds de critiques sur les retards de SpaceX.<\/p>\n","protected":false},"excerpt":{"rendered":"L\u2019entreprise spatiale de Jeff Bezos doit revoir son calendrier. Dimanche, Blue Origin devait effectuer un tir de sa&hellip;\n","protected":false},"author":2,"featured_media":524337,"comment_status":"","ping_status":"","sticky":false,"template":"","format":"standard","meta":{"footnotes":""},"categories":[7],"tags":[9002,13577,46,73,1011,27,889,142,697,918,333,43,40,41,39,45,42,44,133],"class_list":{"0":"post-524336","1":"post","2":"type-post","3":"status-publish","4":"format-standard","5":"has-post-thumbnail","7":"category-sciences-et-technologies","8":"tag-blue-origin","9":"tag-conquete-spatiale","10":"tag-elon-musk","11":"tag-etats-unis","12":"tag-fr","13":"tag-france","14":"tag-fusee","15":"tag-high-tech","16":"tag-jeff-bezos","17":"tag-mars","18":"tag-nasa","19":"tag-science","20":"tag-science-and-technology","21":"tag-sciences","22":"tag-sciences-et-technologies","23":"tag-spacex","24":"tag-technologies","25":"tag-technology","26":"tag-video"},"share_on_mastodon":{"url":"https:\/\/pubeurope.com\/@fr\/115524014234192354","error":""},"_links":{"self":[{"href":"https:\/\/www.europesays.com\/fr\/wp-json\/wp\/v2\/posts\/524336","targetHints":{"allow":["GET"]}}],"collection":[{"href":"https:\/\/www.europesays.com\/fr\/wp-json\/wp\/v2\/posts"}],"about":[{"href":"https:\/\/www.europesays.com\/fr\/wp-json\/wp\/v2\/types\/post"}],"author":[{"embeddable":true,"href":"https:\/\/www.europesays.com\/fr\/wp-json\/wp\/v2\/users\/2"}],"replies":[{"embeddable":true,"href":"https:\/\/www.europesays.com\/fr\/wp-json\/wp\/v2\/comments?post=524336"}],"version-history":[{"count":0,"href":"https:\/\/www.europesays.com\/fr\/wp-json\/wp\/v2\/posts\/524336\/revisions"}],"wp:featuredmedia":[{"embeddable":true,"href":"https:\/\/www.europesays.com\/fr\/wp-json\/wp\/v2\/media\/524337"}],"wp:attachment":[{"href":"https:\/\/www.europesays.com\/fr\/wp-json\/wp\/v2\/media?parent=524336"}],"wp:term":[{"taxonomy":"category","embeddable":true,"href":"https:\/\/www.europesays.com\/fr\/wp-json\/wp\/v2\/categories?post=524336"},{"taxonomy":"post_tag","embeddable":true,"href":"https:\/\/www.europesays.com\/fr\/wp-json\/wp\/v2\/tags?post=524336"}],"curies":[{"name":"wp","href":"https:\/\/api.w.org\/{rel}","templated":true}]}}