{"id":52434,"date":"2025-04-25T18:52:08","date_gmt":"2025-04-25T18:52:08","guid":{"rendered":"https:\/\/www.europesays.com\/fr\/52434\/"},"modified":"2025-04-25T18:52:08","modified_gmt":"2025-04-25T18:52:08","slug":"extension-de-la-mosquee-des-cedres-une-question-de-dignite","status":"publish","type":"post","link":"https:\/\/www.europesays.com\/fr\/52434\/","title":{"rendered":"extension de la mosqu\u00e9e des C\u00e8dres, une question de \u00ab\u00a0dignit\u00e9\u00a0\u00bb"},"content":{"rendered":"<p>Le sujet avait fait <a href=\"https:\/\/www.laprovence.com\/article\/region\/1854096694147414\/vous-me-menacez-le-conseil-des-13e-et-14e-arrondissements-de-marseille-vire-au-pugilat\" target=\"_blank\" rel=\"noopener\">d\u00e9raper le conseil d\u2019arrondissements des 13e-14e<\/a>, mardi 22\u00a0avril. Il a, dans une moindre mesure, une nouvelle fois fait glisser les d\u00e9bats \u00e0 Bargemon. La d\u00e9lib\u00e9ration est pourtant presque anecdotique\u00a0: r\u00e9gulariser le transfert vers la M\u00e9tropole d\u2019une parcelle constitu\u00e9e \u00ab\u00a0d\u2019un talus et d\u2019un parking\u00a0\u00bb, et affich\u00e9e comme propri\u00e9t\u00e9 de la Ville au cadastre\u00a0; puis solliciter l\u2019institution m\u00e9tropolitaine pour envisager sa cession \u00e0 une association voisine.<\/p>\n<p>Sauf que ladite association est celle de <a href=\"https:\/\/www.laprovence.com\/article\/edition-marseille\/5454232\/les-mosquees-en-mode-quartiers.html\" target=\"_blank\" rel=\"noopener\">la mosqu\u00e9e des C\u00e8dres (13e)<\/a>, qui souhaite proc\u00e9der \u00e0 une extension de ses locaux gr\u00e2ce \u00e0 cette acquisition. Il n\u2019en fallait pas plus pour que l\u2019extr\u00eame droite de l\u2019h\u00e9micycle prenne feu, criant \u00e0 \u00ab\u00a0la promotion de l\u2019islamisation\u00a0\u00bb et r\u00e9vuls\u00e9e par ce qu\u2019elle juge \u00eatre une \u00ab\u00a0promesse \u00e9lectoraliste\u00a0\u00bb du maire de <a href=\"https:\/\/www.laprovence.com\/ville\/marseille\" target=\"_blank\" rel=\"noopener\">Marseille<\/a>.<\/p>\n<p>Beno\u00eet Payan accus\u00e9 de \u00ab\u00a0pi\u00e9tiner la la\u00efcit\u00e9\u00a0\u00bb<\/p>\n<p>C\u2019est d\u2019abord cette annonce, \u00ab\u00a0\u00e0 la mosqu\u00e9e des C\u00e8dres en mars, pendant la p\u00e9riode de ramadan\u00a0\u00bb, que d\u00e9nonce Thibaut Charpentier, pour le RN. \u00ab\u00a0L\u2019objectif est \u00e9vident, r\u00e9cup\u00e9rer les voix des musulmans dans le 13e-14e, tr\u00e8s nombreuses dans ce secteur o\u00f9 vous pourriez vous pr\u00e9senter\u00a0\u00bb, appuie l\u2019\u00e9lu d\u2019extr\u00eame droite. Beno\u00eet Payan (DVG) coupe et r\u00e9torque que \u00ab\u00a0le mode de scrutin va changer\u00a0\u00bb. \u00ab\u00a0Vous pi\u00e9tinez la la\u00efcit\u00e9, reprend Thibaut Charpentier. Alors que nous n\u2019avons aucune certitude que l\u2019identit\u00e9 de nos quartiers ne va pas \u00eatre transform\u00e9e par une architecture islamique venue de l\u2019\u00e9tranger.\u00a0\u00bb<\/p>\n","protected":false},"excerpt":{"rendered":"Le sujet avait fait d\u00e9raper le conseil d\u2019arrondissements des 13e-14e, mardi 22\u00a0avril. Il a, dans une moindre mesure,&hellip;\n","protected":false},"author":2,"featured_media":52435,"comment_status":"","ping_status":"","sticky":false,"template":"","format":"standard","meta":{"footnotes":""},"categories":[2814],"tags":[17,1111,11,14578,7516,154,1777,674,14576,1011,27,884,14577,7517,12,882,16,25],"class_list":{"0":"post-52434","1":"post","2":"type-post","3":"status-publish","4":"format-standard","5":"has-post-thumbnail","7":"category-marseille","8":"tag-17","9":"tag-actu","10":"tag-actualites","11":"tag-cedres","12":"tag-conseil","13":"tag-des","14":"tag-eu","15":"tag-europe","16":"tag-extension","17":"tag-fr","18":"tag-france","19":"tag-marseille","20":"tag-mosquee","21":"tag-municipal","22":"tag-news","23":"tag-provence-alpes-cote-dazur","24":"tag-region","25":"tag-republique-francaise"},"share_on_mastodon":{"url":"https:\/\/pubeurope.com\/@fr\/114400116382536241","error":""},"_links":{"self":[{"href":"https:\/\/www.europesays.com\/fr\/wp-json\/wp\/v2\/posts\/52434","targetHints":{"allow":["GET"]}}],"collection":[{"href":"https:\/\/www.europesays.com\/fr\/wp-json\/wp\/v2\/posts"}],"about":[{"href":"https:\/\/www.europesays.com\/fr\/wp-json\/wp\/v2\/types\/post"}],"author":[{"embeddable":true,"href":"https:\/\/www.europesays.com\/fr\/wp-json\/wp\/v2\/users\/2"}],"replies":[{"embeddable":true,"href":"https:\/\/www.europesays.com\/fr\/wp-json\/wp\/v2\/comments?post=52434"}],"version-history":[{"count":0,"href":"https:\/\/www.europesays.com\/fr\/wp-json\/wp\/v2\/posts\/52434\/revisions"}],"wp:featuredmedia":[{"embeddable":true,"href":"https:\/\/www.europesays.com\/fr\/wp-json\/wp\/v2\/media\/52435"}],"wp:attachment":[{"href":"https:\/\/www.europesays.com\/fr\/wp-json\/wp\/v2\/media?parent=52434"}],"wp:term":[{"taxonomy":"category","embeddable":true,"href":"https:\/\/www.europesays.com\/fr\/wp-json\/wp\/v2\/categories?post=52434"},{"taxonomy":"post_tag","embeddable":true,"href":"https:\/\/www.europesays.com\/fr\/wp-json\/wp\/v2\/tags?post=52434"}],"curies":[{"name":"wp","href":"https:\/\/api.w.org\/{rel}","templated":true}]}}