{"id":524343,"date":"2025-11-10T06:38:11","date_gmt":"2025-11-10T06:38:11","guid":{"rendered":"https:\/\/www.europesays.com\/fr\/524343\/"},"modified":"2025-11-10T06:38:11","modified_gmt":"2025-11-10T06:38:11","slug":"mystere-leve-sur-lidentite-du-dandy-au-chapeau-en-marge-du-braquage-du-musee","status":"publish","type":"post","link":"https:\/\/www.europesays.com\/fr\/524343\/","title":{"rendered":"Myst\u00e8re lev\u00e9 sur l\u2019identit\u00e9 du dandy au chapeau en marge du braquage du mus\u00e9e"},"content":{"rendered":"<p>Alors que <a href=\"https:\/\/www.20minutes.fr\/justice\/4183838-20251105-cambriolage-louvre-star-reseaux-athlete-doudou-cross-bitume-suspects-mis-examen\" target=\"_blank\" class=\"c-link c-link--is-underlined\" rel=\"noopener\">des suspects ont \u00e9t\u00e9 arr\u00eat\u00e9s<\/a>, l\u2019enqu\u00eate se poursuit pour retrouver les bijoux vol\u00e9s au Louvre le 19\u00a0octobre. Mais si les joyaux de la couronne restent introuvables, <a href=\"https:\/\/www.20minutes.fr\/societe\/4181519-20251024-cambriolage-louvre-homme-autre-temps-portant-chapeau-noir-intrigue\" target=\"_blank\" class=\"c-link c-link--is-underlined\" rel=\"noopener\">un myst\u00e8re devenu viral en marge de ce braquage<\/a> n\u2019en est d\u00e9sormais plus un.<\/p>\n<p>Le jour du cambriolage, un clich\u00e9 sign\u00e9 Thibault Camus pour l\u2019agence Associated Press (AP) avait affol\u00e9 Internet. Sur la photo, vue des millions de fois \u00e0 travers le monde, on peut voir un homme en costume trois-pi\u00e8ces, pardessus bleu marine, chapeau Fedora et parapluie \u00e0 la main, passant devant des policiers. Son style rappelant certains films policiers du XXe\u00a0si\u00e8cle n\u2019avait alors pas manqu\u00e9 d\u2019alimenter les th\u00e9ories les plus folles.<\/p>\n<p>Un fan de Sherlock Holmes et d\u2019Hercule Poirot<\/p>\n<p>D\u00e9tective venue du pass\u00e9 pour aider les enqu\u00eateurs\u00a0? Fausse photo g\u00e9n\u00e9r\u00e9e par l\u2019IA\u00a0?\u2026 <a href=\"https:\/\/apnews.com\/article\/louvre-fedora-man-ap-photo-c0d59847ef5f836a0c5ac49de8bff441\" target=\"_blank\" class=\"c-link c-link--is-underlined\" rel=\"noopener\">AP a mis fin dimanche aux rumeurs en d\u00e9voilant le nom de \u00ab\u00a0l\u2019Homme au Fedora\u00a0\u00bb<\/a>. L\u2019agence a en effet r\u00e9ussi \u00e0 retrouver l\u2019inconnu\u00a0: Pedro Elias Garzon Delvaux. Ag\u00e9 de 15 ans, il vit avec ses parents et son grand-p\u00e8re \u00e0 Rambouillet, \u00e0 l\u2019ouest de Paris.<\/p>\n<\/p>\n<p>Lorsqu\u2019il a d\u00e9couvert la viralit\u00e9 de la photo, ce fan de Sherlock Holmes et d\u2019Hercule Poirot a pr\u00e9f\u00e9r\u00e9 laisser les enqu\u00eateurs en herbe faire leur travail pour retrouver son identit\u00e9. \u00ab\u00a0Je ne voulais pas dire tout de suite que c\u2019\u00e9tait moi\u00a0\u00bb, explique-t-il \u00e0 AP lors d\u2019une rencontre chez lui habill\u00e9 comme le jour qui l\u2019a rendu c\u00e9l\u00e8bre\u00a0: chapeau Fedora en hommage \u00e0 <a href=\"https:\/\/www.20minutes.fr\/societe\/4151953-20250505-mort-jean-moulin-fait-attacher-pieds-nouvelles-archives-klaus-barbie\" target=\"_blank\" class=\"c-link c-link--is-underlined\" rel=\"noopener\">Jean Moulin<\/a>, gilet Yves Saint Laurent emprunt\u00e9 \u00e0 son p\u00e8re, veste choisie par sa m\u00e8re, cravate soign\u00e9e, pantalon Tommy Hilfiger et une montre russe restaur\u00e9e, us\u00e9e par la guerre. \u00ab\u00a0Cette photo entretient le myst\u00e8re, il faut donc faire durer le suspense.\u00a0\u00bb<\/p>\n<p>A l\u2019agence de presse, il reconna\u00eet ne pas avoir \u00e9t\u00e9 \u00e9tonn\u00e9 d\u2019avoir vu le clich\u00e9 faire le tour du monde. \u00ab\u00a0Sur la photo, je suis habill\u00e9 comme dans les ann\u00e9es\u00a01940, alors que nous sommes en\u00a02025\u00a0\u00bb, explique-t-il. \u00ab\u00a0Il y a un contraste.\u00a0\u00bb<\/p>\n<p>Ce n\u2019est donc pas un faux d\u00e9tective qui avait \u00e9t\u00e9 pris en photo le 19\u00a0octobre. Ce jour-l\u00e0, l\u2019adolescent \u00e9tait venu \u00e0 Paris visiter le Louvre avec son grand-p\u00e8re et sa m\u00e8re \u2013 celle-ci se trouve d\u2019ailleurs \u00e0 l\u2019arri\u00e8re-plan du clich\u00e9. Trouvant les portes closes du mus\u00e9e, du fait du cambriolage qu\u2019il ignorait, il \u00e9tait venu demander aux policiers les raisons de la fermeture du Louvre. La photo a \u00e9t\u00e9 prise peu apr\u00e8s ce moment.<\/p>\n<p>Ce style m\u00eame \u00e0 l\u2019\u00e9cole<\/p>\n<p>Quelques jours plus tard, son entourage a commenc\u00e9 \u00e0 le reconna\u00eetre. Il a m\u00eame d\u00e9couvert par sa m\u00e8re qu\u2019il \u00e9tait dans le New York Times. \u00ab\u00a0On me disait\u00a0: \u00ab\u00a0Tu es devenu une star\u00a0\u00bb\u00a0\u00bb, se souvient-il aupr\u00e8s de AP. \u00ab\u00a0J\u2019\u00e9tais stup\u00e9fait qu\u2019une simple photo puisse devenir virale en quelques jours.\u00a0\u00bb<\/p>\n<p>L\u2019agence de presse a \u00e9videmment voulu en savoir plus sur le style atypique du jeune homme. Et ce look se r\u00e9v\u00e8le ne pas \u00eatre une fantaisie d\u2019un jour. Aimant \u00ab\u00a0\u00eatre chic\u00a0\u00bb, Pedro Elias Garzon Delvaux s\u2019habille en effet ainsi depuis moins d\u2019un an, inspir\u00e9 par l\u2019histoire du XXe\u00a0si\u00e8cle et les photos en noir et blanc d\u2019hommes d\u2019\u00c9tat en costume et de d\u00e9tectives de fiction. Il va m\u00eame \u00ab\u00a0\u00e0 l\u2019\u00e9cole comme \u00e7a.\u00a0\u00bb Son Fedora est par contre r\u00e9serv\u00e9 aux week-ends, aux jours f\u00e9ri\u00e9s et aux visites de mus\u00e9es, indique-t-il \u00e0 AP.<\/p>\n<p><a href=\"https:\/\/www.20minutes.fr\/dossier\/louvre\" target=\"_blank\" class=\"c-link c-btn c-btn--primary\" rel=\"noopener\">Notre dossier sur le Louvre<\/a><\/p>\n<p>Son histoire familiale a aussi jou\u00e9 un r\u00f4le dans son style. Sa m\u00e8re F\u00e9licit\u00e9 Garzon Delvaux a grandi dans un palais-mus\u00e9e du XVIIIe\u00a0si\u00e8cle, fille d\u2019un conservateur et d\u2019une artiste, et emm\u00e8ne r\u00e9guli\u00e8rement son fils visiter des expositions. Si dans le futur il va en voir une sur Andy Warhol, il pourra repenser aux 15 minutes de gloire th\u00e9oris\u00e9es par l\u2019artiste am\u00e9ricain. Pour Pedro Elias Garzon Delvaux, la c\u00e9l\u00e9brit\u00e9 soudaine aura dur\u00e9 un peu plus longtemps.<\/p>\n","protected":false},"excerpt":{"rendered":"Alors que des suspects ont \u00e9t\u00e9 arr\u00eat\u00e9s, l\u2019enqu\u00eate se poursuit pour retrouver les bijoux vol\u00e9s au Louvre le&hellip;\n","protected":false},"author":2,"featured_media":524344,"comment_status":"","ping_status":"","sticky":false,"template":"","format":"standard","meta":{"footnotes":""},"categories":[2],"tags":[47,11,1174,251,118,1011,27,662,11274,3048,23977,12,626,2551,32583],"class_list":{"0":"post-524343","1":"post","2":"type-post","3":"status-publish","4":"format-standard","5":"has-post-thumbnail","7":"category-actualites","8":"tag-actualite","9":"tag-actualites","10":"tag-cambriolage","11":"tag-culture","12":"tag-faits-divers","13":"tag-fr","14":"tag-france","15":"tag-ile-de-france","16":"tag-louvre","17":"tag-musee","18":"tag-napoleon","19":"tag-news","20":"tag-paris","21":"tag-patrimoine","22":"tag-rambouillet"},"share_on_mastodon":{"url":"https:\/\/pubeurope.com\/@fr\/115524029869449860","error":""},"_links":{"self":[{"href":"https:\/\/www.europesays.com\/fr\/wp-json\/wp\/v2\/posts\/524343","targetHints":{"allow":["GET"]}}],"collection":[{"href":"https:\/\/www.europesays.com\/fr\/wp-json\/wp\/v2\/posts"}],"about":[{"href":"https:\/\/www.europesays.com\/fr\/wp-json\/wp\/v2\/types\/post"}],"author":[{"embeddable":true,"href":"https:\/\/www.europesays.com\/fr\/wp-json\/wp\/v2\/users\/2"}],"replies":[{"embeddable":true,"href":"https:\/\/www.europesays.com\/fr\/wp-json\/wp\/v2\/comments?post=524343"}],"version-history":[{"count":0,"href":"https:\/\/www.europesays.com\/fr\/wp-json\/wp\/v2\/posts\/524343\/revisions"}],"wp:featuredmedia":[{"embeddable":true,"href":"https:\/\/www.europesays.com\/fr\/wp-json\/wp\/v2\/media\/524344"}],"wp:attachment":[{"href":"https:\/\/www.europesays.com\/fr\/wp-json\/wp\/v2\/media?parent=524343"}],"wp:term":[{"taxonomy":"category","embeddable":true,"href":"https:\/\/www.europesays.com\/fr\/wp-json\/wp\/v2\/categories?post=524343"},{"taxonomy":"post_tag","embeddable":true,"href":"https:\/\/www.europesays.com\/fr\/wp-json\/wp\/v2\/tags?post=524343"}],"curies":[{"name":"wp","href":"https:\/\/api.w.org\/{rel}","templated":true}]}}