{"id":524347,"date":"2025-11-10T06:42:06","date_gmt":"2025-11-10T06:42:06","guid":{"rendered":"https:\/\/www.europesays.com\/fr\/524347\/"},"modified":"2025-11-10T06:42:06","modified_gmt":"2025-11-10T06:42:06","slug":"en-direct-justice-nicolas-sarkozy-sera-t-il-remis-en-liberte-sa-demande-est-examinee-ce-lundi","status":"publish","type":"post","link":"https:\/\/www.europesays.com\/fr\/524347\/","title":{"rendered":"En direct Justice. Nicolas Sarkozy sera-t-il remis en libert\u00e9\u00a0? Sa demande est examin\u00e9e ce lundi"},"content":{"rendered":"<p>Vendredi, le chef de l\u2019\u00c9tat bulgare Roumen Radev a appel\u00e9 \u00e0 la lib\u00e9ration de l&rsquo;ancien pr\u00e9sident fran\u00e7ais en raison de sa \u00ab contribution \u00e0 la lib\u00e9ration des infirmi\u00e8res \u00bb bulgares longtemps d\u00e9tenues en Libye.<\/p>\n<p>Les cinq infirmi\u00e8res avaient \u00e9t\u00e9 condamn\u00e9es \u00e0 mort \u00e0 plusieurs reprises en Libye, accus\u00e9es d&rsquo;avoir inocul\u00e9 le virus du sida \u00e0 450 enfants dans ce pays. Elles avaient pass\u00e9 plus de huit ans en prison, avant d&rsquo;\u00eatre lib\u00e9r\u00e9es et de regagner la Bulgarie en juillet 2007 \u00e0 bord de l&rsquo;avion pr\u00e9sidentiel fran\u00e7ais, accompagn\u00e9es de C\u00e9cilia Sarkozy.<\/p>\n<p>Roumen Radev a dit vouloir \u00ab rendre hommage \u00bb \u00e0 un homme qui a \u00ab d\u00e9ploy\u00e9 des efforts consid\u00e9rables \u00bb et qui \u00ab aujourd&rsquo;hui en prison, a besoin de notre soutien, de notre sympathie \u00bb et de \u00ab notre sinc\u00e8re gratitude \u00bb.<\/p>\n","protected":false},"excerpt":{"rendered":"Vendredi, le chef de l\u2019\u00c9tat bulgare Roumen Radev a appel\u00e9 \u00e0 la lib\u00e9ration de l&rsquo;ancien pr\u00e9sident fran\u00e7ais en&hellip;\n","protected":false},"author":2,"featured_media":524348,"comment_status":"","ping_status":"","sticky":false,"template":"","format":"standard","meta":{"footnotes":""},"categories":[9635],"tags":[1111,11,12255,1777,674,274,107,1011,27,329,775,1702,12,316,25],"class_list":{"0":"post-524347","1":"post","2":"type-post","3":"status-publish","4":"format-standard","5":"has-post-thumbnail","7":"category-nancy","8":"tag-actu","9":"tag-actualites","10":"tag-direct-actualite","11":"tag-eu","12":"tag-europe","13":"tag-faits-divers-justice","14":"tag-fil-info","15":"tag-fr","16":"tag-france","17":"tag-france-monde","18":"tag-grand-est","19":"tag-nancy","20":"tag-news","21":"tag-politique","22":"tag-republique-francaise"},"share_on_mastodon":{"url":"https:\/\/pubeurope.com\/@fr\/115524045715333419","error":""},"_links":{"self":[{"href":"https:\/\/www.europesays.com\/fr\/wp-json\/wp\/v2\/posts\/524347","targetHints":{"allow":["GET"]}}],"collection":[{"href":"https:\/\/www.europesays.com\/fr\/wp-json\/wp\/v2\/posts"}],"about":[{"href":"https:\/\/www.europesays.com\/fr\/wp-json\/wp\/v2\/types\/post"}],"author":[{"embeddable":true,"href":"https:\/\/www.europesays.com\/fr\/wp-json\/wp\/v2\/users\/2"}],"replies":[{"embeddable":true,"href":"https:\/\/www.europesays.com\/fr\/wp-json\/wp\/v2\/comments?post=524347"}],"version-history":[{"count":0,"href":"https:\/\/www.europesays.com\/fr\/wp-json\/wp\/v2\/posts\/524347\/revisions"}],"wp:featuredmedia":[{"embeddable":true,"href":"https:\/\/www.europesays.com\/fr\/wp-json\/wp\/v2\/media\/524348"}],"wp:attachment":[{"href":"https:\/\/www.europesays.com\/fr\/wp-json\/wp\/v2\/media?parent=524347"}],"wp:term":[{"taxonomy":"category","embeddable":true,"href":"https:\/\/www.europesays.com\/fr\/wp-json\/wp\/v2\/categories?post=524347"},{"taxonomy":"post_tag","embeddable":true,"href":"https:\/\/www.europesays.com\/fr\/wp-json\/wp\/v2\/tags?post=524347"}],"curies":[{"name":"wp","href":"https:\/\/api.w.org\/{rel}","templated":true}]}}