{"id":524349,"date":"2025-11-10T06:43:46","date_gmt":"2025-11-10T06:43:46","guid":{"rendered":"https:\/\/www.europesays.com\/fr\/524349\/"},"modified":"2025-11-10T06:43:46","modified_gmt":"2025-11-10T06:43:46","slug":"handball-steeven-bois-ex-nancy-handball-a-retrouve-un-maillot","status":"publish","type":"post","link":"https:\/\/www.europesays.com\/fr\/524349\/","title":{"rendered":"Handball. Steeven Bois (ex Nancy Handball) a retrouv\u00e9 un maillot"},"content":{"rendered":"<p>Steeven Bois \u00e9tait <a href=\"https:\/\/www.estrepublicain.fr\/sport\/2025\/10\/16\/que-sont-devenus-les-joueurs-du-nancy-handball-et-leur-staf\" target=\"_blank\" rel=\"noopener\">l\u2019une des derni\u00e8res victimes<\/a> de <a href=\"https:\/\/www.estrepublicain.fr\/sport\/2025\/09\/29\/en-liquidation-judiciaire-nancy-handball-s-eteint-en-tant-que-structure-professionnelle\" target=\"_blank\" rel=\"noopener\">la liquidation judiciaire du Nancy Handball<\/a> \u00e0 continuer de sonder le march\u00e9, \u00e0 la recherche d\u2019un club. Le demi-centre (31 ans), qui avait refus\u00e9 quelques sollicitations (en Starligue, notamment) a d\u00e9sormais un maillot sur les \u00e9paules\u00a0: celui des Septors de Saran, actuel dixi\u00e8me de Proligue. Hasard du calendrier (ou clin d\u2019\u0153il de mauvais go\u00fbt du destin), c\u2019est en Lorraine, ce samedi \u00e0 Sarrebourg, que le joueur form\u00e9 \u00e0 Toulouse devrait \u00e9tr\u00e9ner ses nouvelles couleurs.<\/p>\n<p>Ce contenu est bloqu\u00e9 car vous n&rsquo;avez pas accept\u00e9 les cookies et autres traceurs.<\/p>\n<p>En cliquant sur \u00ab J\u2019accepte \u00bb, les cookies et autres traceurs seront d\u00e9pos\u00e9s et vous pourrez visualiser les contenus  (<a href=\"\" class=\"consentModule_policy\" target=\"_blank\" title=\"Consulter la politique de protection des donn\u00e9es du fournisseur\">plus d&rsquo;informations<\/a>).<\/p>\n<p>En cliquant sur \u00ab J\u2019accepte tous les cookies \u00bb, vous autorisez des d\u00e9p\u00f4ts de cookies et autres traceurs pour le stockage de vos donn\u00e9es sur nos sites et applications \u00e0 des fins de personnalisation et de ciblage publicitaire.<\/p>\n<p class=\"consentModule_secondaryText\">Vous gardez la possibilit\u00e9 de retirer votre consentement \u00e0 tout moment en consultant notre <a href=\"https:\/\/www.estrepublicain.fr\/protection-des-donnees\" target=\"_blank\" title=\"Consulter notre politique de protection des donn\u00e9es\" rel=\"noopener\">politique de protection des donn\u00e9es<\/a>. <br \/>&#13;<br \/>\n            <a href=\"https:\/\/www.estrepublicain.fr\/sport\/2025\/11\/07\/javascript:Didomi.notice.show()\" class=\"consentModule_cmp\" target=\"_blank\" rel=\"noopener\">G\u00e9rer mes choix<\/a>&#13;\n        <\/p>\n<p>&#13;<br \/>\n                        J&rsquo;accepte&#13;<br \/>\n            J&rsquo;accepte tous les cookies&#13;\n        <\/p>\n<p>Steeven Bois s\u2019est engag\u00e9 avec le club de la banlieue d\u2019Orl\u00e9ans jusqu\u2019\u00e0 la fin de la saison. Un club qui l\u2019accueille d\u2019autant plus \u00e0 bras ouverts que le joueur aux 206 matches de Proligue va avoir pour mission d\u2019\u00e9pauler Alban Simmonet sur un poste toujours priv\u00e9 du Br\u00e9silien Pedro Pacheco, en d\u00e9licatesse avec un genou.<\/p>\n<p>\u00ab\u00a0J\u2019ai eu pas mal de propositions, que j\u2019ai refus\u00e9es, mais je pense que Les Septors est l\u2019endroit id\u00e9al. C\u2019est une \u00e9quipe tr\u00e8s importante de Proligue. Tous ces facteurs font que Saran m\u2019a attir\u00e9 et je suis tr\u00e8s content d\u2019\u00eatre ici\u00a0\u00bb, a d\u00e9clar\u00e9 Steeven Bois, sur le site internet de son nouveau club.<\/p>\n","protected":false},"excerpt":{"rendered":"Steeven Bois \u00e9tait l\u2019une des derni\u00e8res victimes de la liquidation judiciaire du Nancy Handball \u00e0 continuer de sonder&hellip;\n","protected":false},"author":2,"featured_media":524350,"comment_status":"","ping_status":"","sticky":false,"template":"","format":"standard","meta":{"footnotes":""},"categories":[9635],"tags":[1111,11,1704,1777,674,1701,1011,27,775,1792,1702,13622,1703,12,25,517,1700],"class_list":{"0":"post-524349","1":"post","2":"type-post","3":"status-publish","4":"format-standard","5":"has-post-thumbnail","7":"category-nancy","8":"tag-actu","9":"tag-actualites","10":"tag-edition-nancy-et-agglomeration","11":"tag-eu","12":"tag-europe","13":"tag-fil-info-sport","14":"tag-fr","15":"tag-france","16":"tag-grand-est","17":"tag-handball","18":"tag-nancy","19":"tag-nancy-handball","20":"tag-nancy-ville-54b","21":"tag-news","22":"tag-republique-francaise","23":"tag-sport","24":"tag-sport-lorrain"},"share_on_mastodon":{"url":"https:\/\/pubeurope.com\/@fr\/115524049530688472","error":""},"_links":{"self":[{"href":"https:\/\/www.europesays.com\/fr\/wp-json\/wp\/v2\/posts\/524349","targetHints":{"allow":["GET"]}}],"collection":[{"href":"https:\/\/www.europesays.com\/fr\/wp-json\/wp\/v2\/posts"}],"about":[{"href":"https:\/\/www.europesays.com\/fr\/wp-json\/wp\/v2\/types\/post"}],"author":[{"embeddable":true,"href":"https:\/\/www.europesays.com\/fr\/wp-json\/wp\/v2\/users\/2"}],"replies":[{"embeddable":true,"href":"https:\/\/www.europesays.com\/fr\/wp-json\/wp\/v2\/comments?post=524349"}],"version-history":[{"count":0,"href":"https:\/\/www.europesays.com\/fr\/wp-json\/wp\/v2\/posts\/524349\/revisions"}],"wp:featuredmedia":[{"embeddable":true,"href":"https:\/\/www.europesays.com\/fr\/wp-json\/wp\/v2\/media\/524350"}],"wp:attachment":[{"href":"https:\/\/www.europesays.com\/fr\/wp-json\/wp\/v2\/media?parent=524349"}],"wp:term":[{"taxonomy":"category","embeddable":true,"href":"https:\/\/www.europesays.com\/fr\/wp-json\/wp\/v2\/categories?post=524349"},{"taxonomy":"post_tag","embeddable":true,"href":"https:\/\/www.europesays.com\/fr\/wp-json\/wp\/v2\/tags?post=524349"}],"curies":[{"name":"wp","href":"https:\/\/api.w.org\/{rel}","templated":true}]}}