{"id":524357,"date":"2025-11-10T06:48:10","date_gmt":"2025-11-10T06:48:10","guid":{"rendered":"https:\/\/www.europesays.com\/fr\/524357\/"},"modified":"2025-11-10T06:48:10","modified_gmt":"2025-11-10T06:48:10","slug":"ce-qui-pourrait-changer-pour-les-voyageurs","status":"publish","type":"post","link":"https:\/\/www.europesays.com\/fr\/524357\/","title":{"rendered":"ce qui pourrait changer pour les voyageurs"},"content":{"rendered":"<p>            Par<br \/>\n        <strong><br \/>\n            <a href=\"https:\/\/actu.fr\/auteur\/adrien-filoche\" title=\"Consulter tous les articles de Adrien Filoche\" rel=\"nofollow noopener\" target=\"_blank\">Adrien Filoche<\/a><br \/>\n        <\/strong><\/p>\n<p>        Publi\u00e9 le<\/p>\n<p>            10 nov. 2025 \u00e0 7h02        <\/p>\n<p><strong>Un vent de changement\u2009? <\/strong>Deux ans apr\u00e8s Caen, la r\u00e9gion Normandie a lanc\u00e9 le 13\u00a0octobre 2025 la proc\u00e9dure d\u2019ouverture \u00e0 la concurrence des trains de l\u2019\u00e9toile ferroviaire de Rouen. Autrement dit, l\u2019op\u00e9rateur historique SNCF pourrait ne plus \u00eatre l\u2019exploitant des trains circulant \u00e0 Rouen d\u2019ici les prochaines ann\u00e9es. \u00c0 Caen, par exemple, <a href=\"https:\/\/actu.fr\/normandie\/caen_14118\/la-ratp-va-gerer-les-trains-au-depart-de-caen-ca-change-quoi-pour-les-voyageurs_63220262.html\" rel=\"nofollow noopener\" target=\"_blank\">c\u2019est l\u2019entreprise RATPdev qui a \u00e9t\u00e9 retenue par la R\u00e9gion<\/a>. \u00ab\u2009Sur les crit\u00e8res de la grille de notation des offres, soit RATPDev \u00e9tait \u00e0 \u00e9galit\u00e9, soit mieux not\u00e9e que la SNCF\u2009\u00bb, souligne<strong> Jean-Baptiste Gastinne<\/strong>, vice-pr\u00e9sident de la R\u00e9gion Normandie en charge des transports. Mais alors, \u00e0 quoi s\u2019attendre pour les trains rouennais\u2009? Et qu\u2019est-ce qui pourrait changer pour les usagers\u2009?<\/p>\n<p>Le futur exploitant choisi en 2029<\/p>\n<p class=\" wall-content\">Concr\u00e8tement, comment cela va se d\u00e9rouler\u2009? L\u2019entreprise qui exploitera les trains sur l\u2019\u00e9toile de Rouen sera choisie au terme d\u2019un appel d\u2019offres. Le choix sera valid\u00e9 en d\u00e9cembre\u00a02027 par la R\u00e9gion, tandis que l\u2019exploitation d\u00e9butera d\u00e8s 2029 pour une dur\u00e9e de 10\u00a0ans.<\/p>\n<blockquote class=\"ac-article-quote wall-content\">\n<p>Nous allons ouvrir l\u2019appel \u00e0 candidature \u00e0 Rouen. Nous conna\u00eetrons dans quelques semaines les entreprises qui feront acte de candidatures. Ensuite, ces candidatures seront analys\u00e9es, puis nous retiendrons les candidats. Entre-temps, il y aura une pr\u00e9sentation d\u2019un cahier des charges o\u00f9 nous communiquerons aux entreprises nos attentes en mati\u00e8re d\u2019offres et de qualit\u00e9 de service. Il nous reste du chemin.<\/p>\n<p>    <strong>Jean-Baptiste Gastinne<\/strong><br \/>\n        vice-pr\u00e9sident de la R\u00e9gion Normandie\u00a0en charge des transports    <\/p><\/blockquote>\n<p class=\" wall-content\">L\u2019exploitant retenu par la r\u00e9gion aura alors en charge l\u2019\u00e9toile de Rouen, qui comprend <strong>les lignes Rouen-Le\u00a0Havre\u2009; Rouen-Dieppe\u2009; Rouen-Amiens\u2009; Yvetot-Elbeuf\u2009; Paris-Dieppe\u2009; F\u00e9camp-Le\u00a0Havre.<\/strong><\/p>\n<p class=\" wall-content\">\u00c0 noter que pour <strong>la ligne Paris-Rouen-Le Havre<\/strong>, sans doute la plus importante du r\u00e9seau rouennais, <strong>un autre appel d\u2019offres sera lanc\u00e9 s\u00e9par\u00e9ment<\/strong> par la R\u00e9gion, avec un calendrier un peu diff\u00e9rent. \u00ab\u2009Pour cette ligne, l\u2019ouverture \u00e0 la concurrence et le choix de la candidature auront lieu en 2029. L\u2019attribution sera faite en 2031\u2009\u00bb, pr\u00e9cise Jean-Baptiste Gastinne.<\/p>\n<blockquote class=\"ac-article-quote wall-content\">\n<p>Pour la ligne Paris-Rouen-Le Havre, il y a les sujets de saturations qui complexifient l\u2019exploitation. On voulait terminer par celui-l\u00e0 pour acqu\u00e9rir le maximum d\u2019exp\u00e9rience et trouver la meilleure solution.<\/p>\n<p>    <strong>Jean-Baptiste Gastinne<\/strong><br \/>\n        vice-pr\u00e9sident de la R\u00e9gion Normandie\u00a0en charge des transports    <\/p><\/blockquote>\n<p class=\" wall-content\">Ainsi, on pourrait se retrouver avec deux exploitants diff\u00e9rents sur les lignes de l\u2019\u00e9toile de Rouen et sur la ligne Paris-Rouen-Le\u00a0Havre. Tout est possible.<\/p>\n<p>Votre r\u00e9gion, votre actu !<\/p>\n<p>Recevez chaque jour les infos qui comptent pour vous.<\/p>\n<p>\t<a href=\"https:\/\/actu.fr\/newsletter\" class=\"ac-btn ac-btn--corner ac-btn--medium ac-btn--blue800\" rel=\"nofollow noopener\" target=\"_blank\">S&rsquo;incrire<\/a><br \/>\nQuels changements pour les trains \u00e0 Rouen\u2009?<\/p>\n<p class=\" wall-content\"><strong>Pourquoi cette mise en concurrence\u2009?<\/strong> \u00ab\u2009Ce n\u2019est pas comme si on avait le choix. C\u2019est une obligation europ\u00e9enne et nationale. Toutes les R\u00e9gions devront ouvrir \u00e0 la concurrence, au plus tard en 2033\u2009\u00bb, r\u00e9pond Jean-Baptiste Gastinne.<\/p>\n<p class=\" wall-content\">Concernant le choix du futur exploitant, \u00ab\u2009cela peut \u00eatre autant des entreprises fran\u00e7aises qu\u2019europ\u00e9ennes. Tout d\u00e9pendra de la candidature et de ce que nous retiendrons\u2009\u00bb, note-t-il.<\/p>\n<p class=\" wall-content\">Sur le processus de s\u00e9lection, l\u2019\u00e9lu explique que la R\u00e9gion suivra le m\u00eame que celui de Caen. \u00ab\u2009Il y a plusieurs <strong>crit\u00e8res de s\u00e9lection<\/strong>, allant du co\u00fbt pour la R\u00e9gion, de la qualit\u00e9 des services (les moyens pour pr\u00e9parer les trains, les entretenir, les r\u00e9parer, les nettoyer), l\u2019accompagnement des voyageurs \u00e0 bord du train, les moyens pour se pr\u00e9parer \u00e0 exploiter ces lignes\u2009\u00bb, explique-t-il. L\u2019id\u00e9e de cette concurrence \u00e9tant de retenir la meilleure offre possible.<\/p>\n<p class=\" wall-content\">Tandis qu\u2019\u00e0 Caen, le futur exploitant a promis une augmentation de <a href=\"https:\/\/actu.fr\/normandie\/cherbourg-en-cotentin_50129\/il-y-aura-deux-fois-plus-de-trains-ter-entre-caen-et-cherbourg-dici-2028-promet-la-region-normandie_63251010.html\" rel=\"nofollow noopener\" target=\"_blank\">50\u2009% du nombre de trains circulant<\/a>, ce ne sera pas possible \u00e0 Rouen. \u00ab\u2009Nous sommes limit\u00e9s par la configuration de la gare de Rouen Rive Droite. <strong>Une telle hausse du nombre des trains ne sera pas possible<\/strong> tant que nous n\u2019aurons pas une nouvelle gare\u2009\u00bb, analyse Jean-Baptiste Gastinne. On comprendra donc que la hausse du nombre de trains \u00e0 Rouen, ce n\u2019est pas pour tout de suite.<\/p>\n<p class=\" wall-content\">\u00c0 propos du futur exploitant, il d\u00e9taille simplement que ce dernier \u00ab\u2009aura \u00e0 sa disposition le m\u00eame mat\u00e9riel, il aura la m\u00eame infrastructure qu\u2019aujourd\u2019hui\u2009\u00bb.<\/p>\n<p class=\" wall-content\">Enfin, concernant <strong>le prix des futurs billets<\/strong>, \u00ab\u2009c\u2019est un exercice totalement ind\u00e9pendant de la mise en concurrence, souligne Jean-Baptiste Gastinne. La politique tarifaire et l\u2019appel d\u2019offres, ce sont des choses tr\u00e8s distinctes. Il n\u2019y a pas de lien. La politique tarifaire est r\u00e9vis\u00e9e tous les ans. On regarde l\u2019inflation, les hausses de co\u00fbt de l\u2019\u00e9lectricit\u00e9, etc.\u2009\u00bb<\/p>\n<p>L\u2019inqui\u00e9tude des syndicats<\/p>\n<p class=\" wall-content\">La mise en concurrence de l\u2019\u00e9toile de Caen, puis de celle de Rouen, a g\u00e9n\u00e9r\u00e9 un vent d\u2019inqui\u00e9tudes du c\u00f4t\u00e9 des cheminots, pour la plupart fortement attach\u00e9s \u00e0 l\u2019enseigne historique qu\u2019est la <a href=\"https:\/\/actu.fr\/tag\/sncf\" rel=\"nofollow noopener\" target=\"_blank\">SNCF.<\/a><\/p>\n<p class=\" wall-content\">Pour <strong>Laetitia Le Grand<\/strong>, du syndicat Sud Rail Normandie, \u00ab\u2009c\u2019est <strong>l\u2019incertitude dans la t\u00eate des agents.<\/strong> On ne sait pas \u00e0 quelle sauce on va \u00eatre mang\u00e9. \u00c7a a \u00e9t\u00e9 un coup dur pour l\u2019\u00e9toile de Caen et \u00e7a ne pr\u00e9sage rien de bon pour l\u2019\u00e9toile de Rouen\u2009\u00bb. La contr\u00f4leuse l\u2019assure, \u00ab\u2009on ne veut pas de la concurrence, on veut garder l\u2019enseigne historique. Quoi qu\u2019il arrive, on va \u00eatre attentif sur les garanties sociales\u2009\u00bb.<\/p>\n<p class=\" wall-content\">Au sujet de ces craintes, Jean-Baptiste Gastinne reconna\u00eet qu\u2019il y a \u00ab\u2009des interrogations et des inqui\u00e9tudes qui sont parfaitement l\u00e9gitimes. On le savait, les cheminots sont tr\u00e8s attach\u00e9s \u00e0 la SNCF\u2009\u00bb.<\/p>\n<p class=\" wall-content\">S\u2019il ne peut pour le moment par se prononcer sur le futur exploitant \u00e0 Rouen, pas encore d\u00e9sign\u00e9 par la R\u00e9gion, le vice-pr\u00e9sident rappelle que pour Caen, \u00ab\u2009il est pr\u00e9vu qu\u2019il y ait un transfert possible d\u2019une partie du personnel (entre 300 et 400 salari\u00e9s) vers le nouvel exploitant, conform\u00e9ment \u00e0 la r\u00e9glementation nationale\u2009\u00bb. Suffisant pour rassurer les agents\u2009?<\/p>\n<p>Suivez l\u2019actualit\u00e9 de Rouen sur <a href=\"https:\/\/www.whatsapp.com\/channel\/0029VaKfnf99hXF2ddApFB1D\" rel=\"nofollow noopener\" target=\"_blank\">notre cha\u00eene WhatsApp<\/a> et sur <a href=\"https:\/\/www.tiktok.com\/@76actu.fr?lang=fr\" rel=\"nofollow noopener\" target=\"_blank\">notre compte TikTok<\/a><\/p>\n<p class=\" wall-content\">Personnalisez votre actualit\u00e9 en ajoutant vos villes et m\u00e9dias en favori avec <a href=\"https:\/\/moncompte.actu.fr\" title=\"D\u00e9couvez Mon Actu\" rel=\"nofollow noopener\" data-trk=\"{&quot;cta&quot;:{&quot;action&quot;:&quot;https:\\\/\\\/moncompte.actu.fr&quot;,&quot;category&quot;:&quot;mon compte&quot;,&quot;from&quot;:&quot;article footer&quot;,&quot;name&quot;:&quot;Mon actu&quot;,&quot;type&quot;:&quot;cta&quot;}}\" target=\"_blank\">Mon Actu<\/a>.<\/p>\n<p>                    <script async src=\"\/\/www.tiktok.com\/embed.js\"><\/script><\/p>\n","protected":false},"excerpt":{"rendered":"Par Adrien Filoche Publi\u00e9 le 10 nov. 2025 \u00e0 7h02 Un vent de changement\u2009? Deux ans apr\u00e8s Caen,&hellip;\n","protected":false},"author":2,"featured_media":524358,"comment_status":"","ping_status":"","sticky":false,"template":"","format":"standard","meta":{"footnotes":""},"categories":[9587],"tags":[1111,11,1777,674,1011,27,12,5161,13095,25,9590,2215,104,2803],"class_list":{"0":"post-524357","1":"post","2":"type-post","3":"status-publish","4":"format-standard","5":"has-post-thumbnail","7":"category-rouen","8":"tag-actu","9":"tag-actualites","10":"tag-eu","11":"tag-europe","12":"tag-fr","13":"tag-france","14":"tag-news","15":"tag-normandie","16":"tag-region-normandie","17":"tag-republique-francaise","18":"tag-rouen","19":"tag-sncf","20":"tag-societe","21":"tag-transport"},"share_on_mastodon":{"url":"https:\/\/pubeurope.com\/@fr\/115524069193635252","error":""},"_links":{"self":[{"href":"https:\/\/www.europesays.com\/fr\/wp-json\/wp\/v2\/posts\/524357","targetHints":{"allow":["GET"]}}],"collection":[{"href":"https:\/\/www.europesays.com\/fr\/wp-json\/wp\/v2\/posts"}],"about":[{"href":"https:\/\/www.europesays.com\/fr\/wp-json\/wp\/v2\/types\/post"}],"author":[{"embeddable":true,"href":"https:\/\/www.europesays.com\/fr\/wp-json\/wp\/v2\/users\/2"}],"replies":[{"embeddable":true,"href":"https:\/\/www.europesays.com\/fr\/wp-json\/wp\/v2\/comments?post=524357"}],"version-history":[{"count":0,"href":"https:\/\/www.europesays.com\/fr\/wp-json\/wp\/v2\/posts\/524357\/revisions"}],"wp:featuredmedia":[{"embeddable":true,"href":"https:\/\/www.europesays.com\/fr\/wp-json\/wp\/v2\/media\/524358"}],"wp:attachment":[{"href":"https:\/\/www.europesays.com\/fr\/wp-json\/wp\/v2\/media?parent=524357"}],"wp:term":[{"taxonomy":"category","embeddable":true,"href":"https:\/\/www.europesays.com\/fr\/wp-json\/wp\/v2\/categories?post=524357"},{"taxonomy":"post_tag","embeddable":true,"href":"https:\/\/www.europesays.com\/fr\/wp-json\/wp\/v2\/tags?post=524357"}],"curies":[{"name":"wp","href":"https:\/\/api.w.org\/{rel}","templated":true}]}}