{"id":52436,"date":"2025-04-25T18:53:10","date_gmt":"2025-04-25T18:53:10","guid":{"rendered":"https:\/\/www.europesays.com\/fr\/52436\/"},"modified":"2025-04-25T18:53:10","modified_gmt":"2025-04-25T18:53:10","slug":"lyon-collision-entre-un-deux-roues-et-une-voiture-pres-du-metro-saxe-gambetta","status":"publish","type":"post","link":"https:\/\/www.europesays.com\/fr\/52436\/","title":{"rendered":"Lyon. Collision entre un deux-roues et une voiture pr\u00e8s du m\u00e9tro Saxe-Gambetta"},"content":{"rendered":"<p>En ce d\u00e9but de soir\u00e9e ce vendredi, \u00e0 la limite entre le 3e et le 7e arrondissement de Lyon, un accident de la circulation s&rsquo;est produit avenue Jean-Jaur\u00e8s, pr\u00e8s de la station de m\u00e9tro Saxe-Gambetta.<\/p>\n<p>Pris en charge en urgence relative<\/p>\n<p>Un deux-roues et une voiture sont entr\u00e9s en collision sur la voie de bus. Plusieurs v\u00e9hicules de pompiers sont d\u00e9p\u00each\u00e9s sur place ainsi que la police pour g\u00e9rer la circulation qui s&rsquo;en retrouve perturb\u00e9e.<\/p>\n<p>Ce contenu est bloqu\u00e9 car vous n&rsquo;avez pas accept\u00e9 les cookies et autres traceurs.<\/p>\n<p>En cliquant sur \u00ab J\u2019accepte \u00bb, les cookies et autres traceurs seront d\u00e9pos\u00e9s et vous pourrez visualiser les contenus  (<a href=\"\" class=\"consentModule_policy\" target=\"_blank\" title=\"Consulter la politique de protection des donn\u00e9es du fournisseur\">plus d&rsquo;informations<\/a>).<\/p>\n<p>En cliquant sur \u00ab J\u2019accepte tous les cookies \u00bb, vous autorisez des d\u00e9p\u00f4ts de cookies et autres traceurs pour le stockage de vos donn\u00e9es sur nos sites et applications \u00e0 des fins de personnalisation et de ciblage publicitaire.<\/p>\n<p class=\"consentModule_secondaryText\">Vous gardez la possibilit\u00e9 de retirer votre consentement \u00e0 tout moment en consultant notre <a href=\"https:\/\/www.leprogres.fr\/protection-des-donnees\" target=\"_blank\" title=\"Consulter notre politique de protection des donn\u00e9es\" rel=\"nofollow noopener\">politique de protection des donn\u00e9es<\/a>. <br \/>&#13;<br \/>\n            <a href=\"https:\/\/www.leprogres.fr\/faits-divers-justice\/2025\/04\/25\/javascript:Didomi.notice.show()\" class=\"consentModule_cmp\" rel=\"nofollow noopener\" target=\"_blank\">G\u00e9rer mes choix<\/a>&#13;\n        <\/p>\n<p>&#13;<br \/>\n                        J&rsquo;accepte&#13;<br \/>\n            J&rsquo;accepte tous les cookies&#13;\n        <\/p>\n<p>Le conducteur du deux-roues a \u00e9t\u00e9 pris en charge en urgence relative. Il ne serait donc pas gravement bless\u00e9 selon les informations du Progr\u00e8s.<\/p>\n","protected":false},"excerpt":{"rendered":"En ce d\u00e9but de soir\u00e9e ce vendredi, \u00e0 la limite entre le 3e et le 7e arrondissement de&hellip;\n","protected":false},"author":2,"featured_media":52437,"comment_status":"","ping_status":"","sticky":false,"template":"","format":"standard","meta":{"footnotes":""},"categories":[1889],"tags":[119,1111,11,2430,2757,1777,674,274,107,1011,27,2428,12,25,2429],"class_list":{"0":"post-52436","1":"post","2":"type-post","3":"status-publish","4":"format-standard","5":"has-post-thumbnail","7":"category-lyon","8":"tag-accident","9":"tag-actu","10":"tag-actualites","11":"tag-auvergne-rhone-alpes","12":"tag-edition-lyon-villeurbanne","13":"tag-eu","14":"tag-europe","15":"tag-faits-divers-justice","16":"tag-fil-info","17":"tag-fr","18":"tag-france","19":"tag-lyon","20":"tag-news","21":"tag-republique-francaise","22":"tag-rhone"},"share_on_mastodon":{"url":"https:\/\/pubeurope.com\/@fr\/114400120227074332","error":""},"_links":{"self":[{"href":"https:\/\/www.europesays.com\/fr\/wp-json\/wp\/v2\/posts\/52436","targetHints":{"allow":["GET"]}}],"collection":[{"href":"https:\/\/www.europesays.com\/fr\/wp-json\/wp\/v2\/posts"}],"about":[{"href":"https:\/\/www.europesays.com\/fr\/wp-json\/wp\/v2\/types\/post"}],"author":[{"embeddable":true,"href":"https:\/\/www.europesays.com\/fr\/wp-json\/wp\/v2\/users\/2"}],"replies":[{"embeddable":true,"href":"https:\/\/www.europesays.com\/fr\/wp-json\/wp\/v2\/comments?post=52436"}],"version-history":[{"count":0,"href":"https:\/\/www.europesays.com\/fr\/wp-json\/wp\/v2\/posts\/52436\/revisions"}],"wp:featuredmedia":[{"embeddable":true,"href":"https:\/\/www.europesays.com\/fr\/wp-json\/wp\/v2\/media\/52437"}],"wp:attachment":[{"href":"https:\/\/www.europesays.com\/fr\/wp-json\/wp\/v2\/media?parent=52436"}],"wp:term":[{"taxonomy":"category","embeddable":true,"href":"https:\/\/www.europesays.com\/fr\/wp-json\/wp\/v2\/categories?post=52436"},{"taxonomy":"post_tag","embeddable":true,"href":"https:\/\/www.europesays.com\/fr\/wp-json\/wp\/v2\/tags?post=52436"}],"curies":[{"name":"wp","href":"https:\/\/api.w.org\/{rel}","templated":true}]}}