{"id":524361,"date":"2025-11-10T06:51:35","date_gmt":"2025-11-10T06:51:35","guid":{"rendered":"https:\/\/www.europesays.com\/fr\/524361\/"},"modified":"2025-11-10T06:51:35","modified_gmt":"2025-11-10T06:51:35","slug":"mickey-tout-a-commence-par-une-souris-a-grenoble-des-le-25-novembre-2025","status":"publish","type":"post","link":"https:\/\/www.europesays.com\/fr\/524361\/","title":{"rendered":"Mickey, tout a commenc\u00e9 par une souris \u00e0 Grenoble d\u00e8s le 25 novembre 2025"},"content":{"rendered":"<p><strong><img loading=\"lazy\" decoding=\"async\" class=\"aligncenter size-full wp-image-700731\" src=\"https:\/\/www.europesays.com\/fr\/wp-content\/uploads\/2025\/11\/Capture-decran-2025-10-17-a-4.42.46-PM.png\" alt=\"\" width=\"731\" height=\"280\"  \/><\/strong><strong>Un retour au sources avec Mickey, tout a commenc\u00e9 par une souris au couvent Sainte-C\u00e9cile \u00e0 Grenoble du 20 novembre 2025 au 18 avril 2026. Qui n\u2019a vu Steamboat Willie de 1928 avec un souris promise avec son cr\u00e9ateur Walt Disney \u00e0 une renomm\u00e9e internationale. C\u2019est ce que raconte cette exposition dont le commissaire d\u2019exposition est Bruno Girveau. C\u2019est cette histoire que se propose de raconter Bruno Girveau, commissaire de l\u2019exposition pr\u00e9sent\u00e9e par le fonds Gl\u00e9nat, en trois temps : Mickey au cin\u00e9ma (Mickey de pellicule), Mickey dans les publications (Mickey de papier), Mickey dans les trois dimensions (Mickey 3D), traduits dans tous les formats et tous les supports, objets aujourd\u2019hui inestimables pour les collectionneurs. \u00c0 ceci vont s\u2019ajouter quelques \u0153uvres contemporaines jalonnant le parcours pour attester l\u2019extraordinaire post\u00e9rit\u00e9 formelle de la c\u00e9l\u00e8bre petite souris, devenue ic\u00f4ne de la pop culture.<\/strong><\/p>\n<p><img loading=\"lazy\" decoding=\"async\" class=\"aligncenter size-full wp-image-700734\" src=\"https:\/\/www.europesays.com\/fr\/wp-content\/uploads\/2025\/11\/Capture-decran-2025-10-17-a-4.44.37-PM.png\" alt=\"\" width=\"376\" height=\"474\"  \/><\/p>\n<p>En r\u00e9alit\u00e9, tout n\u2019a pas commenc\u00e9 par une souris mais par un lapin nomm\u00e9 Oswald. Pour remplacer ce personnage confisqu\u00e9 par un producteur new-yorkais, Mickey na\u00eet en 1928 de l\u2019imagination de Walt Disney et du crayon du g\u00e9nial dessinateur Ub Iwerks. Mickey fait ses premiers pas sur la pellicule, avant de devenir non seulement un h\u00e9ros de magazine mais l\u2019ic\u00f4ne culturelle du 20e si\u00e8cle. Ic\u00f4ne graphique dont les formes \u00e9l\u00e9mentaires seraient universellement identifi\u00e9es. Ic\u00f4ne h\u00e9ro\u00efque, dont les aventures enthousiasmeraient des centaines de millions de personnes, depuis sa cr\u00e9ation jusqu\u2019\u00e0 aujourd\u2019hui. C\u2019est l\u2019histoire de cette ic\u00f4ne de la pop culture que vous d\u00e9couvrirez dans cette exposition qui met \u00e0 l\u2019honneur Mickey sous toutes ses formes et dans tous ses \u00e9tats : sur la pellicule, sur le papier, et en trois dimensions. Quelque 185 \u0153uvres et objets d\u2019art sont rassembl\u00e9s pour l\u2019occasion.<\/p>\n<p><img loading=\"lazy\" decoding=\"async\" class=\"aligncenter size-full wp-image-700735\" src=\"https:\/\/www.europesays.com\/fr\/wp-content\/uploads\/2025\/11\/Capture-decran-2025-10-17-a-4.45.33-PM.png\" alt=\"\" width=\"737\" height=\"361\"  \/><\/p>\n<p>En r\u00e9alit\u00e9 le premier film o\u00f9 appara\u00eet Mickey Mouse en 1928, Plane Crazy, n\u2019est pas celui qui est pr\u00e9sent\u00e9 d\u2019abord au public. Ni le second, Gallopin\u2019Gaucho, tous deux mal re\u00e7us par les distributeurs. Au m\u00eame moment en effet, sort sur les \u00e9crans Jazz Singer (Le Chanteur de jazz), le premier film du cin\u00e9ma parlant, qui r\u00e9volutionne le genre. Disney d\u00e9cide alors de sonoriser un troisi\u00e8me film, Steamboat Willie, au prix d\u2019un v\u00e9ritable d\u00e9fi technique. C\u2019est ainsi que Mickey fait ses d\u00e9buts officiels au Colony Theater de New-York, le 18 novembre<br \/>1928. L\u2019accueil est enthousiaste. Courts m\u00e9trages, puis longs m\u00e9trages, en noir et blanc puis en couleur, la souris \u00e0 taille de petit gar\u00e7on envahit les \u00e9crans : Mickey est en route vers la gloire. S\u00e9rieuse, courageuse, elle est tout de suite accompagn\u00e9e d\u2019une fianc\u00e9e, Minnie Mouse, puis de nombreux autres personnages. Peu \u00e0 peu, l\u2019image de Mickey se stabilise, tant graphiquement que sur le plan de son caract\u00e8re.<\/p>\n<p><strong>Couvent Sainte-C\u00e9cile \u2013 37 rue Servan \u00e0 Grenoble<\/strong><\/p>\n<p><img loading=\"lazy\" decoding=\"async\" class=\"aligncenter size-full wp-image-700733\" src=\"https:\/\/www.europesays.com\/fr\/wp-content\/uploads\/2025\/11\/Capture-decran-2025-10-17-a-4.43.36-PM.png\" alt=\"\" width=\"770\" height=\"409\"  \/><\/p>\n<p>\t&#13;<br \/>\n&#13;<br \/>\n&#13;<\/p>\n","protected":false},"excerpt":{"rendered":"Un retour au sources avec Mickey, tout a commenc\u00e9 par une souris au couvent Sainte-C\u00e9cile \u00e0 Grenoble du&hellip;\n","protected":false},"author":2,"featured_media":524362,"comment_status":"","ping_status":"","sticky":false,"template":"","format":"standard","meta":{"footnotes":""},"categories":[9566],"tags":[1111,11,2430,520,1777,674,1011,27,2731,47427,12,25],"class_list":{"0":"post-524361","1":"post","2":"type-post","3":"status-publish","4":"format-standard","5":"has-post-thumbnail","7":"category-grenoble","8":"tag-actu","9":"tag-actualites","10":"tag-auvergne-rhone-alpes","11":"tag-disney","12":"tag-eu","13":"tag-europe","14":"tag-fr","15":"tag-france","16":"tag-grenoble","17":"tag-mickey","18":"tag-news","19":"tag-republique-francaise"},"share_on_mastodon":{"url":"https:\/\/pubeurope.com\/@fr\/115524082033881323","error":""},"_links":{"self":[{"href":"https:\/\/www.europesays.com\/fr\/wp-json\/wp\/v2\/posts\/524361","targetHints":{"allow":["GET"]}}],"collection":[{"href":"https:\/\/www.europesays.com\/fr\/wp-json\/wp\/v2\/posts"}],"about":[{"href":"https:\/\/www.europesays.com\/fr\/wp-json\/wp\/v2\/types\/post"}],"author":[{"embeddable":true,"href":"https:\/\/www.europesays.com\/fr\/wp-json\/wp\/v2\/users\/2"}],"replies":[{"embeddable":true,"href":"https:\/\/www.europesays.com\/fr\/wp-json\/wp\/v2\/comments?post=524361"}],"version-history":[{"count":0,"href":"https:\/\/www.europesays.com\/fr\/wp-json\/wp\/v2\/posts\/524361\/revisions"}],"wp:featuredmedia":[{"embeddable":true,"href":"https:\/\/www.europesays.com\/fr\/wp-json\/wp\/v2\/media\/524362"}],"wp:attachment":[{"href":"https:\/\/www.europesays.com\/fr\/wp-json\/wp\/v2\/media?parent=524361"}],"wp:term":[{"taxonomy":"category","embeddable":true,"href":"https:\/\/www.europesays.com\/fr\/wp-json\/wp\/v2\/categories?post=524361"},{"taxonomy":"post_tag","embeddable":true,"href":"https:\/\/www.europesays.com\/fr\/wp-json\/wp\/v2\/tags?post=524361"}],"curies":[{"name":"wp","href":"https:\/\/api.w.org\/{rel}","templated":true}]}}