{"id":524363,"date":"2025-11-10T06:55:12","date_gmt":"2025-11-10T06:55:12","guid":{"rendered":"https:\/\/www.europesays.com\/fr\/524363\/"},"modified":"2025-11-10T06:55:12","modified_gmt":"2025-11-10T06:55:12","slug":"la-france-a-un-incroyable-talent-sur-m6-ex-infirmiere-en-bretagne-elle-va-tenter-de-convaincre-le-jury-avec-son-humour-noir","status":"publish","type":"post","link":"https:\/\/www.europesays.com\/fr\/524363\/","title":{"rendered":"La France a un incroyable talent sur M6\u00a0: ex-infirmi\u00e8re en Bretagne, elle va tenter de convaincre le jury avec son humour noir"},"content":{"rendered":"<p>Sarah-Anna Lamand\u00e9 a quitt\u00e9 les petites salles bretonnes de stand-up pour montrer son incroyable talent \u00e0 toute la France. Cette fois, c\u2019est le jury compos\u00e9 de Marianne James, \u00c9ric Antoine, H\u00e9l\u00e8ne S\u00e9gara et Sugar Sammy qu\u2019elle devra convaincre, mardi 11 novembre sur M6. Lors de la cinqui\u00e8me soir\u00e9e des auditions de l\u2019\u00e9mission de divertissement <a href=\"https:\/\/www.letelegramme.fr\/morbihan\/lorient-56100\/une-experience-assez-unique-ces-lorientais-aussi-ont-participe-a-la-france-a-un-incroyable-talent-6922991.php\" target=\"_blank\" rel=\"noopener\">La France a un incroyable talent<\/a>, <a href=\"https:\/\/www.letelegramme.fr\/ille-et-vilaine\/rennes-35000\/ancienne-soignante-cette-bretonne-cartonne-en-tant-quhumoriste-6373418.php\" target=\"_blank\" rel=\"noopener\">l\u2019humoriste rennaise<\/a> aura quelques minutes pour faire rire les quatre professionnels du spectacle avec son humour noir.<\/p>\n<p>Apr\u00e8s sept ann\u00e9es pass\u00e9es comme infirmi\u00e8re en canc\u00e9rologie, Sarah-Anna a choisi de quitter le CHU de Rennes pour se reconvertir dans le stand-up, puisant son inspiration dans son ancien m\u00e9tier. Un soir, apr\u00e8s avoir assist\u00e9 \u00e0 un spectacle de stand-up dans un bar, la trentenaire s\u2019est dit qu\u2019elle aussi pouvait se lancer. Encourag\u00e9e par un ami, elle est mont\u00e9e sur sc\u00e8ne pour la premi\u00e8re fois. Depuis, l\u2019artiste bretonne n\u2019a plus jamais quitt\u00e9 le micro. Mardi 11 novembre, Sarah-Anna aura l\u2019occasion de faire d\u00e9coller sa carri\u00e8re gr\u00e2ce \u00e0 son talent et au coup de projecteur de l\u2019\u00e9mission.<\/p>\n","protected":false},"excerpt":{"rendered":"Sarah-Anna Lamand\u00e9 a quitt\u00e9 les petites salles bretonnes de stand-up pour montrer son incroyable talent \u00e0 toute la&hellip;\n","protected":false},"author":2,"featured_media":524364,"comment_status":"","ping_status":"","sticky":false,"template":"","format":"standard","meta":{"footnotes":""},"categories":[2821],"tags":[1111,11,829,3173,872,1777,674,1011,27,848,12,584,25],"class_list":{"0":"post-524363","1":"post","2":"type-post","3":"status-publish","4":"format-standard","5":"has-post-thumbnail","7":"category-rennes","8":"tag-actu","9":"tag-actualites","10":"tag-bretagne","11":"tag-culture-a-rennes","12":"tag-culture-et-loisirs","13":"tag-eu","14":"tag-europe","15":"tag-fr","16":"tag-france","17":"tag-ille-et-vilaine","18":"tag-news","19":"tag-rennes","20":"tag-republique-francaise"},"share_on_mastodon":{"url":"https:\/\/pubeurope.com\/@fr\/115524096907125608","error":""},"_links":{"self":[{"href":"https:\/\/www.europesays.com\/fr\/wp-json\/wp\/v2\/posts\/524363","targetHints":{"allow":["GET"]}}],"collection":[{"href":"https:\/\/www.europesays.com\/fr\/wp-json\/wp\/v2\/posts"}],"about":[{"href":"https:\/\/www.europesays.com\/fr\/wp-json\/wp\/v2\/types\/post"}],"author":[{"embeddable":true,"href":"https:\/\/www.europesays.com\/fr\/wp-json\/wp\/v2\/users\/2"}],"replies":[{"embeddable":true,"href":"https:\/\/www.europesays.com\/fr\/wp-json\/wp\/v2\/comments?post=524363"}],"version-history":[{"count":0,"href":"https:\/\/www.europesays.com\/fr\/wp-json\/wp\/v2\/posts\/524363\/revisions"}],"wp:featuredmedia":[{"embeddable":true,"href":"https:\/\/www.europesays.com\/fr\/wp-json\/wp\/v2\/media\/524364"}],"wp:attachment":[{"href":"https:\/\/www.europesays.com\/fr\/wp-json\/wp\/v2\/media?parent=524363"}],"wp:term":[{"taxonomy":"category","embeddable":true,"href":"https:\/\/www.europesays.com\/fr\/wp-json\/wp\/v2\/categories?post=524363"},{"taxonomy":"post_tag","embeddable":true,"href":"https:\/\/www.europesays.com\/fr\/wp-json\/wp\/v2\/tags?post=524363"}],"curies":[{"name":"wp","href":"https:\/\/api.w.org\/{rel}","templated":true}]}}