{"id":524373,"date":"2025-11-10T07:00:16","date_gmt":"2025-11-10T07:00:16","guid":{"rendered":"https:\/\/www.europesays.com\/fr\/524373\/"},"modified":"2025-11-10T07:00:16","modified_gmt":"2025-11-10T07:00:16","slug":"une-nouvelle-liaison-de-navibus-pour-franchir-la-loire-entre-en-service-mercredi","status":"publish","type":"post","link":"https:\/\/www.europesays.com\/fr\/524373\/","title":{"rendered":"une nouvelle liaison de navibus pour franchir la Loire entre en service mercredi"},"content":{"rendered":"<p>            Par<br \/>\n        <strong><br \/>\n            <a href=\"https:\/\/actu.fr\/auteur\/thomas-bernard\" title=\"Consulter tous les articles de Thomas Bernard\" rel=\"nofollow noopener\" target=\"_blank\">Thomas Bernard<\/a><br \/>\n        <\/strong><\/p>\n<p>        Publi\u00e9 le<\/p>\n<p>            10 nov. 2025 \u00e0 7h00        <\/p>\n<p>Outre les tramways, bus et busways, les habitants de la m\u00e9tropole nantaise peuvent \u00e9galement se d\u00e9placer dans la cit\u00e9 des ducs de Bretagne et franchir la Loire \u00e0 bord du navibus.<\/p>\n<p class=\" wall-content\">\u00c0 partir <b>du mercredi 12\u00a0novembre 2025<\/b>, une liaison fluviale va \u00eatre renforc\u00e9e. La ligne de navette N2,<b> reliant le Hangar \u00e0 Bananes \u00e0 Bas-Chantenay, sera prolong\u00e9e jusqu\u2019\u00e0 Trentemoult<\/b>, \u00e0 <a href=\"https:\/\/actu.fr\/pays-de-la-loire\/reze_44143\" rel=\"nofollow noopener\" target=\"_blank\">Rez\u00e9<\/a>.<\/p>\n<p>Un parking relais \u00e0 Trentemoult<\/p>\n<p class=\" wall-content\">La prolongation de la navette fluviale a \u00e9t\u00e9 rendue possible suite \u00e0 l\u2019installation d\u2019un ponton d\u2019embarquement de 46\u00a0m\u00e8tres de long \u00e0 Trentemoult.<\/p>\n<p class=\" wall-content\">La liaison fluviale Trentemoult-Sabli\u00e8res \/ Bas-Chantenay\/ Hangar \u00e0 Bananes est assur\u00e9e\u2009:<b> de 7h \u00e0 20h en p\u00e9riode hivernale<\/b> (octobre \u00e0 mai)\u2009; de <b>7h \u00e0 minuit p\u00e9riode estivale<\/b> (juin \u00e0 septembre)\u2009; et<b> toutes les 20\u00a0minutes en heures de pointe et toutes les 32\u00a0minutes en heures creuses<\/b>.<\/p>\n<p class=\" wall-content\">Un parking relais (P +\u00a0R) sera reli\u00e9 \u00e0 la nouvelle liaison fluviale. Situ\u00e9 le long de la rue de la Californie, le P +\u00a0R Trentemoult-Sabli\u00e8res sera \u00e9quip\u00e9 de <b>140 places pour les voitures<\/b>, quatre places de stationnement pour v\u00e9los gratuites et d\u2019une station v\u00e9lo (15 v\u00e9los en libre-service).<\/p>\n<p class=\" wall-content\">Personnalisez votre actualit\u00e9 en ajoutant vos villes et m\u00e9dias en favori avec <a href=\"https:\/\/moncompte.actu.fr\" title=\"D\u00e9couvez Mon Actu\" rel=\"nofollow noopener\" data-trk=\"{&quot;cta&quot;:{&quot;action&quot;:&quot;https:\\\/\\\/moncompte.actu.fr&quot;,&quot;category&quot;:&quot;mon compte&quot;,&quot;from&quot;:&quot;article footer&quot;,&quot;name&quot;:&quot;Mon actu&quot;,&quot;type&quot;:&quot;cta&quot;}}\" target=\"_blank\">Mon Actu<\/a>.<\/p>\n","protected":false},"excerpt":{"rendered":"Par Thomas Bernard Publi\u00e9 le 10 nov. 2025 \u00e0 7h00 Outre les tramways, bus et busways, les habitants&hellip;\n","protected":false},"author":2,"featured_media":524374,"comment_status":"","ping_status":"","sticky":false,"template":"","format":"standard","meta":{"footnotes":""},"categories":[2818],"tags":[1111,11,1777,674,1011,27,3367,766,12,2636,25,104,2803],"class_list":{"0":"post-524373","1":"post","2":"type-post","3":"status-publish","4":"format-standard","5":"has-post-thumbnail","7":"category-nantes","8":"tag-actu","9":"tag-actualites","10":"tag-eu","11":"tag-europe","12":"tag-fr","13":"tag-france","14":"tag-loire","15":"tag-nantes","16":"tag-news","17":"tag-pays-de-la-loire","18":"tag-republique-francaise","19":"tag-societe","20":"tag-transport"},"share_on_mastodon":{"url":"https:\/\/pubeurope.com\/@fr\/115524116398178717","error":""},"_links":{"self":[{"href":"https:\/\/www.europesays.com\/fr\/wp-json\/wp\/v2\/posts\/524373","targetHints":{"allow":["GET"]}}],"collection":[{"href":"https:\/\/www.europesays.com\/fr\/wp-json\/wp\/v2\/posts"}],"about":[{"href":"https:\/\/www.europesays.com\/fr\/wp-json\/wp\/v2\/types\/post"}],"author":[{"embeddable":true,"href":"https:\/\/www.europesays.com\/fr\/wp-json\/wp\/v2\/users\/2"}],"replies":[{"embeddable":true,"href":"https:\/\/www.europesays.com\/fr\/wp-json\/wp\/v2\/comments?post=524373"}],"version-history":[{"count":0,"href":"https:\/\/www.europesays.com\/fr\/wp-json\/wp\/v2\/posts\/524373\/revisions"}],"wp:featuredmedia":[{"embeddable":true,"href":"https:\/\/www.europesays.com\/fr\/wp-json\/wp\/v2\/media\/524374"}],"wp:attachment":[{"href":"https:\/\/www.europesays.com\/fr\/wp-json\/wp\/v2\/media?parent=524373"}],"wp:term":[{"taxonomy":"category","embeddable":true,"href":"https:\/\/www.europesays.com\/fr\/wp-json\/wp\/v2\/categories?post=524373"},{"taxonomy":"post_tag","embeddable":true,"href":"https:\/\/www.europesays.com\/fr\/wp-json\/wp\/v2\/tags?post=524373"}],"curies":[{"name":"wp","href":"https:\/\/api.w.org\/{rel}","templated":true}]}}