{"id":52438,"date":"2025-04-25T18:54:10","date_gmt":"2025-04-25T18:54:10","guid":{"rendered":"https:\/\/www.europesays.com\/fr\/52438\/"},"modified":"2025-04-25T18:54:10","modified_gmt":"2025-04-25T18:54:10","slug":"du-mieux-selon-le-conseil-detat-qui-incite-letat-a-ne-pas-reculer-sur-la-zfe","status":"publish","type":"post","link":"https:\/\/www.europesays.com\/fr\/52438\/","title":{"rendered":"du mieux selon le Conseil d&rsquo;Etat, qui incite l&rsquo;Etat \u00e0 ne pas reculer sur la ZFE"},"content":{"rendered":"<p>Pollution de l&rsquo;air \u00e0 Lyon : du mieux selon le Conseil d&rsquo;Etat, qui incite l&rsquo;Etat \u00e0 ne pas reculer sur la ZFE &#8211; LyonMag<\/p>\n<p itemprop=\"description\"><strong>On respire mieux \u00e0 Lyon.<\/strong><\/p>\n<p>Et la France \u00e9galement, puisque gr\u00e2ce aux actions mises en place localement, \u00ab\u00a0plus aucune zone ne d\u00e9passe les seuils de pollution aux particules fines (PM10) et le seuil de pollution au dioxyde d&rsquo;azote (NO2) est quasiment respect\u00e9 \u00e0 Lyon et proche de l&rsquo;\u00eatre \u00e0 Paris\u00a0\u00bb.<\/p>\n<p><a href=\"https:\/\/www.conseil-etat.fr\/actualites\/qualite-de-l-air-le-conseil-d-etat-constate-que-les-mesures-prises-pour-respecter-les-seuils-de-pollution-ont-porte-leurs-fruits\" target=\"_blank\" rel=\"noopener\">C&rsquo;est ce qu&rsquo;annonce le Conseil d&rsquo;Etat ce vendredi dans un communiqu\u00e9<\/a>, confirmant qu&rsquo;il n&rsquo;y aura pas de nouvelle astreinte financi\u00e8re contre l&rsquo;Etat. Ce dernier \u00e9tait attaqu\u00e9 par des associations environnementales comme les Amis de la Terre, r\u00e9clamant une sanction pour ne pas avoir suffisamment lutt\u00e9 contre la pollution de l&rsquo;air.<\/p>\n<p>Pour rappel, l&rsquo;Etat avait \u00e9t\u00e9 condamn\u00e9 en 2021 et 2022 \u00e0 payer trois astreintes de 10 millions d&rsquo;euros par semestre de non-respect de la d\u00e9cision de justice de 2017, l&rsquo;enjoignant \u00e0 mettre en oeuvre des plans pour r\u00e9duire les taux de pollution dans le pays.<\/p>\n<p>\u00ab\u00a0Si les concentrations relev\u00e9es ne permettent pas, par elles-m\u00eames, de regarder la situation comme consolid\u00e9e de fa\u00e7on certaine, l&rsquo;\u00c9tat justifie que les mesures prises permettront d&rsquo;assurer dor\u00e9navant le respect des seuils dans l&rsquo;agglom\u00e9ration lyonnaise\u00a0\u00bb, poursuit le Conseil d&rsquo;Etat ce vendredi.<\/p>\n<p>Les sanctions financi\u00e8res ont beau avoir \u00e9t\u00e9 lev\u00e9es, le Palais-Royal incite les collectivit\u00e9s et l&rsquo;Etat \u00e0 \u00ab\u00a0prolonger la dynamique\u00a0\u00bb. Un message subliminal concernant les Zones \u00e0 faibles \u00e9missions (ZFE), r\u00e9cemment remises en question par <a href=\"https:\/\/www.lyonmag.com\/article\/142912\/zfe-a-lyon-vers-une-suppression-apres-un-vote-a-l-assemblee\" target=\"_blank\" rel=\"noopener\">les d\u00e9put\u00e9s qui ont vot\u00e9 leur suppression en commission<\/a>.<\/p>\n","protected":false},"excerpt":{"rendered":"Pollution de l&rsquo;air \u00e0 Lyon : du mieux selon le Conseil d&rsquo;Etat, qui incite l&rsquo;Etat \u00e0 ne pas&hellip;\n","protected":false},"author":2,"featured_media":52439,"comment_status":"","ping_status":"","sticky":false,"template":"","format":"standard","meta":{"footnotes":""},"categories":[1889],"tags":[1111,11,2813,2190,2430,1109,251,1112,2811,1777,674,118,1011,27,1922,1110,1114,2428,2810,12,241,316,25,2812,517,800],"class_list":{"0":"post-52438","1":"post","2":"type-post","3":"status-publish","4":"format-standard","5":"has-post-thumbnail","7":"category-lyon","8":"tag-actu","9":"tag-actualites","10":"tag-article","11":"tag-asvel","12":"tag-auvergne-rhone-alpes","13":"tag-breves","14":"tag-culture","15":"tag-depeches","16":"tag-economique","17":"tag-eu","18":"tag-europe","19":"tag-faits-divers","20":"tag-fr","21":"tag-france","22":"tag-info","23":"tag-informations","24":"tag-infos","25":"tag-lyon","26":"tag-lyonmag","27":"tag-news","28":"tag-ol","29":"tag-politique","30":"tag-republique-francaise","31":"tag-sociale","32":"tag-sport","33":"tag-transports"},"share_on_mastodon":{"url":"https:\/\/pubeurope.com\/@fr\/114400124159762537","error":""},"_links":{"self":[{"href":"https:\/\/www.europesays.com\/fr\/wp-json\/wp\/v2\/posts\/52438","targetHints":{"allow":["GET"]}}],"collection":[{"href":"https:\/\/www.europesays.com\/fr\/wp-json\/wp\/v2\/posts"}],"about":[{"href":"https:\/\/www.europesays.com\/fr\/wp-json\/wp\/v2\/types\/post"}],"author":[{"embeddable":true,"href":"https:\/\/www.europesays.com\/fr\/wp-json\/wp\/v2\/users\/2"}],"replies":[{"embeddable":true,"href":"https:\/\/www.europesays.com\/fr\/wp-json\/wp\/v2\/comments?post=52438"}],"version-history":[{"count":0,"href":"https:\/\/www.europesays.com\/fr\/wp-json\/wp\/v2\/posts\/52438\/revisions"}],"wp:featuredmedia":[{"embeddable":true,"href":"https:\/\/www.europesays.com\/fr\/wp-json\/wp\/v2\/media\/52439"}],"wp:attachment":[{"href":"https:\/\/www.europesays.com\/fr\/wp-json\/wp\/v2\/media?parent=52438"}],"wp:term":[{"taxonomy":"category","embeddable":true,"href":"https:\/\/www.europesays.com\/fr\/wp-json\/wp\/v2\/categories?post=52438"},{"taxonomy":"post_tag","embeddable":true,"href":"https:\/\/www.europesays.com\/fr\/wp-json\/wp\/v2\/tags?post=52438"}],"curies":[{"name":"wp","href":"https:\/\/api.w.org\/{rel}","templated":true}]}}