{"id":524381,"date":"2025-11-10T07:04:13","date_gmt":"2025-11-10T07:04:13","guid":{"rendered":"https:\/\/www.europesays.com\/fr\/524381\/"},"modified":"2025-11-10T07:04:13","modified_gmt":"2025-11-10T07:04:13","slug":"la-destruction-de-ces-chalets-au-bord-dun-canal-de-toulouse-augure-de-grandes-transformations","status":"publish","type":"post","link":"https:\/\/www.europesays.com\/fr\/524381\/","title":{"rendered":"La destruction de ces chalets au bord d&rsquo;un canal de Toulouse augure de grandes transformations"},"content":{"rendered":"<p>            Par<br \/>\n        <strong><br \/>\n            <a href=\"https:\/\/actu.fr\/auteur\/lucie-2\" title=\"Consulter tous les articles de Lucie Fraisse\" target=\"_blank\" rel=\"noopener\">Lucie Fraisse<\/a><br \/>\n        <\/strong><\/p>\n<p>        Publi\u00e9 le<\/p>\n<p>            10 nov. 2025 \u00e0 7h12        <\/p>\n<p>Ce sont des <strong>chalets abandonn\u00e9s<\/strong> depuis de longs mois dont la destruction a d\u00e9but\u00e9 il y a peu. Autour du chantier de d\u00e9molition, des rubalises barr\u00e9es de rouge et blanc indiquent <strong>\u00ab\u2009danger amiante\u2009\u00bb.<\/strong> Alors que les engins s\u2019activent, on remarque des bouts de bric et de broc de ces anciens b\u00e2timents abondamment tagu\u00e9s. La destruction de ces chalets situ\u00e9s \u00e0 proximit\u00e9 imm\u00e9diate du <strong>bassin des Filtres<\/strong>, \u00e0 <strong><a href=\"https:\/\/actu.fr\/toulouse\/dernieres-actus\" target=\"_blank\" rel=\"noopener\">Toulouse<\/a><\/strong>, n\u2019a rien d\u2019anodin\u2009: elle augure en effet d\u2019importants changements dans le<strong> quartier des Amidonniers<\/strong>.<\/p>\n<p>Espace naturel entour\u00e9 de grands arbres<br \/>\n    <img   decoding=\"async\" loading=\"lazy\" src=\"https:\/\/www.europesays.com\/fr\/wp-content\/uploads\/2025\/11\/destruction-chalets-2-toulouse-amidonniers-lf-960x640.jpg\" alt=\"Les b\u00e2tiuments d\u00e9truits datent du lendemain de la seconde Guerre mondiale.\" width=\"960\" height=\"640\"\/><br \/>\n    Les b\u00e2timents d\u00e9truits datent du lendemain de la Seconde Guerre mondiale. (\u00a9L.F.\/actu Toulouse)<\/p>\n<p class=\" wall-content\">Le bassin des Filtres, c\u2019est une \u00e9tendue d\u2019eau situ\u00e9e <strong>entre la rue des Amidonniers et l\u2019all\u00e9e de Brienne<\/strong>. Un espace naturel entour\u00e9 de grands arbres, lieu de promenade des riverains.<\/p>\n<p class=\" wall-content\">\u00c0 c\u00f4t\u00e9 de ce bassin des Filtres, Voies navigables de France est propri\u00e9taire d\u2019un b\u00e2timent technique et de plusieurs chalets. Des chalets qui ont \u00e9t\u00e9 install\u00e9s au lendemain de la Seconde Guerre mondiale, comme logements destin\u00e9s aux agents de VNF.<\/p>\n<p>Neuf chalets d\u00e9j\u00e0 d\u00e9truits<\/p>\n<p class=\" wall-content\">Des b\u00e2timents aujourd\u2019hui vieillissants, abandonn\u00e9s, qui ont parfois \u00e9t\u00e9 squatt\u00e9s, dont la destruction a \u00e9t\u00e9 d\u00e9cid\u00e9e par VNF.<\/p>\n<p class=\" wall-content\">\u00ab\u00a0Neuf b\u00e2timents ont d\u00e9j\u00e0 \u00e9t\u00e9 d\u00e9molis\u00a0\u00bb, indique ainsi Nolwenn Daniel pour VNF. \u00ab\u00a0Quatre doivent \u00eatre d\u00e9truits cette ann\u00e9e. Il en restera trois, certains sont encore occup\u00e9s par des agents\u00a0\u00bb.<\/p>\n<p class=\" wall-content\">L\u2019id\u00e9e, une fois l\u2019ensemble des b\u00e2timents d\u00e9truits, est de <strong>vendre les terrains \u00e0 des promoteurs<\/strong> pour un projet de r\u00e9am\u00e9nagement.<\/p>\n<p>    <img   decoding=\"async\" loading=\"lazy\" src=\"https:\/\/www.europesays.com\/fr\/wp-content\/uploads\/2025\/11\/destruction-chalets-amidonniers-3-toulouse-lf-960x640.jpg\" alt=\"Quatre chalets doivent \u00eatre d\u00e9truits, il en restera alors trois.\" width=\"960\" height=\"640\"\/><br \/>\n    Quatre chalets doivent \u00eatre d\u00e9truits, il en restera alors trois. (\u00a9L.F.\/Actu Toulouse)<\/p>\n<p>Votre r\u00e9gion, votre actu !<\/p>\n<p>Recevez chaque jour les infos qui comptent pour vous.<\/p>\n<p>\t<a href=\"https:\/\/actu.fr\/newsletter\" class=\"ac-btn ac-btn--corner ac-btn--medium ac-btn--blue800\" target=\"_blank\" rel=\"noopener\">S&rsquo;incrire<\/a><br \/>\nPas de calendrier d\u00e9fini, un projet \u00e0 imaginer<\/p>\n<p class=\" wall-content\">\u00ab\u00a0Attention, tout n\u2019est pas constructible, notamment \u00e0 proximit\u00e9 imm\u00e9diate du bassin des Filtres\u00a0\u00bb, pr\u00e9vient Nolwenn Daniel. \u00ab\u00a0Selon nos estimations, on pourrait construire environ<strong> 2\u2009000 m\u00b2 de logements et bureaux\u00a0\u00bb<\/strong>.<\/p>\n<p class=\" wall-content\">Un projet \u00e0 la temporalit\u00e9 longue\u2009: VNF n\u2019a, \u00e0 ce stade, pas d\u00e9cid\u00e9 de l\u2019avenir pr\u00e9cis du site et explique n\u2019avoir pas de calendrier sur les travaux. Une certitude cependant\u2009: le <strong>devenir du site doit \u00eatre discut\u00e9 avec les riverains du quartier et Toulouse M\u00e9tropole<\/strong>.<\/p>\n<p class=\" wall-content\">Cet espace doit en effet aussi rester un lieu de promenade, \u00e0 valoriser par des am\u00e9nagements. La MJC des Amidonniers situ\u00e9e \u00e0 proximit\u00e9, dans des b\u00e2timents plut\u00f4t vieillissants, pourrait aussi prendre place dans de nouveaux b\u00e2timents construits sur le site lib\u00e9r\u00e9 par la destruction des chalets.<\/p>\n<p>Un restaurant dans la maison du barragiste<\/p>\n<p class=\" wall-content\">\u00c0 noter, l\u2019am\u00e9nagement des alentours des b\u00e2timents de VNF au bassin des Filtres a en fait d\u00e9but\u00e9 il y a quelques ann\u00e9es. Depuis 2021,<a href=\"https:\/\/actu.fr\/occitanie\/toulouse_31555\/parc-arbore-produits-locaux-une-guinguette-a-l-esprit-campagne-debarque-en-plein-coeur-de-toulouse_43948924.html\" target=\"_blank\" rel=\"noopener\"> la maison du barragiste a \u00e9t\u00e9 conserv\u00e9e et transform\u00e9e en restaurant<\/a>.<strong> Le Gros arbre<\/strong> est devenu depuis un lieu de sociabilit\u00e9 important pour les quartiers des Amidonniers et des Sept Deniers.<\/p>\n<p class=\" wall-content\">La maison \u00e9clusi\u00e8re de l\u2019horloge, face au bassin de l\u2019Embouchure, sera, elle aussi, conserv\u00e9e.<\/p>\n<p>L\u2019un des \u00ab\u2009bijoux du collier canal\u2009\u00bb<\/p>\n<p class=\" wall-content\">Plus globalement, VNF tient \u00e0 ce que le programme s\u2019int\u00e8gre dans<strong> le projet de Grand parc Canal<\/strong> port\u00e9 par la M\u00e9tropole toulousaine. Un projet qui vise \u00e0 mettre en valeur les canaux qui traversent le territoire.<\/p>\n<p class=\" wall-content\">\u00ab\u00a0VNF s\u2019est engag\u00e9 avec Toulouse m\u00e9tropole sur une r\u00e9flexion sur l\u2019avenir des trois sites\u2009: celui des Amidonniers donc, mais aussi au niveau de <strong>l\u2019\u00e9cluse Saint-Pierre et de la cale de Radoub\u00a0\u00bb<\/strong>, d\u00e9taille Nolwenn Daniel. \u00ab\u00a0On peut dire que ce sont les trois bijoux du collier que forme le canal sur le territoire\u00a0\u00bb.<\/p>\n<p class=\" wall-content\">Les travaux de l\u2019un de ces \u00ab\u00a0bijoux\u00a0\u00bb sont en passe de se terminer : les am\u00e9nagements le long du canal de Brienne au niveau de la Toulouse school of economics (TSE) doivent \u00eatre livr\u00e9s d\u2019ici la fin de l\u2019ann\u00e9e.<\/p>\n<p class=\" wall-content\">Personnalisez votre actualit\u00e9 en ajoutant vos villes et m\u00e9dias en favori avec <a href=\"https:\/\/moncompte.actu.fr\" title=\"D\u00e9couvez Mon Actu\" rel=\"nofollow noopener\" data-trk=\"{&quot;cta&quot;:{&quot;action&quot;:&quot;https:\\\/\\\/moncompte.actu.fr&quot;,&quot;category&quot;:&quot;mon compte&quot;,&quot;from&quot;:&quot;article footer&quot;,&quot;name&quot;:&quot;Mon actu&quot;,&quot;type&quot;:&quot;cta&quot;}}\" target=\"_blank\">Mon Actu<\/a>.<\/p>\n","protected":false},"excerpt":{"rendered":"Par Lucie Fraisse Publi\u00e9 le 10 nov. 2025 \u00e0 7h12 Ce sont des chalets abandonn\u00e9s depuis de longs&hellip;\n","protected":false},"author":2,"featured_media":524382,"comment_status":"","ping_status":"","sticky":false,"template":"","format":"standard","meta":{"footnotes":""},"categories":[2816],"tags":[1111,11,4861,1777,674,1011,27,12,2680,25,104,2312],"class_list":{"0":"post-524381","1":"post","2":"type-post","3":"status-publish","4":"format-standard","5":"has-post-thumbnail","7":"category-toulouse","8":"tag-actu","9":"tag-actualites","10":"tag-canal-du-midi","11":"tag-eu","12":"tag-europe","13":"tag-fr","14":"tag-france","15":"tag-news","16":"tag-occitanie","17":"tag-republique-francaise","18":"tag-societe","19":"tag-toulouse"},"share_on_mastodon":{"url":"https:\/\/pubeurope.com\/@fr\/115524132286994740","error":""},"_links":{"self":[{"href":"https:\/\/www.europesays.com\/fr\/wp-json\/wp\/v2\/posts\/524381","targetHints":{"allow":["GET"]}}],"collection":[{"href":"https:\/\/www.europesays.com\/fr\/wp-json\/wp\/v2\/posts"}],"about":[{"href":"https:\/\/www.europesays.com\/fr\/wp-json\/wp\/v2\/types\/post"}],"author":[{"embeddable":true,"href":"https:\/\/www.europesays.com\/fr\/wp-json\/wp\/v2\/users\/2"}],"replies":[{"embeddable":true,"href":"https:\/\/www.europesays.com\/fr\/wp-json\/wp\/v2\/comments?post=524381"}],"version-history":[{"count":0,"href":"https:\/\/www.europesays.com\/fr\/wp-json\/wp\/v2\/posts\/524381\/revisions"}],"wp:featuredmedia":[{"embeddable":true,"href":"https:\/\/www.europesays.com\/fr\/wp-json\/wp\/v2\/media\/524382"}],"wp:attachment":[{"href":"https:\/\/www.europesays.com\/fr\/wp-json\/wp\/v2\/media?parent=524381"}],"wp:term":[{"taxonomy":"category","embeddable":true,"href":"https:\/\/www.europesays.com\/fr\/wp-json\/wp\/v2\/categories?post=524381"},{"taxonomy":"post_tag","embeddable":true,"href":"https:\/\/www.europesays.com\/fr\/wp-json\/wp\/v2\/tags?post=524381"}],"curies":[{"name":"wp","href":"https:\/\/api.w.org\/{rel}","templated":true}]}}