{"id":524385,"date":"2025-11-10T07:06:31","date_gmt":"2025-11-10T07:06:31","guid":{"rendered":"https:\/\/www.europesays.com\/fr\/524385\/"},"modified":"2025-11-10T07:06:31","modified_gmt":"2025-11-10T07:06:31","slug":"pour-son-premier-meeting-solo-linsoumis-david-guiraud-simprovise-poete-a-roubaix","status":"publish","type":"post","link":"https:\/\/www.europesays.com\/fr\/524385\/","title":{"rendered":"Pour son premier meeting solo, l\u2019insoumis David Guiraud s\u2019improvise po\u00e8te \u00e0 Roubaix"},"content":{"rendered":"<p>Il est en tourn\u00e9e pour sa campagne depuis un an d\u00e9j\u00e0. David Guiraud s\u2019est lanc\u00e9 tr\u00e8s t\u00f4t dans la course pour la mairie, avec de grandes ambitions. Celui qui avait \u00e9t\u00e9 r\u00e9\u00e9lu dans un fauteuil apr\u00e8s la dissolution de l\u2019Assembl\u00e9e nationale avec 76,7% des voix comptait bien surfer sur la vague avec sa liste \u201cFiers de Roubaix\u201d, provoquant l\u2019ire d\u2019une grande partie de la gauche qui voyait d\u2019un mauvais \u0153il sa candidature lanc\u00e9e en ind\u00e9pendant.<\/p>\n<p>Depuis, il a multipli\u00e9 les rencontres et les moments d\u2019\u00e9change dans une ville qui l\u2019a adopt\u00e9, lui, qui \u00e0 32 ans est n\u00e9 \u00e0 Paris dans une famille d\u00e9j\u00e0 tr\u00e8s engag\u00e9e en politique \u2013 son p\u00e8re est lui\u2010m\u00eame \u00e9lu socialiste \u2013 et qui a grandi en Seine\u2010Saint\u2010Denis. Pour ce premier meeting, David Guiraud a soign\u00e9 le style, osant les vers, usant du slam pendant pr\u00e8s d\u2019une heure trente, avant de prendre un bain de foule et d\u2019encha\u00eener les selfies. Mediacit\u00e9s a donc choisi de rendre compte de cette rencontre en musique.<br \/>La\u00a0salle<br \/>Pour son r\u00e9cital, David Guiraud a vu les choses en grand. Il a choisi de d\u00e9rouler ses couplets dans la salle municipale Henri Watremez. Cet ancien hospice situ\u00e9 \u00e0 deux pas de la Grand Place (et de la mairie, face \u00e0 laquelle le d\u00e9put\u00e9 a inaugur\u00e9 son QG de campagne il y a quelques semaines) accueille de nombreux grands \u00e9v\u00e9nements festifs et culturels. Le nom du lieu n\u2019est pas anecdotique. Comme David Guiraud l\u2019a tr\u00e8s vite soulign\u00e9, \u00ab\u202fRoubaix est, au XIXe si\u00e8cle, la premi\u00e8re grande ville \u00e0 devenir socialiste\u202f\u00bb. Engag\u00e9 au <a href=\"https:\/\/www.lavoixdunord.fr\/841800\/article\/2020-07-20\/la-question-pas-si-bete-qui-est-ce-henri-watremez-qui-donne-son-nom-une-salle\" target=\"_blank\" rel=\"noopener\">Parti ouvrier fran\u00e7ais, r\u00e9volutionnaire et marxiste<\/a>, Henri Watremez, habitant du Pile, a ensuite adh\u00e9r\u00e9 \u00e0 la SFIO (ex\u2010PS). Il a \u00e9t\u00e9, entre 1902 et 1934, un \u00e9lu important de la capitale du textile. LFI avait d\u00e9j\u00e0 organis\u00e9 un meeting dans cette salle en avril dernier, pour aborder <a href=\"https:\/\/www.lavoixdunord.fr\/1579829\/article\/2025-04-26\/pour-david-guiraud-depute-en-meeting-salle-watremez-l-heure-de-la-revanche\" target=\"_blank\" rel=\"noopener\">l\u2019id\u00e9e d\u2019une sixi\u00e8me R\u00e9publique<\/a> avec David Guiraud et les d\u00e9put\u00e9s Mathilde Panot et Pierre\u2010Yves Cadalen.&amp;nbsp \u2026<\/p>\n<p>Nous vous offrons l\u2019acc\u00e8s \u00e0 cet article<\/p>\n<p>Et \u00e0 toutes nos enqu\u00eates pendant deux jours\u00a0\u00a0! <br \/>Oui, on est g\u00e9n\u00e9reux \ud83d\ude09 Mais pensez aussi \u00e0 <a href=\"https:\/\/www.mediacites.fr\/sabonner\/\" target=\"_blank\" style=\"color:#fff\" rel=\"noopener\">vous abonner<\/a>\u00a0\u00a0!<\/p>\n<p>\t\tEn renseignant votre adresse, vous acceptez nos <a href=\"https:\/\/www.mediacites.fr\/conditions-generales-d-utilisation\/\" target=\"_blank\" rel=\"noopener\">conditions g\u00e9n\u00e9rales d\u2019utilisation<\/a>. <br \/>Mediacit\u00e9s s\u2019engage \u00e0 ne pas c\u00e9der votre adresse \u00e0 des tiers. En cas d\u2019\u00e9chec, \u00e9crivez \u00e0 <a href=\"https:\/\/www.mediacites.fr\/reportage\/lille\/2025\/11\/08\/pour-son-premier-meeting-solo-linsoumis-david-guiraud-simprovise-poete-a-roubaix\/mailto:contact@mediacites.fr\" target=\"_blank\" rel=\"noopener\">contact@mediacites.fr<\/a><\/p>\n<ul>\n<li>J\u2019acc\u00e8de aux 4 \u00e9ditions de Mediacit\u00e9s (Lille, Lyon, Nantes et Toulouse)<\/li>\n<li>Je d\u00e9couvre un m\u00e9dia 100 % ind\u00e9pendant, avec 0 % de publicit\u00e9<\/li>\n<\/ul>\n<p>Envie de lire la\u00a0suite\u202f?<\/p>\n<p>Depuis neuf ans, Mediacit\u00e9s enqu\u00eate en toute ind\u00e9pendance dans votre ville. Gr\u00e2ce \u00e0 ses lecteurs\u202f! Abonnez\u2010vous pour ne rien manquer de nos enqu\u00eates, suivre les \u00e9lections municipales et soutenir un journal local d\u2019investigation.<\/p>\n<ul>\n<li>Acc\u00e8s aux 4 \u00e9ditions de Mediacit\u00e9s (Lille, Lyon, Nantes et Toulouse)<\/li>\n<li>100 % ind\u00e9pendant, avec 0 % de publicit\u00e9<\/li>\n<li>R\u00e9siliation facile \u00e0 tout moment<\/li>\n<\/ul>\n<p>Mediacit\u00e9s offre l\u2019acc\u00e8s \u00e0 cet article aux lecteurs de News2Com<\/p>\n<p>Et \u00e0 toutes nos enqu\u00eates pendant deux jours\u00a0\u00a0! <br \/>Oui, on est g\u00e9n\u00e9reux \ud83d\ude09 Mais pensez aussi \u00e0 <a href=\"https:\/\/www.mediacites.fr\/sabonner\/\" target=\"_blank\" style=\"color:#fff\" rel=\"noopener\">vous abonner<\/a>\u00a0\u00a0!<\/p>\n<p>\t\tEn renseignant votre adresse, vous acceptez nos <a href=\"https:\/\/www.mediacites.fr\/conditions-generales-d-utilisation\/\" target=\"_blank\" rel=\"noopener\">conditions g\u00e9n\u00e9rales d\u2019utilisation<\/a>. <br \/>Mediacit\u00e9s s\u2019engage \u00e0 ne pas c\u00e9der votre adresse \u00e0 des tiers. En cas d\u2019\u00e9chec, \u00e9crivez \u00e0 <a href=\"https:\/\/www.mediacites.fr\/reportage\/lille\/2025\/11\/08\/pour-son-premier-meeting-solo-linsoumis-david-guiraud-simprovise-poete-a-roubaix\/mailto:contact@mediacites.fr\" target=\"_blank\" rel=\"noopener\">contact@mediacites.fr<\/a><\/p>\n<ul>\n<li>J\u2019acc\u00e8de aux 4 \u00e9ditions de Mediacit\u00e9s (Lille, Lyon, Nantes et Toulouse)<\/li>\n<li>Je d\u00e9couvre un m\u00e9dia 100 % ind\u00e9pendant, avec 0 % de publicit\u00e9<\/li>\n<\/ul>\n","protected":false},"excerpt":{"rendered":"Il est en tourn\u00e9e pour sa campagne depuis un an d\u00e9j\u00e0. David Guiraud s\u2019est lanc\u00e9 tr\u00e8s t\u00f4t dans&hellip;\n","protected":false},"author":2,"featured_media":524386,"comment_status":"","ping_status":"","sticky":false,"template":"","format":"standard","meta":{"footnotes":""},"categories":[2815],"tags":[1111,11,64459,1777,674,1011,27,811,1307,3918,3554,49775,12,2687,25,7940],"class_list":{"0":"post-524385","1":"post","2":"type-post","3":"status-publish","4":"format-standard","5":"has-post-thumbnail","7":"category-lille","8":"tag-actu","9":"tag-actualites","10":"tag-david-guiraud","11":"tag-eu","12":"tag-europe","13":"tag-fr","14":"tag-france","15":"tag-hauts-de-france","16":"tag-lille","17":"tag-meeting","18":"tag-municipales","19":"tag-municipales2026","20":"tag-news","21":"tag-reportage","22":"tag-republique-francaise","23":"tag-roubaix"},"share_on_mastodon":{"url":"https:\/\/pubeurope.com\/@fr\/115524140031216568","error":""},"_links":{"self":[{"href":"https:\/\/www.europesays.com\/fr\/wp-json\/wp\/v2\/posts\/524385","targetHints":{"allow":["GET"]}}],"collection":[{"href":"https:\/\/www.europesays.com\/fr\/wp-json\/wp\/v2\/posts"}],"about":[{"href":"https:\/\/www.europesays.com\/fr\/wp-json\/wp\/v2\/types\/post"}],"author":[{"embeddable":true,"href":"https:\/\/www.europesays.com\/fr\/wp-json\/wp\/v2\/users\/2"}],"replies":[{"embeddable":true,"href":"https:\/\/www.europesays.com\/fr\/wp-json\/wp\/v2\/comments?post=524385"}],"version-history":[{"count":0,"href":"https:\/\/www.europesays.com\/fr\/wp-json\/wp\/v2\/posts\/524385\/revisions"}],"wp:featuredmedia":[{"embeddable":true,"href":"https:\/\/www.europesays.com\/fr\/wp-json\/wp\/v2\/media\/524386"}],"wp:attachment":[{"href":"https:\/\/www.europesays.com\/fr\/wp-json\/wp\/v2\/media?parent=524385"}],"wp:term":[{"taxonomy":"category","embeddable":true,"href":"https:\/\/www.europesays.com\/fr\/wp-json\/wp\/v2\/categories?post=524385"},{"taxonomy":"post_tag","embeddable":true,"href":"https:\/\/www.europesays.com\/fr\/wp-json\/wp\/v2\/tags?post=524385"}],"curies":[{"name":"wp","href":"https:\/\/api.w.org\/{rel}","templated":true}]}}