{"id":524391,"date":"2025-11-10T07:09:11","date_gmt":"2025-11-10T07:09:11","guid":{"rendered":"https:\/\/www.europesays.com\/fr\/524391\/"},"modified":"2025-11-10T07:09:11","modified_gmt":"2025-11-10T07:09:11","slug":"marseille-sous-un-autre-jour","status":"publish","type":"post","link":"https:\/\/www.europesays.com\/fr\/524391\/","title":{"rendered":"Marseille sous un autre jour"},"content":{"rendered":"<p>Hier matin, Marseille s&rsquo;est r\u00e9veill\u00e9e avec dans ses rues 5\u00a0000 runners, qui se sont lev\u00e9s aux aurores, pouss\u00e9s par l&rsquo;envie de d\u00e9couvrir leur ville autrement. Entre amis, en famille ou seul, l&rsquo;objectif restait le m\u00eame\u00a0: franchir la ligne d&rsquo;arriv\u00e9e. Et peu importe le chrono. Parce qu&rsquo;il ne s&rsquo;agissait pas de viser la performance. L&rsquo;id\u00e9e, c&rsquo;\u00e9tait plut\u00f4t de <a href=\"https:\/\/www.laprovence.com\/article\/sports\/2236036927868314\/trail-urbain-marseille-outdoor-experience-les-restrictions-de-stationnement-et-de-circulation\" target=\"_blank\" rel=\"noopener\">voir Marseille sous un autre angle<\/a>. <a href=\"https:\/\/www.laprovence.com\/article\/faits-divers-justice\/52943313303187\/les-marins-pompiers-et-la-police-ont-investi-la-plage-du-prophete-a-marseille\" target=\"_blank\" rel=\"noopener\">Du Proph\u00e8te <\/a>au<a href=\"https:\/\/www.laprovence.com\/article\/region\/1307183801013815\/au-vallon-des-auffes-a-marseille-le-restaurant-l-epuisette-a-baisse-le-rideau\" target=\"_blank\" rel=\"noopener\"> Vallon des Auffes<\/a>, en passant par <a href=\"https:\/\/www.laprovence.com\/article\/region\/1788147781631914\/la-couronne-de-notre-dame-de-la-garde-restauree-deposee-en-helicoptere\" target=\"_blank\" rel=\"noopener\">Notre-Dame<\/a> et le Vieux-Port, c&rsquo;est en courant qu&rsquo;on d\u00e9couvre une autre facette de la cit\u00e9 phoc\u00e9enne. Ses ruelles, ses mont\u00e9es qui piquent les mollets, ses panoramas qui coupent le souffle &#8211; et pas seulement \u00e0 cause de l&rsquo;effort. Toutes g\u00e9n\u00e9rations confondues, de tous niveaux, il y en avait pour tous les go\u00fbts : 5, 12 ou 21 kilom\u00e8tres. Aucune excuse pour ne pas se lancer le d\u00e9fi. Et parmi ces 5 000 coureurs, il y avait \u00c9lo\u00efse et Pascal, son papa. \u00c9lo\u00efse est \u00e9tudiante \u00e0 Marseille depuis un an maintenant. Pascal, lui, est descendu de Paris pour le week-end. Il a organis\u00e9 ce moment p\u00e8re-fille pour avoir un aper\u00e7u de la nouvelle vie et du nouvel environnement de sa fille. Et quoi de mieux que de d\u00e9couvrir Marseille en baskets ? Passionn\u00e9 de course et habitu\u00e9 des trails longue dur\u00e9e, il a motiv\u00e9 sa fille \u00e0 l&rsquo;accompagner dans sa passion et l&rsquo;a encourag\u00e9e \u00e0 se surpasser.<\/p>\n<p>\u00ab\u00a0Ma derni\u00e8re course remonte \u00e0 il y a 10\u00a0ans\u00a0\u00bb<\/p>\n<p>Elle n&rsquo;a jamais couru autant que son p\u00e8re, mais elle a toujours aim\u00e9 \u00e7a. \u00ab\u00a0Ma derni\u00e8re course remonte \u00e0 il y a 10\u00a0ans et c&rsquo;\u00e9tait pour 2\u00a0km, la Foul\u00e9e de Vincennes\u00a0!\u00a0\u00bb confie-t-elle. Dix ans plus tard, c&rsquo;est dix kilom\u00e8tres de plus qu&rsquo;elle court. Cette course a fini par la r\u00e9concilier avec la discipline. Aujourd&rsquo;hui, elle red\u00e9couvre ce plaisir et ce sentiment de fiert\u00e9 que l&rsquo;on ressent \u00e0 l&rsquo;arriv\u00e9e. \u00ab\u00a0Je suis arriv\u00e9e plus t\u00f4t que ce qu&rsquo;on avait pr\u00e9dit.\u00a0\u00bb<\/p>\n<p>Peut-\u00eatre gr\u00e2ce \u00e0 son p\u00e8re qui ne l&rsquo;a pas l\u00e2ch\u00e9e d&rsquo;une semelle. Peut-\u00eatre gr\u00e2ce \u00e0 ces paysages qui font oublier qu&rsquo;on a mal aux jambes. \u00ab\u00a0Le parcours est beau\u00a0\u00bb, disent les Marseillais, fiers de leur ville. Parce que c&rsquo;est aussi \u00e7a qui fait la force de cet \u00e9v\u00e9nement\u00a0: il permet de red\u00e9couvrir Marseille. De la voir vibrer diff\u00e9remment. Remplie de runners, elle est devenue un terrain de jeu g\u00e9ant o\u00f9 250 b\u00e9n\u00e9voles encouragent, hydratent, applaudissent. O\u00f9 une centaine d&rsquo;inconnus vous encouragent. O\u00f9 l&rsquo;on croise tous les profils, tous les \u00e2ges et toutes les motivations. Des larmes \u00e0 l&rsquo;arriv\u00e9e. Des bras qui enlacent. Un sentiment de fiert\u00e9 dans la poitrine. \u00ab\u00a0Juste finir, c&rsquo;est vraiment le principal\u00a0\u00bb, souffle \u00c9lo\u00efse, \u00e9puis\u00e9e mais le sourire aux l\u00e8vres.<\/p>\n","protected":false},"excerpt":{"rendered":"Hier matin, Marseille s&rsquo;est r\u00e9veill\u00e9e avec dans ses rues 5\u00a0000 runners, qui se sont lev\u00e9s aux aurores, pouss\u00e9s&hellip;\n","protected":false},"author":2,"featured_media":524392,"comment_status":"","ping_status":"","sticky":false,"template":"","format":"standard","meta":{"footnotes":""},"categories":[2814],"tags":[17,1111,11,12208,1777,674,6383,1011,27,4432,884,12,29337,882,25,3107,60],"class_list":{"0":"post-524391","1":"post","2":"type-post","3":"status-publish","4":"format-standard","5":"has-post-thumbnail","7":"category-marseille","8":"tag-17","9":"tag-actu","10":"tag-actualites","11":"tag-autre","12":"tag-eu","13":"tag-europe","14":"tag-experience","15":"tag-fr","16":"tag-france","17":"tag-jour","18":"tag-marseille","19":"tag-news","20":"tag-outdoor","21":"tag-provence-alpes-cote-dazur","22":"tag-republique-francaise","23":"tag-sous","24":"tag-sports"},"share_on_mastodon":{"url":"https:\/\/pubeurope.com\/@fr\/115524151765717662","error":""},"_links":{"self":[{"href":"https:\/\/www.europesays.com\/fr\/wp-json\/wp\/v2\/posts\/524391","targetHints":{"allow":["GET"]}}],"collection":[{"href":"https:\/\/www.europesays.com\/fr\/wp-json\/wp\/v2\/posts"}],"about":[{"href":"https:\/\/www.europesays.com\/fr\/wp-json\/wp\/v2\/types\/post"}],"author":[{"embeddable":true,"href":"https:\/\/www.europesays.com\/fr\/wp-json\/wp\/v2\/users\/2"}],"replies":[{"embeddable":true,"href":"https:\/\/www.europesays.com\/fr\/wp-json\/wp\/v2\/comments?post=524391"}],"version-history":[{"count":0,"href":"https:\/\/www.europesays.com\/fr\/wp-json\/wp\/v2\/posts\/524391\/revisions"}],"wp:featuredmedia":[{"embeddable":true,"href":"https:\/\/www.europesays.com\/fr\/wp-json\/wp\/v2\/media\/524392"}],"wp:attachment":[{"href":"https:\/\/www.europesays.com\/fr\/wp-json\/wp\/v2\/media?parent=524391"}],"wp:term":[{"taxonomy":"category","embeddable":true,"href":"https:\/\/www.europesays.com\/fr\/wp-json\/wp\/v2\/categories?post=524391"},{"taxonomy":"post_tag","embeddable":true,"href":"https:\/\/www.europesays.com\/fr\/wp-json\/wp\/v2\/tags?post=524391"}],"curies":[{"name":"wp","href":"https:\/\/api.w.org\/{rel}","templated":true}]}}