{"id":524411,"date":"2025-11-10T07:21:28","date_gmt":"2025-11-10T07:21:28","guid":{"rendered":"https:\/\/www.europesays.com\/fr\/524411\/"},"modified":"2025-11-10T07:21:28","modified_gmt":"2025-11-10T07:21:28","slug":"le-royaume-uni-en-passe-de-realiser-une-vaste-reforme-inspiree-du-modele-danois","status":"publish","type":"post","link":"https:\/\/www.europesays.com\/fr\/524411\/","title":{"rendered":"le Royaume-Uni en passe de r\u00e9aliser une vaste r\u00e9forme inspir\u00e9e du mod\u00e8le danois"},"content":{"rendered":"<p>Accul\u00e9 par l\u2019opposition et la soci\u00e9t\u00e9 civile qui d\u00e9noncent son incapacit\u00e9 \u00e0 ma\u00eetriser les flux migratoires, le gouvernement britannique semble d\u00e9cid\u00e9 \u00e0 passer \u00e0 l\u2019action. Shabana Mahmood, ministre de l\u2019Int\u00e9rieur du <a href=\"https:\/\/www.lejdd.fr\/International\/royaume-uni-la-liberation-par-erreur-de-detenus-etrangers-suscite-lindignation-163741\" target=\"_blank\" rel=\"nofollow noopener\">Royaume-Uni<\/a>, devrait pr\u00e9senter dans le courant du mois une refonte en profondeur du syst\u00e8me d\u2019immigration et d\u2019asile, selon les informations de la <a href=\"https:\/\/www.bbc.com\/news\/articles\/cm2lknr2d3go\" target=\"_blank\" rel=\"nofollow noopener\">BBC<\/a>. Inspir\u00e9e du mod\u00e8le danois, r\u00e9put\u00e9 pour sa fermet\u00e9, cette r\u00e9forme vise \u00e0 r\u00e9duire les facteurs attractifs du pays, notamment en simplifiant les proc\u00e9dures d\u2019expulsion des personnes en situation irr\u00e9guli\u00e8re.<\/p>\n<p>Apr\u00e8s avoir promis, en septembre dernier, de \u00ab\u00a0faire tout ce qu\u2019il faut\u00a0\u00bb pour reprendre le contr\u00f4le des fronti\u00e8res, Shabana Mahmood s\u2019est pench\u00e9e sur le mod\u00e8le danois. Elle aurait m\u00eame envoy\u00e9 le mois dernier de hauts responsables du minist\u00e8re de l\u2019Int\u00e9rieur \u00e0 Copenhague afin d\u2019examiner les mesures susceptibles d\u2019\u00eatre transpos\u00e9es au Royaume-Uni.<\/p>\n<p>    La suite apr\u00e8s cette publicit\u00e9<\/p>\n<p>Le mod\u00e8le en question<\/p>\n<p>Le mod\u00e8le danois repose sur plusieurs principes. Tout d\u2019abord, la majorit\u00e9 des personnes ayant obtenu l\u2019asile apr\u00e8s avoir fui des conflits ne se voient accorder qu\u2019un s\u00e9jour temporaire. Elles ne pourront rentrer d\u00e9finitivement dans le pays que lorsque le gouvernement danois jugera leur pays d\u2019origine suffisamment s\u00fbr. Pour les r\u00e9sidents de plus longue dur\u00e9e, le temps requis pour b\u00e9n\u00e9ficier de droits de s\u00e9jour a \u00e9t\u00e9 allong\u00e9, et de nouvelles conditions ont \u00e9t\u00e9 introduites, comme l\u2019obligation d\u2019exercer un emploi \u00e0 temps plein.<\/p>\n<p>    La suite apr\u00e8s cette publicit\u00e9<\/p>\n<p>Le mod\u00e8le danois a fait ses preuves. Le pays a r\u00e9duit le nombre de demandes d\u2019asile accord\u00e9es \u00e0 un niveau historiquement bas depuis 40\u00a0ans. \u00ab\u00a0Il est peu probable que Mahmood aille aussi loin que le Danemark lorsqu\u2019elle annoncera les nouvelles r\u00e8gles britanniques concernant les r\u00e9unions familiales, mais il semble probable qu\u2019elle empruntera une voie plus restrictive\u00a0\u00bb, a toutefois expliqu\u00e9 la BBC.<\/p>\n<p>Dans le pays, le\u00a0ras-le-bol face \u00e0 l\u2019immigration massive est vif. En septembre, \u00e0 l\u2019initiative du militant identitaire Tommy Robinson, un\u00a0<a href=\"https:\/\/www.lejdd.fr\/International\/immigration-demonstration-de-force-a-londres-contre-le-gouvernement-starmer-161877\" target=\"_blank\" rel=\"nofollow noopener\">rassemblement anti-immigration<\/a>\u00a0a rassembl\u00e9 plusieurs centaines de milliers de personnes \u00e0 Londres. Malgr\u00e9 ses promesses, jusqu\u2019ici, le Premier ministre britannique\u00a0<a href=\"https:\/\/www.lejdd.fr\/International\/cette-trahison-prend-fin-aujourdhui-les-travaillistes-britanniques-accusent-la-droite-davoir-encourage-limmigration-de-masse-158030\" target=\"_blank\" rel=\"nofollow noopener\">Keir Starmer<\/a>\u00a0peine \u00e0 faire retomber la col\u00e8re. <a href=\"https:\/\/www.lejdd.fr\/International\/vers-un-seisme-politique-au-royaume-uni-le-parti-anti-immigration-de-nigel-farage-largement-en-tete-des-sondages-162393\" target=\"_blank\" rel=\"nofollow noopener\">Nigel Farage<\/a>, fondateur du parti Reform UK, lui, caracole en t\u00eate des sondages avec un discours pugnace contre l\u2019immigration.<\/p>\n","protected":false},"excerpt":{"rendered":"Accul\u00e9 par l\u2019opposition et la soci\u00e9t\u00e9 civile qui d\u00e9noncent son incapacit\u00e9 \u00e0 ma\u00eetriser les flux migratoires, le gouvernement&hellip;\n","protected":false},"author":2,"featured_media":524412,"comment_status":"","ping_status":"","sticky":false,"template":"","format":"standard","meta":{"footnotes":""},"categories":[1588],"tags":[11,1777,674,12,473,1853,1851,1850,1852],"class_list":{"0":"post-524411","1":"post","2":"type-post","3":"status-publish","4":"format-standard","5":"has-post-thumbnail","7":"category-royaume-uni","8":"tag-actualites","9":"tag-eu","10":"tag-europe","11":"tag-news","12":"tag-royaume-uni","13":"tag-royaume-uni-de-grande-bretagne-et-dirlande-du-nord","14":"tag-uk","15":"tag-united-kingdom","16":"tag-united-kingdom-of-great-britain-and-northern-ireland"},"share_on_mastodon":{"url":"https:\/\/pubeurope.com\/@fr\/115524198905219956","error":""},"_links":{"self":[{"href":"https:\/\/www.europesays.com\/fr\/wp-json\/wp\/v2\/posts\/524411","targetHints":{"allow":["GET"]}}],"collection":[{"href":"https:\/\/www.europesays.com\/fr\/wp-json\/wp\/v2\/posts"}],"about":[{"href":"https:\/\/www.europesays.com\/fr\/wp-json\/wp\/v2\/types\/post"}],"author":[{"embeddable":true,"href":"https:\/\/www.europesays.com\/fr\/wp-json\/wp\/v2\/users\/2"}],"replies":[{"embeddable":true,"href":"https:\/\/www.europesays.com\/fr\/wp-json\/wp\/v2\/comments?post=524411"}],"version-history":[{"count":0,"href":"https:\/\/www.europesays.com\/fr\/wp-json\/wp\/v2\/posts\/524411\/revisions"}],"wp:featuredmedia":[{"embeddable":true,"href":"https:\/\/www.europesays.com\/fr\/wp-json\/wp\/v2\/media\/524412"}],"wp:attachment":[{"href":"https:\/\/www.europesays.com\/fr\/wp-json\/wp\/v2\/media?parent=524411"}],"wp:term":[{"taxonomy":"category","embeddable":true,"href":"https:\/\/www.europesays.com\/fr\/wp-json\/wp\/v2\/categories?post=524411"},{"taxonomy":"post_tag","embeddable":true,"href":"https:\/\/www.europesays.com\/fr\/wp-json\/wp\/v2\/tags?post=524411"}],"curies":[{"name":"wp","href":"https:\/\/api.w.org\/{rel}","templated":true}]}}