{"id":524413,"date":"2025-11-10T07:22:08","date_gmt":"2025-11-10T07:22:08","guid":{"rendered":"https:\/\/www.europesays.com\/fr\/524413\/"},"modified":"2025-11-10T07:22:08","modified_gmt":"2025-11-10T07:22:08","slug":"pourquoi-le-principal-suspect-devrait-etre-autorise-a-quitter-lallemagne","status":"publish","type":"post","link":"https:\/\/www.europesays.com\/fr\/524413\/","title":{"rendered":"pourquoi le principal suspect devrait \u00eatre autoris\u00e9 \u00e0 quitter l\u2019Allemagne"},"content":{"rendered":"<p>\n    Toujours consid\u00e9r\u00e9 comme \u00abfonci\u00e8rement dangereux\u00bb, Christian Br\u00fcckner a obtenu un all\u00e8gement de ses obligations impos\u00e9es par la justice allemande depuis sa sortie de prison.<\/p>\n<p class=\"fig-paragraph\">Nouveau rebondissement dans l\u2019affaire de la disparition de la petite Maddie McCann. Le principal suspect,\u00a0<a href=\"http:\/\/www.lefigaro.fr\/international\/affaire-maddie-le-principal-suspect-vit-dans-la-rue-en-allemagne-selon-un-hebdomadaire-allemand-20251023\" data-fig-type=\"NewsFlash\" data-gtm-custom-categorie=\"navigation\" data-gtm-custom-action=\"crossclick\" data-gtm-custom-label=\"Contextuel\" data-gtm-event=\"customEventSPE\" data-fig-domain=\"LEFIGARO\" target=\"_blank\" rel=\"noopener\">l&rsquo;Allemand Christian Br\u00fcckner<\/a>, lib\u00e9r\u00e9 en septembre dernier, devrait \u00eatre autoris\u00e9 \u00e0 quitter l&rsquo;Allemagne apr\u00e8s qu&rsquo;une cour d&rsquo;appel allemande a lev\u00e9 une d\u00e9cision judiciaire qui l&rsquo;en emp\u00eachait.<\/p>\n<p class=\"fig-body-link\">\n            \u00c0 lire aussi<br \/>\n        <a class=\"fig-body-link__link fig-premium-mark\" href=\"http:\/\/www.lefigaro.fr\/faits-divers\/affaire-maddie-mccann-ces-dix-huit-ans-qui-ont-transforme-une-disparition-en-enigme-mondiale-20250917\" data-fig-type=\"NewsFlash\" data-gtm-custom-categorie=\"navigation\" data-gtm-custom-action=\"crossclick\" data-gtm-custom-label=\"Contextuel\" data-gtm-event=\"customEventSPE\" data-fig-domain=\"LEFIGARO\" target=\"_blank\" rel=\"noopener\"><\/p>\n<p>        Affaire Maddie McCann\u00a0: ces dix-huit ans qui ont transform\u00e9 une disparition en \u00e9nigme mondiale<br \/>\n    <\/a>\n<\/p>\n<p class=\"fig-paragraph\">La cour d&rsquo;appel de Celle (nord) \u00aba partiellement annul\u00e9 l&rsquo;une des obligations impos\u00e9es \u00e0 Christian Br\u00fcckner, selon laquelle il devait fixer sa r\u00e9sidence en Allemagne\u00bb, a confirm\u00e9 dimanche \u00e0 l&rsquo;AFP une porte-parole de la juridiction. Le tablo\u00efd allemand Bild avait r\u00e9v\u00e9l\u00e9 dimanche ce revirement, en date du 28 octobre.<\/p>\n<p>                                    <a class=\"fig-a11y-skip a11y-hidden\" href=\"#fig-a11y-skip-main-inarticle\"><br \/>\n        Passer la publicit\u00e9<br \/>\n    <\/a><\/p>\n<p>Un homme \u00abfonci\u00e8rement dangereux\u00bb<\/p>\n<p class=\"fig-paragraph\">Lib\u00e9r\u00e9 le 17 septembre apr\u00e8s avoir purg\u00e9 une peine de prison de sept ans en Allemagne pour le viol d&rsquo;une Am\u00e9ricaine de 72 ans en 2005 au Portugal, Christian Br\u00fcckner n&rsquo;a jamais \u00e9t\u00e9 inculp\u00e9 dans l&rsquo;affaire Maddie, disparue au Portugal en 2007, faute de preuves suffisantes.<\/p>\n<p class=\"fig-paragraph\">Consid\u00e9r\u00e9 comme \u00abfonci\u00e8rement dangereux\u00bb par le procureur allemand qui n&rsquo;a pas pu emp\u00eacher sa remise en libert\u00e9, il devait porter un bracelet \u00e9lectronique, informer au pr\u00e9alable le tribunal de tout changement de domicile ou de lieu de r\u00e9sidence en Allemagne et obtenir son accord. L\u2019int\u00e9ress\u00e9 dort d\u00e9sormais dans une tente dans un parc \u00e0 Kiel, en bordure de la mer Baltique dans le nord de l&rsquo;Allemagne, sous la surveillance constante de deux policiers charg\u00e9s de le prot\u00e9ger.<\/p>\n<p class=\"fig-paragraph\">C\u2019est lui qui avait saisi la cour d&rsquo;appel de Celle pour que la d\u00e9cision du tribunal soit r\u00e9examin\u00e9e. Apr\u00e8s l&rsquo;annulation partielle de la d\u00e9cision, le tribunal \u00abdevra se prononcer \u00e0 nouveau\u00bb sur la question de sa domiciliation, a ajout\u00e9 la porte-parole.<\/p>\n<p>Une cagnotte ferm\u00e9e<\/p>\n<p class=\"fig-paragraph\">Christian Br\u00fcckner a d\u00e9clar\u00e9 au tablo\u00efd britannique Daily Mail que la police voulait le garder en Allemagne pour le \u00abbriser\u00bb. \u00abIl s&rsquo;av\u00e8re que je n&rsquo;ai m\u00eame pas besoin de rester en Allemagne. Et d\u00e8s que j&rsquo;aurai r\u00e9uni un peu d&rsquo;argent, je partirai\u00bb, a-t-il c\u00e9d\u00e9 au tablo\u00efd. D&rsquo;apr\u00e8s le Daily Mail et Bild, l\u2019homme a lanc\u00e9 une campagne de financement participatif sur la plateforme \u00abGofundme\u00bb afin de r\u00e9colter des fonds pour son d\u00e9part avant que celle-ci ne soit d\u00e9sactiv\u00e9e par la plateforme.<\/p>\n<p class=\"fig-paragraph\">La disparition en 2007 au Portugal de Madeleine McCann, dite \u00abMaddie\u00bb, d&rsquo;un logement de vacances alors que ses parents d\u00eenaient dans un restaurant voisin n&rsquo;a jamais \u00e9t\u00e9 \u00e9lucid\u00e9e. En 2020, les enqu\u00eateurs allemands\u00a0<a href=\"http:\/\/www.lefigaro.fr\/faits-divers\/agresseur-sexuel-delinquant-multirecidiviste-qui-est-christian-brueckner-principal-suspect-de-l-affaire-maddie-mccann-20250604\" data-fig-type=\"Article\" data-gtm-custom-categorie=\"navigation\" data-gtm-custom-action=\"crossclick\" data-gtm-custom-label=\"Contextuel\" data-gtm-event=\"customEventSPE\" data-fig-domain=\"LEFIGARO\" target=\"_blank\" rel=\"noopener\">ont soudainement d\u00e9sign\u00e9 Christian Br\u00fcckner<\/a>\u00a0comme leur principal suspect, assurant disposer de preuves concr\u00e8tes qui se sont av\u00e9r\u00e9es insuffisantes pour une inculpation.<\/p>\n<p>                                    <a class=\"fig-a11y-skip a11y-hidden\" href=\"#fig-a11y-skip-main-inarticle_mtf\"><br \/>\n        Passer la publicit\u00e9<br \/>\n    <\/a><\/p>\n<p class=\"fig-paragraph\">\u00c0 l\u2019\u00e9poque des faits, l&rsquo;accus\u00e9 vivait sur la c\u00f4te portugaise de l&rsquo;Algarve, \u00e0 proximit\u00e9 du lieu de vill\u00e9giature des McCann, et un t\u00e9l\u00e9phone portable \u00e0 son nom a born\u00e9 pr\u00e8s de leur logement le soir de la disparition. Il a \u00e9t\u00e9 acquitt\u00e9 fin 2024 d&rsquo;une s\u00e9rie de crimes sexuels contre des enfants commis dans cette m\u00eame zone entre 2000 et 2017.<\/p>\n","protected":false},"excerpt":{"rendered":"Toujours consid\u00e9r\u00e9 comme \u00abfonci\u00e8rement dangereux\u00bb, Christian Br\u00fcckner a obtenu un all\u00e8gement de ses obligations impos\u00e9es par la justice&hellip;\n","protected":false},"author":2,"featured_media":524414,"comment_status":"","ping_status":"","sticky":false,"template":"","format":"standard","meta":{"footnotes":""},"categories":[1587],"tags":[11,672,1804,1805,1803,2715,1777,674,1801,777,12,1802],"class_list":{"0":"post-524413","1":"post","2":"type-post","3":"status-publish","4":"format-standard","5":"has-post-thumbnail","7":"category-allemagne","8":"tag-actualites","9":"tag-allemagne","10":"tag-bundesrepublik-deutschland","11":"tag-de","12":"tag-deutschland","13":"tag-disparition","14":"tag-eu","15":"tag-europe","16":"tag-germany","17":"tag-meurtre","18":"tag-news","19":"tag-republique-federale-dallemagne"},"share_on_mastodon":{"url":"","error":""},"_links":{"self":[{"href":"https:\/\/www.europesays.com\/fr\/wp-json\/wp\/v2\/posts\/524413","targetHints":{"allow":["GET"]}}],"collection":[{"href":"https:\/\/www.europesays.com\/fr\/wp-json\/wp\/v2\/posts"}],"about":[{"href":"https:\/\/www.europesays.com\/fr\/wp-json\/wp\/v2\/types\/post"}],"author":[{"embeddable":true,"href":"https:\/\/www.europesays.com\/fr\/wp-json\/wp\/v2\/users\/2"}],"replies":[{"embeddable":true,"href":"https:\/\/www.europesays.com\/fr\/wp-json\/wp\/v2\/comments?post=524413"}],"version-history":[{"count":0,"href":"https:\/\/www.europesays.com\/fr\/wp-json\/wp\/v2\/posts\/524413\/revisions"}],"wp:featuredmedia":[{"embeddable":true,"href":"https:\/\/www.europesays.com\/fr\/wp-json\/wp\/v2\/media\/524414"}],"wp:attachment":[{"href":"https:\/\/www.europesays.com\/fr\/wp-json\/wp\/v2\/media?parent=524413"}],"wp:term":[{"taxonomy":"category","embeddable":true,"href":"https:\/\/www.europesays.com\/fr\/wp-json\/wp\/v2\/categories?post=524413"},{"taxonomy":"post_tag","embeddable":true,"href":"https:\/\/www.europesays.com\/fr\/wp-json\/wp\/v2\/tags?post=524413"}],"curies":[{"name":"wp","href":"https:\/\/api.w.org\/{rel}","templated":true}]}}