{"id":524421,"date":"2025-11-10T07:26:13","date_gmt":"2025-11-10T07:26:13","guid":{"rendered":"https:\/\/www.europesays.com\/fr\/524421\/"},"modified":"2025-11-10T07:26:13","modified_gmt":"2025-11-10T07:26:13","slug":"ce-qui-change-en-2025-et-pourquoi-votre-prochaine-voiture-pourrait-vous-couter-jusqua-70-000-e-de-plus","status":"publish","type":"post","link":"https:\/\/www.europesays.com\/fr\/524421\/","title":{"rendered":"ce qui change en 2025 et pourquoi votre prochaine voiture pourrait vous co\u00fbter jusqu\u2019\u00e0 70 000 \u20ac de plus"},"content":{"rendered":"<p>\n    Derri\u00e8re cette appellation, se cachent deux taxes distinctes\u00a0: la premi\u00e8re est li\u00e9e aux \u00e9missions de dioxyde de carbone du v\u00e9hicule, la seconde se fonde sur son poids.<\/p>\n<p class=\"fig-paragraph\">Depuis 2008, le malus \u00e9cologique p\u00e8se sur l\u2019achat des v\u00e9hicules, neufs ou jamais immatricul\u00e9s en France, les plus polluants. Il englobe deux taxes\u00a0:\u00a0<br \/>le malus CO2, fond\u00e9 sur les \u00e9missions de dioxyde de carbone, et le malus\u00a0<br \/>au poids, instaur\u00e9 en 2022.<\/p>\n<p>Un dispositif fiscal incitatif<\/p>\n<p class=\"fig-paragraph\">L\u2019objectif est d\u2019inciter \u00e0 l\u2019<a href=\"http:\/\/www.lefigaro.fr\/automobile\/le-gouvernement-voudrait-augmenter-le-bonus-a-l-achat-des-voitures-electriques-et-changer-son-financement-20250605\" data-fig-type=\"NewsFlash\" data-gtm-custom-categorie=\"navigation\" data-gtm-custom-action=\"crossclick\" data-gtm-custom-label=\"Contextuel\" data-gtm-event=\"customEventSPE\" data-fig-domain=\"LEFIGARO\" target=\"_blank\" rel=\"noopener\">achat de voitures<\/a>\u00a0plus respectueuses de l\u2019environnement pour r\u00e9duire l\u2019empreinte carbone du parc automobile fran\u00e7ais. Chaque ann\u00e9e, les bar\u00e8mes sont durcis, avec une r\u00e8gle simple\u00a0: plus le v\u00e9hicule est polluant, plus le malus est \u00e9lev\u00e9.<\/p>\n<p>                                    <a class=\"fig-a11y-skip a11y-hidden\" href=\"#fig-a11y-skip-main-inarticle\"><br \/>\n        Passer la publicit\u00e9<br \/>\n    <\/a><\/p>\n<p class=\"fig-paragraph\">Le malus automobile s\u2019applique \u00e0 la majorit\u00e9 des v\u00e9hicules de tourisme,\u00a0<br \/>dits de cat\u00e9gorie M1, c\u2019est-\u00e0-dire con\u00e7us pour le transport de personnes et ayant jusqu\u2019\u00e0 8 places assises hors conducteur.<\/p>\n<p>Le Malus CO2<\/p>\n<p class=\"fig-paragraph\">Depuis le 1er mars 2025, le bar\u00e8me d\u00e9bute \u00e0 50 \u20ac pour 113 grammes de CO2\/km et grimpe jusqu\u2019\u00e0 70 000 \u20ac pour les v\u00e9hicules les plus polluants\u00a0<br \/>( &gt; 192 g\/km). Une taxation plus \u00e9lev\u00e9e est pr\u00e9vue pour 2026 et 2027 (art. 27 de la loi de finances pour 2025).<\/p>\n<p class=\"fig-paragraph\">En 2026, le malus se d\u00e9clenchera d\u00e8s 108 g\/km pour atteindre 80 000 \u20ac pour les mod\u00e8les les plus polluants (sup\u00e9rieur \u00e0 191 g\/km). En 2027, le seuil sera abaiss\u00e9 \u00e0 103 g\/km, avec un plafond \u00e0 90 000 \u20ac au-del\u00e0 de 189 g\/km.<\/p>\n<p>Le malus au poids<\/p>\n<p class=\"fig-paragraph\">Le malus masse s\u2019applique aux v\u00e9hicules qui p\u00e8sent plus de 1,6 tonne. Le bar\u00e8me est progressif\u00a0:<\/p>\n<ul class=\"fig-list\">\n<li>10 \u20ac de 1 600 kg \u00e0 1 799 kg ;<\/li>\n<li>15 \u20ac de 1 800 kg \u00e0 1 899 kg ;<\/li>\n<li>20 \u20ac de 1 900 kg \u00e0 1 999 kg ;<\/li>\n<li>25 \u20ac de 2 000 kg \u00e0 2 099 kg ;<\/li>\n<li>30 \u20ac \u00e0 partir de 2 100 kg.<\/li>\n<\/ul>\n<p class=\"fig-paragraph\">Le malus est \u00e9gal \u00e0 la somme des produits de chaque fraction par le \u00ab tarif marginal\u00a0\u00bb associ\u00e9. En 2026, le seuil tombera \u00e0 1,5 tonne.<\/p>\n<p>                                    <a class=\"fig-a11y-skip a11y-hidden\" href=\"#fig-a11y-skip-main-inarticle_mtf\"><br \/>\n        Passer la publicit\u00e9<br \/>\n    <\/a><\/p>\n<p class=\"fig-paragraph\">\u00c0 savoir\u00a0: le montant cumul\u00e9 du malus masse et du malus CO2 est plafonn\u00e9 \u00e0 70 000 \u20ac.<\/p>\n<p>Il est possible d\u2019en \u00eatre exon\u00e9r\u00e9<\/p>\n<p class=\"fig-paragraph\">Le malus ne s\u2019applique pas\u00a0: aux<a href=\"http:\/\/www.lefigaro.fr\/conso\/leasing-social-deja-pres-de-18-000-commandes-de-vehicules-electriques-quelques-heures-apres-son-lancement-20250930\" data-fig-type=\"NewsFlash\" data-gtm-custom-categorie=\"navigation\" data-gtm-custom-action=\"crossclick\" data-gtm-custom-label=\"Contextuel\" data-gtm-event=\"customEventSPE\" data-fig-domain=\"LEFIGARO\" target=\"_blank\" rel=\"noopener\">\u00a0v\u00e9hicules \u00e9lectriques<\/a>\u00a0et\/ou \u00e0 hydrog\u00e8ne\u00a0<br \/>aux mod\u00e8les accessibles en fauteuil roulant aux voitures achet\u00e9es par une\u00a0<br \/>personne titulaire de la carte mobilit\u00e9 inclusion \u00ab invalidit\u00e9\u00a0\u00bb ou d\u2019une carte\u00a0<br \/>d\u2019invalidit\u00e9 militaire, ou ayant \u00e0 charge un enfant titulaire d\u2019une de ces deux cartes.<\/p>\n<p class=\"fig-paragraph\">Par ailleurs, une famille avec au moins 3 enfants \u00e0 charge b\u00e9n\u00e9ficie d\u2019un malus minor\u00e9\u00a0: r\u00e9duction de 20 g de CO2\/km et de 200 kg par enfant.<\/p>\n","protected":false},"excerpt":{"rendered":"Derri\u00e8re cette appellation, se cachent deux taxes distinctes\u00a0: la premi\u00e8re est li\u00e9e aux \u00e9missions de dioxyde de carbone&hellip;\n","protected":false},"author":2,"featured_media":524422,"comment_status":"","ping_status":"","sticky":false,"template":"","format":"standard","meta":{"footnotes":""},"categories":[2],"tags":[11,646,1011,27,12,25,321],"class_list":{"0":"post-524421","1":"post","2":"type-post","3":"status-publish","4":"format-standard","5":"has-post-thumbnail","7":"category-actualites","8":"tag-actualites","9":"tag-automobile","10":"tag-fr","11":"tag-france","12":"tag-news","13":"tag-republique-francaise","14":"tag-voiture-electrique"},"share_on_mastodon":{"url":"https:\/\/pubeurope.com\/@fr\/115524218645066013","error":""},"_links":{"self":[{"href":"https:\/\/www.europesays.com\/fr\/wp-json\/wp\/v2\/posts\/524421","targetHints":{"allow":["GET"]}}],"collection":[{"href":"https:\/\/www.europesays.com\/fr\/wp-json\/wp\/v2\/posts"}],"about":[{"href":"https:\/\/www.europesays.com\/fr\/wp-json\/wp\/v2\/types\/post"}],"author":[{"embeddable":true,"href":"https:\/\/www.europesays.com\/fr\/wp-json\/wp\/v2\/users\/2"}],"replies":[{"embeddable":true,"href":"https:\/\/www.europesays.com\/fr\/wp-json\/wp\/v2\/comments?post=524421"}],"version-history":[{"count":0,"href":"https:\/\/www.europesays.com\/fr\/wp-json\/wp\/v2\/posts\/524421\/revisions"}],"wp:featuredmedia":[{"embeddable":true,"href":"https:\/\/www.europesays.com\/fr\/wp-json\/wp\/v2\/media\/524422"}],"wp:attachment":[{"href":"https:\/\/www.europesays.com\/fr\/wp-json\/wp\/v2\/media?parent=524421"}],"wp:term":[{"taxonomy":"category","embeddable":true,"href":"https:\/\/www.europesays.com\/fr\/wp-json\/wp\/v2\/categories?post=524421"},{"taxonomy":"post_tag","embeddable":true,"href":"https:\/\/www.europesays.com\/fr\/wp-json\/wp\/v2\/tags?post=524421"}],"curies":[{"name":"wp","href":"https:\/\/api.w.org\/{rel}","templated":true}]}}