{"id":524425,"date":"2025-11-10T07:30:28","date_gmt":"2025-11-10T07:30:28","guid":{"rendered":"https:\/\/www.europesays.com\/fr\/524425\/"},"modified":"2025-11-10T07:30:28","modified_gmt":"2025-11-10T07:30:28","slug":"blanco-a-un-total-respect-pour-penaud","status":"publish","type":"post","link":"https:\/\/www.europesays.com\/fr\/524425\/","title":{"rendered":"Blanco a un \u00ab\u00a0total respect\u00a0\u00bb pour Penaud"},"content":{"rendered":"<p><strong>Dans les colonnes de L&rsquo;Equipe,<br \/>\nSerge Blanco ne tarit pas d&rsquo;\u00e9loges sur Damian Penaud, qui lui a<br \/>\nchip\u00e9 samedi contre l&rsquo;Afrique du Sud le record d&rsquo;essais marqu\u00e9s<br \/>\nsous le maillot du XV de France.<\/strong><\/p>\n<p>Cette ann\u00e9e 2025 restera historique d\u2019un point de vue<br \/>\nstatistique pour le XV de France. Le 15 mars dernier, Thomas Ramos<br \/>\ndevenait le meilleur marqueur de points de l\u2019histoire des Bleus<br \/>\n(457 points d\u00e9sormais), en effa\u00e7ant des tablettes Fr\u00e9d\u00e9ric<br \/>\nMichalak, qui d\u00e9tenait le record depuis dix ans (436pts). Et ce<br \/>\nsamedi, c\u2019est Damian Penaud qui est quant \u00e0 lui devenu le meilleur<br \/>\nmarqueur d\u2019essais du XV de France, en inscrivant ses 39e et 40e<br \/>\nessais lors de la d\u00e9faite (17-32) contre l\u2019Afrique du Sud.<br \/>\n<strong>L\u2019ailier bordelais de 29 ans (57 s\u00e9lections) co-d\u00e9tenait ce<br \/>\nrecord avec Serge Blanco (38 essais en 93 s\u00e9lections) depuis le 8<br \/>\nmars dernier et la victoire en Irlande, le voici d\u00e9sormais seul sur<br \/>\nsa plan\u00e8te.<\/strong><\/p>\n<p>Blanco : \u00ab\u00a0Damian est un<br \/>\nexcellent finisseur\u00a0\u00bb<\/p>\n<p>Dans les colonnes de L\u2019Equipe, le d\u00e9sormais<br \/>\nex-recordman Serge Blanco ne montre aucune aigreur d\u2019avoir perdu ce<br \/>\nrecord, et f\u00e9licite au contraire chaleureusement son successeur.<br \/>\n\u00ab\u00a0J\u2019ai un total respect pour Damian, d\u2019autant plus que je<br \/>\nconnais bien son p\u00e8re, Alain, contre lequel j\u2019ai jou\u00e9 \u00e0 de<br \/>\nnombreuses reprises. Damian, c\u2019est un excellent finisseur.<br \/>\n<strong>C\u2019est aussi un cr\u00e9ateur : d\u2019instinct, il cr\u00e9e des<br \/>\nsituations que personne n\u2019aurait imagin\u00e9es<\/strong>. Il prend le<br \/>\nballon et boum, un crochet, et il ouvre une porte que personne n\u2019a<br \/>\nvue. Ce qu\u2019il fait, \u00e7a lui est propre. Il se sort de situations<br \/>\nqui, pour d\u2019autres que lui, auraient \u00e9t\u00e9 inextricables. Il y a<br \/>\nLouis Bielle-Biarrey, son alter ego (22 ans, 18 essais en 20<br \/>\ns\u00e9lections, ndlr). Lui aussi, c\u2019est un ailier de tr\u00e8s grande<br \/>\nqualit\u00e9. Voil\u00e0 deux joueurs qui, comme nous avant eux,<br \/>\ns\u2019int\u00e9ressent au jeu, ont envie de cr\u00e9er.\u00a0\u00bb<\/p>\n<p>Blanco pensait \u00eatre battu par<br \/>\nClerc<\/p>\n<p>Les deux ailiers de l\u2019UBB pourraient bien se retrouver un jour<br \/>\naux deux premi\u00e8res places du classement, devant le l\u00e9gendaire<br \/>\nBiarrot, qui pensait que son record serait battu plus t\u00f4t, par un<br \/>\ncertain Vincent Clerc. <strong>Mais le Toulousain s\u2019est arr\u00eat\u00e9 \u00e0 34<br \/>\nessais en 67 s\u00e9lections, marqu\u00e9s entre 2002 et 2013.<\/strong><br \/>\nMaintenant que son record est battu, Serge Blanco formule un voeu<br \/>\npour Damian Penaud : \u00ab\u00a0Qu\u2019il soit champion du monde, dans deux<br \/>\nans, en Australie. \u00c7a nous fera plaisir \u00e0 tous.\u00a0\u00bb Ce serait en<br \/>\neffet une grande premi\u00e8re pour le rugby fran\u00e7ais. Lors de la<br \/>\nderni\u00e8re Coupe du Monde, en France, Penaud avait d\u2019ailleurs inscrit<br \/>\nsix essais en quatre matchs.<\/p>\n","protected":false},"excerpt":{"rendered":"Dans les colonnes de L&rsquo;Equipe, Serge Blanco ne tarit pas d&rsquo;\u00e9loges sur Damian Penaud, qui lui a chip\u00e9&hellip;\n","protected":false},"author":2,"featured_media":524426,"comment_status":"","ping_status":"","sticky":false,"template":"","format":"standard","meta":{"footnotes":""},"categories":[1416],"tags":[58988,10931,1011,27,64460,3241,479,1468,57681,60],"class_list":{"0":"post-524425","1":"post","2":"type-post","3":"status-publish","4":"format-standard","5":"has-post-thumbnail","7":"category-rugby","8":"tag-blanco","9":"tag-essais","10":"tag-fr","11":"tag-france","12":"tag-penaud","13":"tag-record","14":"tag-rugby","15":"tag-rugby-football","16":"tag-sport365-fr","17":"tag-sports"},"share_on_mastodon":{"url":"https:\/\/pubeurope.com\/@fr\/115524234589549942","error":""},"_links":{"self":[{"href":"https:\/\/www.europesays.com\/fr\/wp-json\/wp\/v2\/posts\/524425","targetHints":{"allow":["GET"]}}],"collection":[{"href":"https:\/\/www.europesays.com\/fr\/wp-json\/wp\/v2\/posts"}],"about":[{"href":"https:\/\/www.europesays.com\/fr\/wp-json\/wp\/v2\/types\/post"}],"author":[{"embeddable":true,"href":"https:\/\/www.europesays.com\/fr\/wp-json\/wp\/v2\/users\/2"}],"replies":[{"embeddable":true,"href":"https:\/\/www.europesays.com\/fr\/wp-json\/wp\/v2\/comments?post=524425"}],"version-history":[{"count":0,"href":"https:\/\/www.europesays.com\/fr\/wp-json\/wp\/v2\/posts\/524425\/revisions"}],"wp:featuredmedia":[{"embeddable":true,"href":"https:\/\/www.europesays.com\/fr\/wp-json\/wp\/v2\/media\/524426"}],"wp:attachment":[{"href":"https:\/\/www.europesays.com\/fr\/wp-json\/wp\/v2\/media?parent=524425"}],"wp:term":[{"taxonomy":"category","embeddable":true,"href":"https:\/\/www.europesays.com\/fr\/wp-json\/wp\/v2\/categories?post=524425"},{"taxonomy":"post_tag","embeddable":true,"href":"https:\/\/www.europesays.com\/fr\/wp-json\/wp\/v2\/tags?post=524425"}],"curies":[{"name":"wp","href":"https:\/\/api.w.org\/{rel}","templated":true}]}}