{"id":524427,"date":"2025-11-10T07:31:29","date_gmt":"2025-11-10T07:31:29","guid":{"rendered":"https:\/\/www.europesays.com\/fr\/524427\/"},"modified":"2025-11-10T07:31:29","modified_gmt":"2025-11-10T07:31:29","slug":"carton-plein-pour-les-equipes-du-tennis-club-de-cahors-medialot","status":"publish","type":"post","link":"https:\/\/www.europesays.com\/fr\/524427\/","title":{"rendered":"Carton plein pour les \u00e9quipes du Tennis Club de Cahors \u2013 Medialot"},"content":{"rendered":"<p>\n                          <a href=\"https:\/\/mtechalu46.com\" rel=\"nofollow noopener\" target=\"_blank\"><img loading=\"lazy\" decoding=\"async\" class=\"size-full wp-image-163888 aligncenter\" src=\"https:\/\/www.europesays.com\/fr\/wp-content\/uploads\/2025\/04\/GIF-MTECH.gif\" alt=\"\" width=\"300\" height=\"38\"\/><\/a><br \/>\nTour d\u2019horizon des r\u00e9sultats.\u00a0<br \/>\n<a href=\"https:\/\/www.ecoutervoir.fr\" rel=\"nofollow noopener\" target=\"_blank\"><img loading=\"lazy\" decoding=\"async\" class=\"size-medium wp-image-163875 aligncenter\" src=\"https:\/\/www.europesays.com\/fr\/wp-content\/uploads\/2025\/04\/ecouter-v-300x37.jpeg\" alt=\"\" width=\"300\" height=\"37\"  \/><\/a><\/p>\n<p><a href=\"https:\/\/lot.fr\/inscrivez-vous-la-lettre-dinformation\" rel=\"nofollow noopener\" target=\"_blank\"><img loading=\"lazy\" decoding=\"async\" class=\"size-full wp-image-175368 aligncenter\" src=\"https:\/\/www.europesays.com\/fr\/wp-content\/uploads\/2025\/10\/Pub-medialot_300-x-38_actu-culture-patrimoine.jpg\" alt=\"\" width=\"300\" height=\"38\"\/><\/a><\/p>\n<p>Pas moins de cinq rencontres \u00e9taient inscrites \u00e0 l\u2019agenda des comp\u00e9titeurs cadurciens ces derniers jours et toutes se sont sold\u00e9es par des victoires solides\u00a0!<\/p>\n<p><a href=\"https:\/\/www.europesays.com\/fr\/wp-content\/uploads\/2025\/11\/gan-cahors-saint-cere.jpg\"><img loading=\"lazy\" decoding=\"async\" class=\"alignnone size-full wp-image-176661\" src=\"https:\/\/www.europesays.com\/fr\/wp-content\/uploads\/2025\/11\/gan-cahors-saint-cere.jpg\" alt=\"\" width=\"2048\" height=\"1536\"  \/><\/a><\/p>\n<p>L\u2019\u00e9quipe GAN +65 ans ouvrait le bal mardi avec pour objectif de se qualifier pour le tableau final. Christian Thomas, Michel Massaloup, Fran\u00e7ois Lecul et Jean-Michel Inesta s\u2019imposaient 5\/0 face \u00e0 Saint-C\u00e9r\u00e9 et d\u00e9crochaient donc leur billet pour le quart de finale r\u00e9gional\u00a0!<\/p>\n<p><a href=\"https:\/\/www.europesays.com\/fr\/wp-content\/uploads\/2025\/04\/medialot-300x38-5.jpg\"><img loading=\"lazy\" decoding=\"async\" class=\"size-full wp-image-150487 aligncenter\" src=\"https:\/\/www.europesays.com\/fr\/wp-content\/uploads\/2025\/04\/medialot-300x38-5.jpg\" alt=\"\" width=\"300\" height=\"38\"\/><\/a><\/p>\n<p>Samedi, c\u2019\u00e9tait au tour de l\u2019\u00e9quipe f\u00e9minine + 45 ans d\u2019entrer en piste. Elles recevaient les joueuses de Rodez. Sophie Ramon Idez, Virginie Naubron et Martine Carrieu disputaient les trois simples simultan\u00e9ment et ramenaient chacune un point. Le double disput\u00e9 par Sophie et Virginie confortait l\u2019avance et permettait aux Cadurciennes d\u2019envisager sereinement la suite. Cette victoire 5\/0 leur ouvre \u00e9galement l\u2019acc\u00e8s au tableau final r\u00e9gional.<\/p>\n<p><a href=\"https:\/\/www.facebook.com\/IntermarcheCahors?locale=fr_FR\" target=\"_blank\" rel=\"noopener noreferrer nofollow\"><img loading=\"lazy\" decoding=\"async\" class=\"aligncenter wp-image-111517 size-full\" src=\"https:\/\/www.europesays.com\/fr\/wp-content\/uploads\/2025\/04\/intermarche-V2.gif\" alt=\"\" width=\"300\" height=\"38\"\/><\/a><\/p>\n<p>Dimanche, une rencontre f\u00e9minine avait lieu \u00e0 domicile, en challenge Valence d\u2019Agen. Chlo\u00e9 Bernadou, Fanja Castarede, Norah Lopez et Sophie Ramon Idez accueillaient Castelsarrasin. Apr\u00e8s les simples, Cahors menait 2\/1 ce qui mettait, comme souvent, la pression sur le double. Les Cadurciennes empochaient assez facilement le premier set sur le score de 6\/1 avant de se rel\u00e2cher un peu, de faire plus de fautes et de laisser filer le second set 3\/6. Tout devait donc se jouer sur le super tie-break. Motiv\u00e9es et solidaires, Sophie Ramon Idez et Chlo\u00e9 Bernadou parvenaient \u00e0 prendre une longueur d\u2019avance pour arracher le match et les deux points associ\u00e9s\u00a0!<\/p>\n<p><a href=\"https:\/\/piscinesservices46.fr\" rel=\"nofollow noopener\" target=\"_blank\"><img loading=\"lazy\" decoding=\"async\" class=\"size-full wp-image-146807 aligncenter\" src=\"https:\/\/www.europesays.com\/fr\/wp-content\/uploads\/2025\/04\/ps46-bandeau.gif\" alt=\"\" width=\"300\" height=\"38\"\/><\/a><\/p>\n<p>Les messieurs jouaient aussi ce dimanche, avec deux \u00e9quipes \u00e0 l\u2019ext\u00e9rieur. En Gan +35 ans messieurs, la rencontre avait lieu \u00e0 Saint-Etienne-de-Tulmont. J\u00e9r\u00e9my Chedal, Mathieu Souli\u00e9 et Micka\u00ebl Martins prenaient la t\u00eate de leur poule \u00e0 l\u2019issue de cette derni\u00e8re journ\u00e9e avec une victoire 5\/0 ce qui leur assure de remonter en division sup\u00e9rieure et de disputer la phase finale de la comp\u00e9tition.<\/p>\n<p><a href=\"https:\/\/www.europesays.com\/fr\/wp-content\/uploads\/2025\/11\/biolue-cahors.jpg\"><img loading=\"lazy\" decoding=\"async\" class=\"alignnone size-full wp-image-176660\" src=\"https:\/\/www.europesays.com\/fr\/wp-content\/uploads\/2025\/11\/biolue-cahors.jpg\" alt=\"\" width=\"1118\" height=\"838\"  \/><\/a><\/p>\n<p>Enfin, l\u2019\u00e9quipe 3 de coupe Th\u00e9n\u00e9gal se d\u00e9pla\u00e7ait sur les installations de l\u2019ATM (Montauban) pour rencontrer Bioule. Frustr\u00e9s suite \u00e0 leur d\u00e9faite de la semaine pr\u00e9c\u00e9dente, Joseph Pucek, Mathis Queva et Laurent Aguirre prenaient leur revanche cette semaine avec un parcours sans faute et donc un score de 5\/0.<\/p>\n<p><a href=\"https:\/\/concessions.peugeot.fr\/cahors\" rel=\"nofollow noopener\" target=\"_blank\"><img loading=\"lazy\" decoding=\"async\" class=\"size-full wp-image-128909 aligncenter\" src=\"https:\/\/www.europesays.com\/fr\/wp-content\/uploads\/2025\/04\/pub_GGB_s.gif\" alt=\"\" width=\"300\" height=\"38\"\/><\/a><br \/>\n<a href=\"https:\/\/www.assureur-cahors.fr\" rel=\"nofollow noopener\" target=\"_blank\"><img loading=\"lazy\" decoding=\"async\" class=\"size-full wp-image-141871 aligncenter\" src=\"https:\/\/www.europesays.com\/fr\/wp-content\/uploads\/2025\/04\/300x38.gif\" alt=\"\" width=\"300\" height=\"38\"\/><\/a><br \/>\n<a href=\"https:\/\/www.lfccourtage.com\/\" rel=\"nofollow noopener\" target=\"_blank\"><img loading=\"lazy\" decoding=\"async\" class=\"size-full wp-image-78799 aligncenter\" src=\"https:\/\/www.europesays.com\/fr\/wp-content\/uploads\/2025\/04\/lfc-courtage-bandeau-2.gif\" alt=\"\" width=\"300\" height=\"38\"\/><\/a><br \/>\n<a href=\"https:\/\/chambert.com\/fr\/index.html\" rel=\"nofollow noopener\" target=\"_blank\"><img loading=\"lazy\" decoding=\"async\" class=\"size-full wp-image-160827 aligncenter\" src=\"https:\/\/www.europesays.com\/fr\/wp-content\/uploads\/2025\/04\/chambert-2024-300x38-1.gif\" alt=\"\" width=\"300\" height=\"38\"\/><\/a><\/p>\n","protected":false},"excerpt":{"rendered":"Tour d\u2019horizon des r\u00e9sultats.\u00a0 Pas moins de cinq rencontres \u00e9taient inscrites \u00e0 l\u2019agenda des comp\u00e9titeurs cadurciens ces derniers&hellip;\n","protected":false},"author":2,"featured_media":524428,"comment_status":"","ping_status":"","sticky":false,"template":"","format":"standard","meta":{"footnotes":""},"categories":[1415],"tags":[1011,27,60,1467],"class_list":{"0":"post-524427","1":"post","2":"type-post","3":"status-publish","4":"format-standard","5":"has-post-thumbnail","7":"category-tennis","8":"tag-fr","9":"tag-france","10":"tag-sports","11":"tag-tennis"},"share_on_mastodon":{"url":"https:\/\/pubeurope.com\/@fr\/115524239382211221","error":""},"_links":{"self":[{"href":"https:\/\/www.europesays.com\/fr\/wp-json\/wp\/v2\/posts\/524427","targetHints":{"allow":["GET"]}}],"collection":[{"href":"https:\/\/www.europesays.com\/fr\/wp-json\/wp\/v2\/posts"}],"about":[{"href":"https:\/\/www.europesays.com\/fr\/wp-json\/wp\/v2\/types\/post"}],"author":[{"embeddable":true,"href":"https:\/\/www.europesays.com\/fr\/wp-json\/wp\/v2\/users\/2"}],"replies":[{"embeddable":true,"href":"https:\/\/www.europesays.com\/fr\/wp-json\/wp\/v2\/comments?post=524427"}],"version-history":[{"count":0,"href":"https:\/\/www.europesays.com\/fr\/wp-json\/wp\/v2\/posts\/524427\/revisions"}],"wp:featuredmedia":[{"embeddable":true,"href":"https:\/\/www.europesays.com\/fr\/wp-json\/wp\/v2\/media\/524428"}],"wp:attachment":[{"href":"https:\/\/www.europesays.com\/fr\/wp-json\/wp\/v2\/media?parent=524427"}],"wp:term":[{"taxonomy":"category","embeddable":true,"href":"https:\/\/www.europesays.com\/fr\/wp-json\/wp\/v2\/categories?post=524427"},{"taxonomy":"post_tag","embeddable":true,"href":"https:\/\/www.europesays.com\/fr\/wp-json\/wp\/v2\/tags?post=524427"}],"curies":[{"name":"wp","href":"https:\/\/api.w.org\/{rel}","templated":true}]}}