{"id":524429,"date":"2025-11-10T07:35:14","date_gmt":"2025-11-10T07:35:14","guid":{"rendered":"https:\/\/www.europesays.com\/fr\/524429\/"},"modified":"2025-11-10T07:35:14","modified_gmt":"2025-11-10T07:35:14","slug":"francois-trarieux-ce-nest-que-le-debut-de-saison-actualite","status":"publish","type":"post","link":"https:\/\/www.europesays.com\/fr\/524429\/","title":{"rendered":"Fran\u00e7ois Trarieux : \u00ab Ce n&rsquo;est que le d\u00e9but de saison \u00bb &#8211; Actualit\u00e9"},"content":{"rendered":"<p style=\"text-align: justify;\"><strong>L&rsquo;\u00e9quipe de France n&rsquo;est repartie de Middelkerke qu&rsquo;avec deux m\u00e9dailles en poche, toutes les deux obtenues dans la cat\u00e9gorie Espoirs Femmes, gr\u00e2ce \u00e0 l&rsquo;argent de C\u00e9lia Gery et le bronze d&rsquo;Amandine Muller. Mais d&rsquo;autres coureurs fran\u00e7ais plus attendus n&rsquo;ont pas toujours eu la r\u00e9ussite avec eux. Soren Bruy\u00e8re Joumard s&rsquo;est retrouv\u00e9 au sol \u00e0 deux reprises avant d&rsquo;\u00eatre repouss\u00e9 loin dans le trafic, alors qu&rsquo;Aubin Sparfel avait pris la poudre d&rsquo;escampette jusqu&rsquo;\u00e0 un tour et demi du but, avant de commettre deux fautes qui ont calm\u00e9 ses ardeurs. N\u00e9anmoins, pour le s\u00e9lectionneur national, Fran\u00e7ois Trarieux, il n&rsquo;y a pas que le bilan comptable qui compte, et la progression des coureurs, notamment dans le sable, ne doit pas \u00eatre mise de c\u00f4t\u00e9. Comme il l&rsquo;explique \u00e0 DirectVelo, la saison ne fait que commencer.<\/strong><\/p>\n<p><strong>DirectVelo : Quels enseignements et quel bilan tires-tu de ces Championnats d\u2019Europe ?<\/strong><br \/>Comme \u00e0 chaque Championnat international, \u00e7a nous am\u00e8ne forc\u00e9ment \u00e0 nous poser des questions. Nous avions choisi de pr\u00e9parer ce Championnat, notamment pour les cat\u00e9gories jeunes, \u00e0 Montpellier. Les coureurs l\u2019ont d\u2019ailleurs soulign\u00e9 : pouvoir s\u2019entra\u00eener sp\u00e9cifiquement dans le sable a \u00e9t\u00e9 une vraie chance, car ils ont ressenti la diff\u00e9rence. Nous avions imagin\u00e9, depuis un an, une manche de Coupe de France dans le sable, mais \u00e7a n\u2019a pas pu se concr\u00e9tiser. Nous avons donc transf\u00e9r\u00e9 cette id\u00e9e sur un stage de pr\u00e9paration. Certains coureurs manquent encore d\u2019exp\u00e9rience sur ce type de circuit, mais on constate malgr\u00e9 tout une belle progression depuis plusieurs ann\u00e9es.<\/p>\n<p><strong>Il y a eu quelques incidents pour certains attendus&#8230;<\/strong><br \/>Nous avons connu quelques al\u00e9as de course. Par exemple, Soren (Bruy\u00e8re Joumard) a \u00e9t\u00e9 pris dans une chute d\u00e8s le deuxi\u00e8me virage et a d\u00fb repartir presque dernier. Chez les Juniors, la plupart ont d\u00fb faire des courses de remont\u00e9e car ils avaient peu de points UCI. Malgr\u00e9 \u00e7a, ils sont plusieurs \u00e0 avoir tr\u00e8s bien couru, ce qui est d\u2019autant plus remarquable sur un parcours souvent en monotrace. Chez les Juniors filles, que ce soit Lucie (Elizalde) ou Laly (Pichon), elles ont r\u00e9alis\u00e9 un tr\u00e8s beau Championnat d\u2019Europe, ce qui est rassurant. Nous avons Lise Revol et Z\u00e9lie Lambert qui poursuivent leur pr\u00e9paration avec leur entra\u00eeneur. On a choisi de reprendre \u00e0 Quelneuc le week-end prochain, en vue de l\u2019objectif majeur de la saison, \u00e0 savoir le Mondial.<\/p>\n<p><strong>\u00ab CETTE G\u00c9N\u00c9RATION MONTE EN PUISSANCE \u00bb<\/strong><\/p>\n<p><strong>Chez les Elites Femmes, il y a eu de beaux r\u00e9sultats&#8230;<\/strong><br \/>Amandine (Fouquenet) et H\u00e9l\u00e8ne (Clauzel) terminent 5e et 6e, ce qui reste satisfaisant. Certes, elles sont encore un peu loin du podium, mais elles progressent petit \u00e0 petit. Elles ont fait le choix de courir davantage en Belgique cet hiver, au contact des meilleures N\u00e9erlandaises. Je suis convaincu que \u00e7a finira par payer.<\/p>\n<p><strong>Les Espoirs Hommes ont d\u00e9croch\u00e9 des places d&rsquo;honneur eux aussi, malgr\u00e9 l\u00e0 aussi des soucis pour Aubin Sparfel&#8230;<\/strong><br \/>En Espoirs, la cat\u00e9gorie est tr\u00e8s dense. On a trois Fran\u00e7ais dans le top 10. Il y a quelques ann\u00e9es, on n&rsquo;en avait m\u00eame pas un seul ! \u00c7a montre le niveau de progr\u00e8s. Romain Debord a pass\u00e9 un vrai cap cet hiver, son travail paie. Alexis David revient dans le jeu, et quand L\u00e9o Bisiaux sera de retour, on aura encore une belle carte \u00e0 jouer. Quant \u00e0 Aubin (Sparfel), il \u00e9tait en t\u00eate \u00e0 l\u2019entame du dernier tour. Il lui manque encore un peu d\u2019exp\u00e9rience et de maturit\u00e9, mais ce sont des coureurs jeunes qui vont continuer \u00e0 se construire. Globalement, ce Championnat comporte beaucoup de satisfactions.<\/p>\n<p><strong>Comme chez les Espoirs Femmes, avec les deux seules m\u00e9dailles tricolores !<\/strong><br \/>Je suis particuli\u00e8rement fier d\u2019Amandine Muller, qui termine 3e. Elle progresse \u00e9norm\u00e9ment et a encore deux ann\u00e9es chez les Espoirs. Avec C\u00e9lia, c\u2019est tr\u00e8s prometteur. Chaque ann\u00e9e, cette g\u00e9n\u00e9ration monte en puissance et parvient \u00e0 obtenir des r\u00e9sultats. M\u00eame si cette fois, nous n\u2019avons pas eu toute la r\u00e9ussite esp\u00e9r\u00e9e, je reste confiant pour la suite de la saison.<\/p>\n<p><strong>\u00ab JE SUIS CONFIANT \u00bb<\/strong><\/p>\n<p><strong>Quel est le programme des cat\u00e9gories jeunes dans les semaines \u00e0 venir ?<\/strong><br \/>On va d&rsquo;abord laisser passer la manche de Quelneuc, puis je finaliserai la s\u00e9lection pour Tabor et Flamanville. Le fil conducteur reste la Coupe du Monde, qui est essentielle pour obtenir de bons points en vue du Mondial. Par exemple, sur ce Championnat d\u2019Europe, nous n\u2019avions qu\u2019un seul Junior dans les quatre premi\u00e8res lignes. L\u2019objectif est d\u2019en placer beaucoup plus \u00e0 Hulst, dans toutes les cat\u00e9gories. Les deux prochains mois vont donc \u00eatre consacr\u00e9s \u00e0 cette pr\u00e9paration, jusqu\u2019au Championnat du Monde en janvier.<\/p>\n<p><strong>Il n&rsquo;y a donc pas de panique \u00e0 avoir d&rsquo;ici l\u00e0 ?<\/strong><br \/>On a toujours r\u00e9ussi \u00e0 performer sur les Mondiaux, donc je suis confiant. Ce Championnat d\u2019Europe \u00e9tait un point de passage important. Certaines choses ont d\u00e9j\u00e0 pay\u00e9, d\u2019autres paieront plus tard. Nous allons poursuivre le travail, notamment lors du stage entre Tabor et Flamanville, pour continuer \u00e0 progresser techniquement, surtout dans le sable, qui reste un point \u00e0 renforcer.<\/p>\n<p><strong>Il y a toujours un lien \u00e9troit entre toi et les entra\u00eeneurs de chaque structure, pour la bonne progression des coureurs ?<\/strong><br \/>Oui, tout \u00e0 fait. Selon les projets individuels des coureurs, les programmes varient. Par exemple, C\u00e9lia avait coup\u00e9 cet \u00e9t\u00e9, puis de nouveau une semaine apr\u00e8s le Rwanda, et elle va encore prendre quelques jours de repos. Aubin, lui, avait fait une saison plus courte sur la route et avait ensuite travaill\u00e9 sp\u00e9cifiquement avec moi dans le sable avant le Championnat d\u2019Europe. Le travail ne paie pas toujours \u00e0 court terme. Parfois, tout r\u00e9ussit, comme il y a deux ans \u00e0 Pontch\u00e2teau o\u00f9 nous \u00e9tions premiers au tableau des m\u00e9dailles. D\u2019autres fois, les r\u00e9sultats sont moins visibles imm\u00e9diatement. Mais au-del\u00e0 du bilan comptable, je regarde surtout la densit\u00e9 et la progression des coureurs. C\u2019est ce qui compte sur le long terme. Ce n\u2019est que le d\u00e9but de saison. Il faut continuer \u00e0 avancer, et nous aurons de nouveaux enseignements d\u2019ici la fin novembre, apr\u00e8s Tabor et Flamanville.<\/p>\n","protected":false},"excerpt":{"rendered":"L&rsquo;\u00e9quipe de France n&rsquo;est repartie de Middelkerke qu&rsquo;avec deux m\u00e9dailles en poche, toutes les deux obtenues dans la&hellip;\n","protected":false},"author":2,"featured_media":524430,"comment_status":"","ping_status":"","sticky":false,"template":"","format":"standard","meta":{"footnotes":""},"categories":[1411],"tags":[834,828,836,829,837,827,83,826,824,823,1154,207,814,817,815,816,822,821,832,211,839,1011,27,820,818,819,835,831,830,833,838,60,212,208,825],"class_list":{"0":"post-524429","1":"post","2":"type-post","3":"status-publish","4":"format-standard","5":"has-post-thumbnail","7":"category-cyclisme","8":"tag-attaque","9":"tag-belgique","10":"tag-braquet","11":"tag-bretagne","12":"tag-chute","13":"tag-competition","14":"tag-coupe-de-france","15":"tag-coureur","16":"tag-course-cyclisme","17":"tag-course-cycliste","18":"tag-cycling","19":"tag-cyclisme","20":"tag-direct","21":"tag-direct-velo","22":"tag-directvelo","23":"tag-directvelo-com","24":"tag-epreuve","25":"tag-epreuve-cycliste","26":"tag-federation-francaise-de-cyclisme","27":"tag-ffc","28":"tag-flandres","29":"tag-fr","30":"tag-france","31":"tag-live","32":"tag-live-course","33":"tag-live-epreuve","34":"tag-peloton","35":"tag-radio-peloton","36":"tag-radio-tour","37":"tag-ravitaillement","38":"tag-relance","39":"tag-sports","40":"tag-uci","41":"tag-velo","42":"tag-velos"},"share_on_mastodon":{"url":"https:\/\/pubeurope.com\/@fr\/115524254106885016","error":""},"_links":{"self":[{"href":"https:\/\/www.europesays.com\/fr\/wp-json\/wp\/v2\/posts\/524429","targetHints":{"allow":["GET"]}}],"collection":[{"href":"https:\/\/www.europesays.com\/fr\/wp-json\/wp\/v2\/posts"}],"about":[{"href":"https:\/\/www.europesays.com\/fr\/wp-json\/wp\/v2\/types\/post"}],"author":[{"embeddable":true,"href":"https:\/\/www.europesays.com\/fr\/wp-json\/wp\/v2\/users\/2"}],"replies":[{"embeddable":true,"href":"https:\/\/www.europesays.com\/fr\/wp-json\/wp\/v2\/comments?post=524429"}],"version-history":[{"count":0,"href":"https:\/\/www.europesays.com\/fr\/wp-json\/wp\/v2\/posts\/524429\/revisions"}],"wp:featuredmedia":[{"embeddable":true,"href":"https:\/\/www.europesays.com\/fr\/wp-json\/wp\/v2\/media\/524430"}],"wp:attachment":[{"href":"https:\/\/www.europesays.com\/fr\/wp-json\/wp\/v2\/media?parent=524429"}],"wp:term":[{"taxonomy":"category","embeddable":true,"href":"https:\/\/www.europesays.com\/fr\/wp-json\/wp\/v2\/categories?post=524429"},{"taxonomy":"post_tag","embeddable":true,"href":"https:\/\/www.europesays.com\/fr\/wp-json\/wp\/v2\/tags?post=524429"}],"curies":[{"name":"wp","href":"https:\/\/api.w.org\/{rel}","templated":true}]}}